{"id":608,"count":9,"description":"Rafaella Christina Gomes \u00e9 Mestre em Administra\u00e7\u00e3o pela PUC MG e Administradora pela UFSJ. \u00c9 especialista em Licita\u00e7\u00f5es e Contratos pela PUC PR e em Gest\u00e3o Estrat\u00e9gica em Departamento Pessoal pela PUC MG. Possui MBA em Gest\u00e3o Estrat\u00e9gica de Pessoas pela UFSJ. \u00c9 t\u00e9cnica em Seguran\u00e7a do Trabalho pelo IF Sudeste MG. \u00c9 certificada pela APMG Internacional em PPPs e Concess\u00f5es (CP3P-F) e em Licita\u00e7\u00f5es e Contratos Administrativos pela ENAP. \u00c9 Gerente Administrativa da Codemge","link":"https:\/\/radar.ibegesp.org.br\/autor\/rafaella-christina\/","name":"Rafaella Christina","slug":"rafaella-christina","taxonomy":"autor","parent":0,"meta":[],"acf":[],"yoast_head":"<!-- This site is optimized with the Yoast SEO plugin v27.2 - https:\/\/yoast.com\/product\/yoast-seo-wordpress\/ -->\n<title>Autor Rafaella Christina - Radar IB\u00ca<\/title>\n<meta name=\"description\" content=\"Radar IB\u00ca - Rafaella Christina\" \/>\n<meta name=\"robots\" content=\"index, follow, max-snippet:-1, max-image-preview:large, max-video-preview:-1\" \/>\n<link rel=\"canonical\" href=\"https:\/\/radar.ibegesp.org.br\/autor\/rafaella-christina\/\" \/>\n<meta property=\"og:locale\" content=\"pt_BR\" \/>\n<meta property=\"og:type\" content=\"article\" \/>\n<meta property=\"og:title\" content=\"Autor Rafaella Christina - Radar IB\u00ca\" \/>\n<meta property=\"og:description\" content=\"Radar IB\u00ca - Rafaella Christina\" \/>\n<meta property=\"og:url\" content=\"https:\/\/radar.ibegesp.org.br\/autor\/rafaella-christina\/\" \/>\n<meta property=\"og:site_name\" content=\"Radar IB\u00ca\" \/>\n<meta name=\"twitter:card\" content=\"summary_large_image\" \/>\n<script type=\"application\/ld+json\" class=\"yoast-schema-graph\">{\"@context\":\"https:\/\/schema.org\",\"@graph\":[{\"@type\":\"CollectionPage\",\"@id\":\"https:\/\/radar.ibegesp.org.br\/autor\/rafaella-christina\/\",\"url\":\"https:\/\/radar.ibegesp.org.br\/autor\/rafaella-christina\/\",\"name\":\"Autor Rafaella Christina - Radar IB\u00ca\",\"isPartOf\":{\"@id\":\"https:\/\/radar.ibegesp.org.br\/#website\"},\"description\":\"Radar IB\u00ca - Rafaella Christina\",\"breadcrumb\":{\"@id\":\"https:\/\/radar.ibegesp.org.br\/autor\/rafaella-christina\/#breadcrumb\"},\"inLanguage\":\"pt-BR\"},{\"@type\":\"BreadcrumbList\",\"@id\":\"https:\/\/radar.ibegesp.org.br\/autor\/rafaella-christina\/#breadcrumb\",\"itemListElement\":[{\"@type\":\"ListItem\",\"position\":1,\"name\":\"Home\",\"item\":\"https:\/\/radar.ibegesp.org.br\/\"},{\"@type\":\"ListItem\",\"position\":2,\"name\":\"Rafaella Christina\"}]},{\"@type\":\"WebSite\",\"@id\":\"https:\/\/radar.ibegesp.org.br\/#website\",\"url\":\"https:\/\/radar.ibegesp.org.br\/\",\"name\":\"Radar IB\u00ca\",\"description\":\"Contribu\u00edmos para uma gest\u00e3o p\u00fablica mais eficaz e transparente\",\"publisher\":{\"@id\":\"https:\/\/radar.ibegesp.org.br\/#organization\"},\"potentialAction\":[{\"@type\":\"SearchAction\",\"target\":{\"@type\":\"EntryPoint\",\"urlTemplate\":\"https:\/\/radar.ibegesp.org.br\/?s={search_term_string}\"},\"query-input\":{\"@type\":\"PropertyValueSpecification\",\"valueRequired\":true,\"valueName\":\"search_term_string\"}}],\"inLanguage\":\"pt-BR\"},{\"@type\":\"Organization\",\"@id\":\"https:\/\/radar.ibegesp.org.br\/#organization\",\"name\":\"Radar IB\u00ca\",\"url\":\"https:\/\/radar.ibegesp.org.br\/\",\"logo\":{\"@type\":\"ImageObject\",\"inLanguage\":\"pt-BR\",\"@id\":\"https:\/\/radar.ibegesp.org.br\/#\/schema\/logo\/image\/\",\"url\":\"https:\/\/radar.ibegesp.org.br\/wp-content\/uploads\/2021\/08\/logo-header.svg\",\"contentUrl\":\"https:\/\/radar.ibegesp.org.br\/wp-content\/uploads\/2021\/08\/logo-header.svg\",\"width\":1,\"height\":1,\"caption\":\"Radar IB\u00ca\"},\"image\":{\"@id\":\"https:\/\/radar.ibegesp.org.br\/#\/schema\/logo\/image\/\"}}]}<\/script>\n<!-- \/ Yoast SEO plugin. -->","yoast_head_json":{"title":"Autor Rafaella Christina - Radar IB\u00ca","description":"Radar IB\u00ca - Rafaella Christina","robots":{"index":"index","follow":"follow","max-snippet":"max-snippet:-1","max-image-preview":"max-image-preview:large","max-video-preview":"max-video-preview:-1"},"canonical":"https:\/\/radar.ibegesp.org.br\/autor\/rafaella-christina\/","og_locale":"pt_BR","og_type":"article","og_title":"Autor Rafaella Christina - Radar IB\u00ca","og_description":"Radar IB\u00ca - Rafaella Christina","og_url":"https:\/\/radar.ibegesp.org.br\/autor\/rafaella-christina\/","og_site_name":"Radar IB\u00ca","twitter_card":"summary_large_image","schema":{"@context":"https:\/\/schema.org","@graph":[{"@type":"CollectionPage","@id":"https:\/\/radar.ibegesp.org.br\/autor\/rafaella-christina\/","url":"https:\/\/radar.ibegesp.org.br\/autor\/rafaella-christina\/","name":"Autor Rafaella Christina - Radar IB\u00ca","isPartOf":{"@id":"https:\/\/radar.ibegesp.org.br\/#website"},"description":"Radar IB\u00ca - Rafaella Christina","breadcrumb":{"@id":"https:\/\/radar.ibegesp.org.br\/autor\/rafaella-christina\/#breadcrumb"},"inLanguage":"pt-BR"},{"@type":"BreadcrumbList","@id":"https:\/\/radar.ibegesp.org.br\/autor\/rafaella-christina\/#breadcrumb","itemListElement":[{"@type":"ListItem","position":1,"name":"Home","item":"https:\/\/radar.ibegesp.org.br\/"},{"@type":"ListItem","position":2,"name":"Rafaella Christina"}]},{"@type":"WebSite","@id":"https:\/\/radar.ibegesp.org.br\/#website","url":"https:\/\/radar.ibegesp.org.br\/","name":"Radar IB\u00ca","description":"Contribu\u00edmos para uma gest\u00e3o p\u00fablica mais eficaz e transparente","publisher":{"@id":"https:\/\/radar.ibegesp.org.br\/#organization"},"potentialAction":[{"@type":"SearchAction","target":{"@type":"EntryPoint","urlTemplate":"https:\/\/radar.ibegesp.org.br\/?s={search_term_string}"},"query-input":{"@type":"PropertyValueSpecification","valueRequired":true,"valueName":"search_term_string"}}],"inLanguage":"pt-BR"},{"@type":"Organization","@id":"https:\/\/radar.ibegesp.org.br\/#organization","name":"Radar IB\u00ca","url":"https:\/\/radar.ibegesp.org.br\/","logo":{"@type":"ImageObject","inLanguage":"pt-BR","@id":"https:\/\/radar.ibegesp.org.br\/#\/schema\/logo\/image\/","url":"https:\/\/radar.ibegesp.org.br\/wp-content\/uploads\/2021\/08\/logo-header.svg","contentUrl":"https:\/\/radar.ibegesp.org.br\/wp-content\/uploads\/2021\/08\/logo-header.svg","width":1,"height":1,"caption":"Radar IB\u00ca"},"image":{"@id":"https:\/\/radar.ibegesp.org.br\/#\/schema\/logo\/image\/"}}]}},"_links":{"self":[{"href":"https:\/\/radar.ibegesp.org.br\/api\/wp\/v2\/autor\/608","targetHints":{"allow":["GET"]}}],"collection":[{"href":"https:\/\/radar.ibegesp.org.br\/api\/wp\/v2\/autor"}],"about":[{"href":"https:\/\/radar.ibegesp.org.br\/api\/wp\/v2\/taxonomies\/autor"}],"wp:post_type":[{"href":"https:\/\/radar.ibegesp.org.br\/api\/wp\/v2\/posts?autor=608"}],"curies":[{"name":"wp","href":"https:\/\/api.w.org\/{rel}","templated":true}]}}