{"id":2856,"date":"2020-03-30T10:16:37","date_gmt":"2020-03-30T10:16:37","guid":{"rendered":"https:\/\/radar.ibegesp.org.br\/acompanhe-as-medidas-do-governo-federal-diante-da-pandemia-de-coronavirus\/"},"modified":"2024-07-02T21:04:58","modified_gmt":"2024-07-03T00:04:58","slug":"acompanhe-as-medidas-do-governo-federal-diante-da-pandemia-de-coronavirus","status":"publish","type":"post","link":"https:\/\/radar.ibegesp.org.br\/acompanhe-as-medidas-do-governo-federal-diante-da-pandemia-de-coronavirus\/","title":{"rendered":"Acompanhe as medidas do Governo Federal diante da pandemia de coronav\u00edrus"},"content":{"rendered":"\n<h2 class=\"wp-block-heading\" id=\"h-tenha-acesso-a-um-resumo-das-principais-medidas-tomadas\"><b>Tenha acesso a um resumo das principais medidas tomadas<\/b><\/h2>\n\n\n\n<p class=\"wp-block-paragraph\">Algo que j\u00e1 estava sendo abordado h\u00e1 um tempo diante do avan\u00e7o da era digital, ficou ainda mais n\u00edtido por conta da pandemia de coronav\u00edrus<strong>: o excesso de informa\u00e7\u00e3o n\u00e3o \u00e9 nada saud\u00e1vel!<\/strong> E isto \u00e9 um fato ainda mais verdadeiro para gestores p\u00fablicos, afinal como se manter antenado nas medidas governamentais \u2013 que influenciam diretamente o servi\u00e7o p\u00fablico \u2013 se novidades surgem a todo momento?&nbsp; &nbsp; &nbsp; &nbsp;<\/p>\n\n\n\n<p class=\"wp-block-paragraph\">Foi pensando nisso que o Radar IBEGESP resolveu <strong>consolidar de forma resumida as Medidas Provis\u00f3rias decretadas pelo Governo Federal <\/strong>acerca do coronav\u00edrus. No esquema abaixo, voc\u00ea ter\u00e1 acesso a uma breve linha do tempo que indica as principais mudan\u00e7as trazidas por cada uma delas. <strong>Confira<\/strong>!<\/p>\n\n\n\n<ul class=\"wp-block-list\"><li>13\/03\/2020<\/li><\/ul>\n\n\n\n<p class=\"wp-block-paragraph\"><strong>MP 924\/20:&nbsp;<\/strong>Abre cr\u00e9dito extraordin\u00e1rio, em favor dos Minist\u00e9rios da Educa\u00e7\u00e3o e da Sa\u00fade, no valor de R$ 5.099.795.979,00, para os fins que especifica.<\/p>\n\n\n\n<p class=\"wp-block-paragraph\"><strong>Principais mudan\u00e7as: <\/strong>Aumento de caixa para as \u00e1reas da Educa\u00e7\u00e3o e Sa\u00fade.<\/p>\n\n\n\n<ul class=\"wp-block-list\"><li>18\/03\/2020<\/li><\/ul>\n\n\n\n<p class=\"wp-block-paragraph\"><strong>MP 925\/20:&nbsp;<\/strong>disp\u00f5e sobre medidas emergenciais para a avia\u00e7\u00e3o civil brasileira em raz\u00e3o da pandemia da covid-19.&nbsp;&nbsp;&nbsp;&nbsp;&nbsp;&nbsp;<\/p>\n\n\n\n<p class=\"wp-block-paragraph\"><strong>Principais mudan\u00e7as: <\/strong>Estipula 12 meses como prazo de reembolso para a compra de passagens a\u00e9reas e fixa o dia 18\/12 como data final para o pagamento das contribui\u00e7\u00f5es fixas e vari\u00e1veis das concess\u00f5es dos aeroportos.<\/p>\n\n\n\n<ul class=\"wp-block-list\"><li>20\/03\/2020<\/li><\/ul>\n\n\n\n<p class=\"wp-block-paragraph\"><strong>Decreto de Calamidade P\u00fablica: <\/strong>aponta que o pa\u00eds est\u00e1 em estado de calamidade p\u00fablica at\u00e9 o dia 31\/12.<\/p>\n\n\n\n<p class=\"wp-block-paragraph\"><strong>Principais Mudan\u00e7as: <\/strong>autoriza o Governo a ultrapassar o or\u00e7amento p\u00fablico previsto na Lei de Diretrizes Or\u00e7ament\u00e1rias.<\/p>\n\n\n\n<ul class=\"wp-block-list\"><li>20\/03\/2020<\/li><\/ul>\n\n\n\n<p class=\"wp-block-paragraph\"><strong>MP 926\/20:<\/strong>&nbsp;Apresenta procedimentos para aquisi\u00e7\u00f5es destinadas ao enfrentamento da emerg\u00eancia de sa\u00fade p\u00fablica decorrente do coronav\u00edrus.&nbsp;&nbsp;&nbsp;<\/p>\n\n\n\n<p class=\"wp-block-paragraph\"><strong>Principais mudan\u00e7as: <\/strong>Extingue a licita\u00e7\u00e3o em situa\u00e7\u00f5es de emerg\u00eancia.<\/p>\n\n\n\n<ul class=\"wp-block-list\"><li>22\/03\/20<\/li><\/ul>\n\n\n\n<p class=\"wp-block-paragraph\"><strong>MP 927\/20: <\/strong>disp\u00f5e sobre as medidas trabalhistas para enfrentamento do estado de calamidade p\u00fablica reconhecido pelo Decreto Legislativo n\u00ba 6, de 20 de mar\u00e7o de 2020, e da emerg\u00eancia de sa\u00fade p\u00fablica de import\u00e2ncia internacional decorrente do coronav\u00edrus (covid-19), e d\u00e1 outras provid\u00eancias.&nbsp; &nbsp; &nbsp; &nbsp; &nbsp;<\/p>\n\n\n\n<p class=\"wp-block-paragraph\"><strong>Principais mudan\u00e7as: <\/strong>permite a suspens\u00e3o de 4 meses de sal\u00e1rio e versa sobre o teletrabalho e a antecipa\u00e7\u00e3o de f\u00e9rias.<\/p>\n\n\n\n<ul class=\"wp-block-list\"><li>23\/03\/20<\/li><\/ul>\n\n\n\n<p class=\"wp-block-paragraph\"><strong>MP 928\/20:<\/strong>&nbsp;altera a Lei n\u00ba 13.979, de 6 de fevereiro de 2020, que disp\u00f5e sobre as medidas para enfrentamento da emerg\u00eancia de sa\u00fade p\u00fablica de import\u00e2ncia internacional decorrente do coronav\u00edrus respons\u00e1vel pelo surto de 2019, e revoga o art. 18 da Medida Provis\u00f3ria n\u00ba 927, de 22 de mar\u00e7o de 2020.<\/p>\n\n\n\n<p class=\"wp-block-paragraph\"><strong>Principais mudan\u00e7as: <\/strong>suspende artigo que permitia a suspens\u00e3o de 4 meses de sal\u00e1rio e modifica regras da Lei de Acesso \u00e0 Informa\u00e7\u00e3o.<\/p>\n\n\n\n<p class=\"wp-block-paragraph\">Confira agora as medidas estaduais de <ins><a href=\"https:\/\/radar.ibegesp.org.br\/blog\/como-os-estados-brasileiros-estao-reagindo-ao-coronavirus\/240\" target=\"_blank\" rel=\"noopener\"><em><strong>Bahia, Rio de Janeiro, Roraima e S\u00e3o Paulo<\/strong><\/em><\/a><\/ins>!<\/p>\n","protected":false},"excerpt":{"rendered":"<p>Tenha acesso a um resumo das principais medidas tomadas Algo que j\u00e1 estava sendo abordado h\u00e1 um tempo diante do avan\u00e7o da era digital, ficou ainda mais n\u00edtido por conta da pandemia de coronav\u00edrus: o excesso de informa\u00e7\u00e3o n\u00e3o \u00e9 nada saud\u00e1vel! E isto \u00e9 um fato ainda mais verdadeiro para gestores p\u00fablicos, afinal como [&hellip;]<\/p>\n","protected":false},"author":9,"featured_media":3509,"comment_status":"closed","ping_status":"closed","sticky":false,"template":"","format":"standard","meta":{"_acf_changed":false,"_crdt_document":"","inline_featured_image":false,"footnotes":""},"categories":[20],"tags":[44,21],"formato":[4],"autor":[11],"class_list":["post-2856","post","type-post","status-publish","format-standard","has-post-thumbnail","hentry","category-inovacao-e-boas-praticas","tag-governanca","tag-materias","formato-artigos","autor-marina-macedo-rego"],"acf":[],"yoast_head":"<!-- This site is optimized with the Yoast SEO plugin v27.2 - https:\/\/yoast.com\/product\/yoast-seo-wordpress\/ -->\n<title>Acompanhe as medidas do Governo Federal diante da pandemia de coronav\u00edrus - Radar IB\u00ca<\/title>\n<meta name=\"description\" content=\"Radar IB\u00ca - Acompanhe as medidas do Governo Federal diante da pandemia de coronav\u00edrus\" \/>\n<meta name=\"robots\" content=\"index, follow, max-snippet:-1, max-image-preview:large, max-video-preview:-1\" \/>\n<link rel=\"canonical\" href=\"https:\/\/radar.ibegesp.org.br\/acompanhe-as-medidas-do-governo-federal-diante-da-pandemia-de-coronavirus\/\" \/>\n<meta property=\"og:locale\" content=\"pt_BR\" \/>\n<meta property=\"og:type\" content=\"article\" \/>\n<meta property=\"og:title\" content=\"Acompanhe as medidas do Governo Federal diante da pandemia de coronav\u00edrus - Radar IB\u00ca\" \/>\n<meta property=\"og:description\" content=\"Radar IB\u00ca - Acompanhe as medidas do Governo Federal diante da pandemia de coronav\u00edrus\" \/>\n<meta property=\"og:url\" content=\"https:\/\/radar.ibegesp.org.br\/acompanhe-as-medidas-do-governo-federal-diante-da-pandemia-de-coronavirus\/\" \/>\n<meta property=\"og:site_name\" content=\"Radar IB\u00ca\" \/>\n<meta property=\"article:published_time\" content=\"2020-03-30T10:16:37+00:00\" \/>\n<meta property=\"article:modified_time\" content=\"2024-07-03T00:04:58+00:00\" \/>\n<meta property=\"og:image\" content=\"https:\/\/radar.ibegesp.org.br\/wp-content\/uploads\/2020\/03\/face-mask-4986596_1280.jpg\" \/>\n\t<meta property=\"og:image:width\" content=\"1280\" \/>\n\t<meta property=\"og:image:height\" content=\"853\" \/>\n\t<meta property=\"og:image:type\" content=\"image\/jpeg\" \/>\n<meta name=\"author\" content=\"Ibegesp Website\" \/>\n<meta name=\"twitter:card\" content=\"summary_large_image\" \/>\n<meta name=\"twitter:label1\" content=\"Escrito por\" \/>\n\t<meta name=\"twitter:data1\" content=\"Ibegesp Website\" \/>\n\t<meta name=\"twitter:label2\" content=\"Est. tempo de leitura\" \/>\n\t<meta name=\"twitter:data2\" content=\"2 minutos\" \/>\n<script type=\"application\/ld+json\" class=\"yoast-schema-graph\">{\"@context\":\"https:\/\/schema.org\",\"@graph\":[{\"@type\":\"Article\",\"@id\":\"https:\/\/radar.ibegesp.org.br\/acompanhe-as-medidas-do-governo-federal-diante-da-pandemia-de-coronavirus\/#article\",\"isPartOf\":{\"@id\":\"https:\/\/radar.ibegesp.org.br\/acompanhe-as-medidas-do-governo-federal-diante-da-pandemia-de-coronavirus\/\"},\"author\":{\"name\":\"Ibegesp Website\",\"@id\":\"https:\/\/radar.ibegesp.org.br\/#\/schema\/person\/dd527130e632a5336dd8be5668566fd9\"},\"headline\":\"Acompanhe as medidas do Governo Federal diante da pandemia de coronav\u00edrus\",\"datePublished\":\"2020-03-30T10:16:37+00:00\",\"dateModified\":\"2024-07-03T00:04:58+00:00\",\"mainEntityOfPage\":{\"@id\":\"https:\/\/radar.ibegesp.org.br\/acompanhe-as-medidas-do-governo-federal-diante-da-pandemia-de-coronavirus\/\"},\"wordCount\":499,\"publisher\":{\"@id\":\"https:\/\/radar.ibegesp.org.br\/#organization\"},\"image\":{\"@id\":\"https:\/\/radar.ibegesp.org.br\/acompanhe-as-medidas-do-governo-federal-diante-da-pandemia-de-coronavirus\/#primaryimage\"},\"thumbnailUrl\":\"https:\/\/radar.ibegesp.org.br\/wp-content\/uploads\/2020\/03\/face-mask-4986596_1280.jpg\",\"keywords\":[\"Governan\u00e7a\",\"Mat\u00e9rias\"],\"articleSection\":[\"Inova\u00e7\u00e3o e Boas Pr\u00e1ticas\"],\"inLanguage\":\"pt-BR\"},{\"@type\":\"WebPage\",\"@id\":\"https:\/\/radar.ibegesp.org.br\/acompanhe-as-medidas-do-governo-federal-diante-da-pandemia-de-coronavirus\/\",\"url\":\"https:\/\/radar.ibegesp.org.br\/acompanhe-as-medidas-do-governo-federal-diante-da-pandemia-de-coronavirus\/\",\"name\":\"Acompanhe as medidas do Governo Federal diante da pandemia de coronav\u00edrus - Radar IB\u00ca\",\"isPartOf\":{\"@id\":\"https:\/\/radar.ibegesp.org.br\/#website\"},\"primaryImageOfPage\":{\"@id\":\"https:\/\/radar.ibegesp.org.br\/acompanhe-as-medidas-do-governo-federal-diante-da-pandemia-de-coronavirus\/#primaryimage\"},\"image\":{\"@id\":\"https:\/\/radar.ibegesp.org.br\/acompanhe-as-medidas-do-governo-federal-diante-da-pandemia-de-coronavirus\/#primaryimage\"},\"thumbnailUrl\":\"https:\/\/radar.ibegesp.org.br\/wp-content\/uploads\/2020\/03\/face-mask-4986596_1280.jpg\",\"datePublished\":\"2020-03-30T10:16:37+00:00\",\"dateModified\":\"2024-07-03T00:04:58+00:00\",\"description\":\"Radar IB\u00ca - Acompanhe as medidas do Governo Federal diante da pandemia de coronav\u00edrus\",\"breadcrumb\":{\"@id\":\"https:\/\/radar.ibegesp.org.br\/acompanhe-as-medidas-do-governo-federal-diante-da-pandemia-de-coronavirus\/#breadcrumb\"},\"inLanguage\":\"pt-BR\",\"potentialAction\":[{\"@type\":\"ReadAction\",\"target\":[\"https:\/\/radar.ibegesp.org.br\/acompanhe-as-medidas-do-governo-federal-diante-da-pandemia-de-coronavirus\/\"]}]},{\"@type\":\"ImageObject\",\"inLanguage\":\"pt-BR\",\"@id\":\"https:\/\/radar.ibegesp.org.br\/acompanhe-as-medidas-do-governo-federal-diante-da-pandemia-de-coronavirus\/#primaryimage\",\"url\":\"https:\/\/radar.ibegesp.org.br\/wp-content\/uploads\/2020\/03\/face-mask-4986596_1280.jpg\",\"contentUrl\":\"https:\/\/radar.ibegesp.org.br\/wp-content\/uploads\/2020\/03\/face-mask-4986596_1280.jpg\",\"width\":1280,\"height\":853},{\"@type\":\"BreadcrumbList\",\"@id\":\"https:\/\/radar.ibegesp.org.br\/acompanhe-as-medidas-do-governo-federal-diante-da-pandemia-de-coronavirus\/#breadcrumb\",\"itemListElement\":[{\"@type\":\"ListItem\",\"position\":1,\"name\":\"Home\",\"item\":\"https:\/\/radar.ibegesp.org.br\/\"},{\"@type\":\"ListItem\",\"position\":2,\"name\":\"Acompanhe as medidas do Governo Federal diante da pandemia de coronav\u00edrus\"}]},{\"@type\":\"WebSite\",\"@id\":\"https:\/\/radar.ibegesp.org.br\/#website\",\"url\":\"https:\/\/radar.ibegesp.org.br\/\",\"name\":\"Radar IB\u00ca\",\"description\":\"Contribu\u00edmos para uma gest\u00e3o p\u00fablica mais eficaz e transparente\",\"publisher\":{\"@id\":\"https:\/\/radar.ibegesp.org.br\/#organization\"},\"potentialAction\":[{\"@type\":\"SearchAction\",\"target\":{\"@type\":\"EntryPoint\",\"urlTemplate\":\"https:\/\/radar.ibegesp.org.br\/?s={search_term_string}\"},\"query-input\":{\"@type\":\"PropertyValueSpecification\",\"valueRequired\":true,\"valueName\":\"search_term_string\"}}],\"inLanguage\":\"pt-BR\"},{\"@type\":\"Organization\",\"@id\":\"https:\/\/radar.ibegesp.org.br\/#organization\",\"name\":\"Radar IB\u00ca\",\"url\":\"https:\/\/radar.ibegesp.org.br\/\",\"logo\":{\"@type\":\"ImageObject\",\"inLanguage\":\"pt-BR\",\"@id\":\"https:\/\/radar.ibegesp.org.br\/#\/schema\/logo\/image\/\",\"url\":\"https:\/\/radar.ibegesp.org.br\/wp-content\/uploads\/2021\/08\/logo-header.svg\",\"contentUrl\":\"https:\/\/radar.ibegesp.org.br\/wp-content\/uploads\/2021\/08\/logo-header.svg\",\"width\":1,\"height\":1,\"caption\":\"Radar IB\u00ca\"},\"image\":{\"@id\":\"https:\/\/radar.ibegesp.org.br\/#\/schema\/logo\/image\/\"}},{\"@type\":\"Person\",\"@id\":\"https:\/\/radar.ibegesp.org.br\/#\/schema\/person\/dd527130e632a5336dd8be5668566fd9\",\"name\":\"Ibegesp Website\",\"image\":{\"@type\":\"ImageObject\",\"inLanguage\":\"pt-BR\",\"@id\":\"https:\/\/secure.gravatar.com\/avatar\/7501c0099e9abfb9777c025997bc64a9e3f1a09167e37e79a15cd51bcf533ed0?s=96&d=mm&r=g\",\"url\":\"https:\/\/secure.gravatar.com\/avatar\/7501c0099e9abfb9777c025997bc64a9e3f1a09167e37e79a15cd51bcf533ed0?s=96&d=mm&r=g\",\"contentUrl\":\"https:\/\/secure.gravatar.com\/avatar\/7501c0099e9abfb9777c025997bc64a9e3f1a09167e37e79a15cd51bcf533ed0?s=96&d=mm&r=g\",\"caption\":\"Ibegesp Website\"},\"url\":\"https:\/\/radar.ibegesp.org.br\/author\/infra_infoibegesp-org-br\/\"}]}<\/script>\n<!-- \/ Yoast SEO plugin. -->","yoast_head_json":{"title":"Acompanhe as medidas do Governo Federal diante da pandemia de coronav\u00edrus - Radar IB\u00ca","description":"Radar IB\u00ca - Acompanhe as medidas do Governo Federal diante da pandemia de coronav\u00edrus","robots":{"index":"index","follow":"follow","max-snippet":"max-snippet:-1","max-image-preview":"max-image-preview:large","max-video-preview":"max-video-preview:-1"},"canonical":"https:\/\/radar.ibegesp.org.br\/acompanhe-as-medidas-do-governo-federal-diante-da-pandemia-de-coronavirus\/","og_locale":"pt_BR","og_type":"article","og_title":"Acompanhe as medidas do Governo Federal diante da pandemia de coronav\u00edrus - Radar IB\u00ca","og_description":"Radar IB\u00ca - Acompanhe as medidas do Governo Federal diante da pandemia de coronav\u00edrus","og_url":"https:\/\/radar.ibegesp.org.br\/acompanhe-as-medidas-do-governo-federal-diante-da-pandemia-de-coronavirus\/","og_site_name":"Radar IB\u00ca","article_published_time":"2020-03-30T10:16:37+00:00","article_modified_time":"2024-07-03T00:04:58+00:00","og_image":[{"width":1280,"height":853,"url":"https:\/\/radar.ibegesp.org.br\/wp-content\/uploads\/2020\/03\/face-mask-4986596_1280.jpg","type":"image\/jpeg"}],"author":"Ibegesp Website","twitter_card":"summary_large_image","twitter_misc":{"Escrito por":"Ibegesp Website","Est. tempo de leitura":"2 minutos"},"schema":{"@context":"https:\/\/schema.org","@graph":[{"@type":"Article","@id":"https:\/\/radar.ibegesp.org.br\/acompanhe-as-medidas-do-governo-federal-diante-da-pandemia-de-coronavirus\/#article","isPartOf":{"@id":"https:\/\/radar.ibegesp.org.br\/acompanhe-as-medidas-do-governo-federal-diante-da-pandemia-de-coronavirus\/"},"author":{"name":"Ibegesp Website","@id":"https:\/\/radar.ibegesp.org.br\/#\/schema\/person\/dd527130e632a5336dd8be5668566fd9"},"headline":"Acompanhe as medidas do Governo Federal diante da pandemia de coronav\u00edrus","datePublished":"2020-03-30T10:16:37+00:00","dateModified":"2024-07-03T00:04:58+00:00","mainEntityOfPage":{"@id":"https:\/\/radar.ibegesp.org.br\/acompanhe-as-medidas-do-governo-federal-diante-da-pandemia-de-coronavirus\/"},"wordCount":499,"publisher":{"@id":"https:\/\/radar.ibegesp.org.br\/#organization"},"image":{"@id":"https:\/\/radar.ibegesp.org.br\/acompanhe-as-medidas-do-governo-federal-diante-da-pandemia-de-coronavirus\/#primaryimage"},"thumbnailUrl":"https:\/\/radar.ibegesp.org.br\/wp-content\/uploads\/2020\/03\/face-mask-4986596_1280.jpg","keywords":["Governan\u00e7a","Mat\u00e9rias"],"articleSection":["Inova\u00e7\u00e3o e Boas Pr\u00e1ticas"],"inLanguage":"pt-BR"},{"@type":"WebPage","@id":"https:\/\/radar.ibegesp.org.br\/acompanhe-as-medidas-do-governo-federal-diante-da-pandemia-de-coronavirus\/","url":"https:\/\/radar.ibegesp.org.br\/acompanhe-as-medidas-do-governo-federal-diante-da-pandemia-de-coronavirus\/","name":"Acompanhe as medidas do Governo Federal diante da pandemia de coronav\u00edrus - Radar IB\u00ca","isPartOf":{"@id":"https:\/\/radar.ibegesp.org.br\/#website"},"primaryImageOfPage":{"@id":"https:\/\/radar.ibegesp.org.br\/acompanhe-as-medidas-do-governo-federal-diante-da-pandemia-de-coronavirus\/#primaryimage"},"image":{"@id":"https:\/\/radar.ibegesp.org.br\/acompanhe-as-medidas-do-governo-federal-diante-da-pandemia-de-coronavirus\/#primaryimage"},"thumbnailUrl":"https:\/\/radar.ibegesp.org.br\/wp-content\/uploads\/2020\/03\/face-mask-4986596_1280.jpg","datePublished":"2020-03-30T10:16:37+00:00","dateModified":"2024-07-03T00:04:58+00:00","description":"Radar IB\u00ca - Acompanhe as medidas do Governo Federal diante da pandemia de coronav\u00edrus","breadcrumb":{"@id":"https:\/\/radar.ibegesp.org.br\/acompanhe-as-medidas-do-governo-federal-diante-da-pandemia-de-coronavirus\/#breadcrumb"},"inLanguage":"pt-BR","potentialAction":[{"@type":"ReadAction","target":["https:\/\/radar.ibegesp.org.br\/acompanhe-as-medidas-do-governo-federal-diante-da-pandemia-de-coronavirus\/"]}]},{"@type":"ImageObject","inLanguage":"pt-BR","@id":"https:\/\/radar.ibegesp.org.br\/acompanhe-as-medidas-do-governo-federal-diante-da-pandemia-de-coronavirus\/#primaryimage","url":"https:\/\/radar.ibegesp.org.br\/wp-content\/uploads\/2020\/03\/face-mask-4986596_1280.jpg","contentUrl":"https:\/\/radar.ibegesp.org.br\/wp-content\/uploads\/2020\/03\/face-mask-4986596_1280.jpg","width":1280,"height":853},{"@type":"BreadcrumbList","@id":"https:\/\/radar.ibegesp.org.br\/acompanhe-as-medidas-do-governo-federal-diante-da-pandemia-de-coronavirus\/#breadcrumb","itemListElement":[{"@type":"ListItem","position":1,"name":"Home","item":"https:\/\/radar.ibegesp.org.br\/"},{"@type":"ListItem","position":2,"name":"Acompanhe as medidas do Governo Federal diante da pandemia de coronav\u00edrus"}]},{"@type":"WebSite","@id":"https:\/\/radar.ibegesp.org.br\/#website","url":"https:\/\/radar.ibegesp.org.br\/","name":"Radar IB\u00ca","description":"Contribu\u00edmos para uma gest\u00e3o p\u00fablica mais eficaz e transparente","publisher":{"@id":"https:\/\/radar.ibegesp.org.br\/#organization"},"potentialAction":[{"@type":"SearchAction","target":{"@type":"EntryPoint","urlTemplate":"https:\/\/radar.ibegesp.org.br\/?s={search_term_string}"},"query-input":{"@type":"PropertyValueSpecification","valueRequired":true,"valueName":"search_term_string"}}],"inLanguage":"pt-BR"},{"@type":"Organization","@id":"https:\/\/radar.ibegesp.org.br\/#organization","name":"Radar IB\u00ca","url":"https:\/\/radar.ibegesp.org.br\/","logo":{"@type":"ImageObject","inLanguage":"pt-BR","@id":"https:\/\/radar.ibegesp.org.br\/#\/schema\/logo\/image\/","url":"https:\/\/radar.ibegesp.org.br\/wp-content\/uploads\/2021\/08\/logo-header.svg","contentUrl":"https:\/\/radar.ibegesp.org.br\/wp-content\/uploads\/2021\/08\/logo-header.svg","width":1,"height":1,"caption":"Radar IB\u00ca"},"image":{"@id":"https:\/\/radar.ibegesp.org.br\/#\/schema\/logo\/image\/"}},{"@type":"Person","@id":"https:\/\/radar.ibegesp.org.br\/#\/schema\/person\/dd527130e632a5336dd8be5668566fd9","name":"Ibegesp Website","image":{"@type":"ImageObject","inLanguage":"pt-BR","@id":"https:\/\/secure.gravatar.com\/avatar\/7501c0099e9abfb9777c025997bc64a9e3f1a09167e37e79a15cd51bcf533ed0?s=96&d=mm&r=g","url":"https:\/\/secure.gravatar.com\/avatar\/7501c0099e9abfb9777c025997bc64a9e3f1a09167e37e79a15cd51bcf533ed0?s=96&d=mm&r=g","contentUrl":"https:\/\/secure.gravatar.com\/avatar\/7501c0099e9abfb9777c025997bc64a9e3f1a09167e37e79a15cd51bcf533ed0?s=96&d=mm&r=g","caption":"Ibegesp Website"},"url":"https:\/\/radar.ibegesp.org.br\/author\/infra_infoibegesp-org-br\/"}]}},"jetpack_featured_media_url":"https:\/\/radar.ibegesp.org.br\/wp-content\/uploads\/2020\/03\/face-mask-4986596_1280.jpg","_links":{"self":[{"href":"https:\/\/radar.ibegesp.org.br\/api\/wp\/v2\/posts\/2856","targetHints":{"allow":["GET"]}}],"collection":[{"href":"https:\/\/radar.ibegesp.org.br\/api\/wp\/v2\/posts"}],"about":[{"href":"https:\/\/radar.ibegesp.org.br\/api\/wp\/v2\/types\/post"}],"author":[{"embeddable":true,"href":"https:\/\/radar.ibegesp.org.br\/api\/wp\/v2\/users\/9"}],"replies":[{"embeddable":true,"href":"https:\/\/radar.ibegesp.org.br\/api\/wp\/v2\/comments?post=2856"}],"version-history":[{"count":0,"href":"https:\/\/radar.ibegesp.org.br\/api\/wp\/v2\/posts\/2856\/revisions"}],"wp:featuredmedia":[{"embeddable":true,"href":"https:\/\/radar.ibegesp.org.br\/api\/wp\/v2\/media\/3509"}],"wp:attachment":[{"href":"https:\/\/radar.ibegesp.org.br\/api\/wp\/v2\/media?parent=2856"}],"wp:term":[{"taxonomy":"category","embeddable":true,"href":"https:\/\/radar.ibegesp.org.br\/api\/wp\/v2\/categories?post=2856"},{"taxonomy":"post_tag","embeddable":true,"href":"https:\/\/radar.ibegesp.org.br\/api\/wp\/v2\/tags?post=2856"},{"taxonomy":"formato","embeddable":true,"href":"https:\/\/radar.ibegesp.org.br\/api\/wp\/v2\/formato?post=2856"},{"taxonomy":"autor","embeddable":true,"href":"https:\/\/radar.ibegesp.org.br\/api\/wp\/v2\/autor?post=2856"}],"curies":[{"name":"wp","href":"https:\/\/api.w.org\/{rel}","templated":true}]}}