{"id":2858,"date":"2020-04-01T10:34:14","date_gmt":"2020-04-01T10:34:14","guid":{"rendered":"https:\/\/radar.ibegesp.org.br\/como-os-estados-brasileiros-estao-reagindo-ao-coronavirus\/"},"modified":"2024-07-02T21:04:58","modified_gmt":"2024-07-03T00:04:58","slug":"como-os-estados-brasileiros-estao-reagindo-ao-coronavirus","status":"publish","type":"post","link":"https:\/\/radar.ibegesp.org.br\/como-os-estados-brasileiros-estao-reagindo-ao-coronavirus\/","title":{"rendered":"Como os estados brasileiros est\u00e3o reagindo ao coronav\u00edrus?"},"content":{"rendered":"\n<h2 class=\"wp-block-heading\" id=\"h-veja-os-exemplos-de-sp-rio-bahia-e-roraima\"><b>Veja os exemplos de SP, Rio, Bahia e Roraima<\/b><\/h2>\n\n\n\n<p class=\"wp-block-paragraph\"><strong>VIS\u00c3O GERAL<\/strong><\/p>\n\n\n\n<p class=\"wp-block-paragraph\">A reda\u00e7\u00e3o do Radar IBEGESP j\u00e1 falou em outras publica\u00e7\u00f5es sobre a <strong>dificuldade causada pelo excesso de informa\u00e7\u00e3o<\/strong>. Diante deste mal da era digital, acreditamos que \u00e9 essencial <strong>consolidar dados de forma resumida<\/strong> para que os gestores p\u00fablicos possam entender as mudan\u00e7as legislativas causadas pela pandemia de coronav\u00edrus. Foi com esta miss\u00e3o, inclusive, que criamos uma <ins><em><a href=\"https:\/\/radar.ibegesp.org.br\/acompanhe-as-medidas-do-governo-federal-diante-da-pandemia-de-coronavirus\/\" target=\"_blank\" rel=\"noreferrer noopener\"><strong>linha do tempo<\/strong> sobre as principais medidas tomadas pelo Governo Federal<\/a><\/em>.<\/ins><\/p>\n\n\n\n<p class=\"wp-block-paragraph\">Agora, com este texto, queremos te apresentar quais medidas <strong>4&nbsp;estados<\/strong> brasileiros est\u00e3o tomando para enfrentar o covid-19: <strong>Bahia, Rio de Janeiro, Roraima e S\u00e3o Paulo<\/strong>. No artigo voc\u00ea poder\u00e1 conferir o que de fato est\u00e1 acontecendo em cada um destes locais e entender o que cada cidad\u00e3o e gestor deve seguir. <strong>Confira<\/strong>!<\/p>\n\n\n\n<p class=\"wp-block-paragraph\"><strong>S\u00c3O PAULO<\/strong><\/p>\n\n\n\n<p class=\"wp-block-paragraph\">S\u00e3o Paulo enfrenta uma dif\u00edcil situa\u00e7\u00e3o: a capital paulista \u00e9 o <strong>epicentro<\/strong> do cont\u00e1gio por coronav\u00edrus. Por este motivo, <strong>o isolamento socia<\/strong>l \u2013 recomendado pela Organiza\u00e7\u00e3o Mundial de Sa\u00fade (OMS) \u2013 se fez necess\u00e1rio na maior metr\u00f3pole brasileira. <strong>Confira outras medidas tomadas pelo estado!<\/strong><\/p>\n\n\n\n<p class=\"wp-block-paragraph\">&#8211; Decreta\u00e7\u00e3o de <strong>estado de calamidade p\u00fablica<\/strong>;<\/p>\n\n\n\n<p class=\"wp-block-paragraph\">&#8211; Suspens\u00e3o de servi\u00e7os presenciais que n\u00e3o sejam essenciais;<\/p>\n\n\n\n<p class=\"wp-block-paragraph\"><strong>&#8211; Fechamento das escolas<\/strong>;<\/p>\n\n\n\n<p class=\"wp-block-paragraph\">&#8211; Obriga\u00e7\u00e3o de teletrabalho para funcion\u00e1rios p\u00fablicos acima de 60 anos (exceto os que atuam na Sa\u00fade e na Seguran\u00e7a P\u00fablica;<\/p>\n\n\n\n<p class=\"wp-block-paragraph\">&#8211; Decreta\u00e7\u00e3o de f\u00e9rias aos servidores p\u00fablicos, quando poss\u00edvel;<\/p>\n\n\n\n<p class=\"wp-block-paragraph\"><strong>&#8211; Suspens\u00e3o de cultos e eventos religiosos<\/strong>.<\/p>\n\n\n\n<p class=\"wp-block-paragraph\"><strong>Principais medidas econ\u00f4micas: <\/strong>O estado liberou <strong>R$500 milh\u00f5es para aquecimento da economia<\/strong>. Para al\u00e9m disso, suspendeu a tarifa de \u00e1gua para 506 mil fam\u00edlias carentes e o protesto de d\u00edvidas por 90 dias. A partir de 25\/03, os 700 mil alunos da rede p\u00fablica de ensino que vivem em situa\u00e7\u00e3o de extrema pobreza passar\u00e3o a receber <strong>R$55 de aux\u00edlio para compra de alimentos.<\/strong><\/p>\n\n\n\n<p class=\"wp-block-paragraph\"><strong>Principais limita\u00e7\u00f5es: <\/strong>Impossibilidade de ades\u00e3o ao isolamento por parte de parcela da popula\u00e7\u00e3o que se v\u00ea sem condi\u00e7\u00f5es econ\u00f4micas e perspectiva de <strong>renda b\u00e1sica<\/strong>. <strong>Falta de \u00e1gua e saneamento<\/strong> em localidades vulner\u00e1veis, o que agrava criticamente as condi\u00e7\u00f5es de higiene. Escassez de medidas para prote\u00e7\u00e3o de grupos sociais em condi\u00e7\u00f5es de vulnerabilidade, em especial as que vivem em <strong>situa\u00e7\u00e3o de rua<\/strong>.<\/p>\n\n\n\n<p class=\"wp-block-paragraph\"><strong>RIO DE JANEIRO<\/strong><\/p>\n\n\n\n<p class=\"wp-block-paragraph\">O Rio de Janeiro \u00e9 o <strong>segundo estado mais afetado<\/strong> pelo coronav\u00edrus. Por este motivo, tem tomado medidas para implantar o isolamento social. Confira as principais delas!<\/p>\n\n\n\n<p class=\"wp-block-paragraph\">&#8211; Decreta\u00e7\u00e3o de estado de calamidade p\u00fablica;<\/p>\n\n\n\n<p class=\"wp-block-paragraph\">&#8211; Suspens\u00e3o de eventos e atividades com presen\u00e7a de p\u00fablico;<\/p>\n\n\n\n<p class=\"wp-block-paragraph\"><strong>&#8211; Fechamento das escolas<\/strong>;<\/p>\n\n\n\n<p class=\"wp-block-paragraph\">&#8211; Restri\u00e7\u00e3o no funcionamento de bares, restaurantes e lanchonetes;<\/p>\n\n\n\n<p class=\"wp-block-paragraph\">&#8211; Prefer\u00eancia pelo teletrabalho por parte dos servidores;<\/p>\n\n\n\n<p class=\"wp-block-paragraph\"><strong>&#8211; Suspens\u00e3o total ou parcial das f\u00e9rias<\/strong> de servidores da \u00e1rea da sa\u00fade.<\/p>\n\n\n\n<p class=\"wp-block-paragraph\"><strong>Principais medidas econ\u00f4micas: <\/strong>Mutir\u00e3o humanit\u00e1rio para a distribui\u00e7\u00e3o de <strong>cestas b\u00e1sicas<\/strong> com aporte de R$100 milh\u00f5es do estado. Est\u00e3o sendo estudadas as possibilidades de suspens\u00e3o das contas de \u00e1gua, luz, telefone e g\u00e1s.<\/p>\n\n\n\n<p class=\"wp-block-paragraph\"><strong>Principais limita\u00e7\u00f5es: <\/strong>Similares as de S\u00e3o Paulo.&nbsp;<\/p>\n\n\n\n<p class=\"wp-block-paragraph\"><strong>BAHIA<\/strong><\/p>\n\n\n\n<p class=\"wp-block-paragraph\">A Bahia foi um dos estados pioneiros da regi\u00e3o nordeste a adotar medidas de <strong>isolamento social<\/strong> por conta da pandemia de coronav\u00edrus. Confira as principais delas!<\/p>\n\n\n\n<p class=\"wp-block-paragraph\">&#8211; Decreta\u00e7\u00e3o do estado de calamidade p\u00fablica;<\/p>\n\n\n\n<p class=\"wp-block-paragraph\">&#8211; Suspens\u00e3o de eventos com mais de 50 participantes;<\/p>\n\n\n\n<p class=\"wp-block-paragraph\"><strong>&#8211; Intensifica\u00e7\u00e3o da higieniza\u00e7\u00e3o do transporte p\u00fablico<\/strong>;<\/p>\n\n\n\n<p class=\"wp-block-paragraph\">&#8211; Trabalho remoto para servidores com mais de 60 anos que n\u00e3o exer\u00e7am servi\u00e7os indispens\u00e1veis.<\/p>\n\n\n\n<p class=\"wp-block-paragraph\"><strong>Principais medidas econ\u00f4micas: <\/strong>Libera\u00e7\u00e3o de 570 <strong>leitos de UTI<\/strong> e de 1723 leitos cl\u00ednicos.<\/p>\n\n\n\n<p class=\"wp-block-paragraph\"><strong>Principais limita\u00e7\u00f5es: <\/strong>Similares as de S\u00e3o Paulo e do Rio de Janeiro, com <strong>agravantes<\/strong> por maior \u00edndice de pobreza.&nbsp;<\/p>\n\n\n\n<p class=\"wp-block-paragraph\"><strong>RORAIMA<\/strong><\/p>\n\n\n\n<p class=\"wp-block-paragraph\">Roraima \u00e9 um estado que est\u00e1 gerando bastante <strong>pol\u00eamica<\/strong>&nbsp;em seu plano de a\u00e7\u00e3o&nbsp;para a conten\u00e7\u00e3o do v\u00edrus, afinal, contrariando todas as orienta\u00e7\u00f5es cient\u00edficas, reabriu o com\u00e9rcio. Confira as principais medidas tomadas!<\/p>\n\n\n\n<p class=\"wp-block-paragraph\">&#8211; Fechamento da <strong>fronteira<\/strong> internacional;<\/p>\n\n\n\n<p class=\"wp-block-paragraph\">&#8211; Limita\u00e7\u00e3o de acesso \u00e0s <strong>reservas ind\u00edgenas;<\/strong><\/p>\n\n\n\n<p class=\"wp-block-paragraph\"><strong>&#8211; Reabertura do com\u00e9rcio.&nbsp;<\/strong><\/p>\n\n\n\n<p class=\"wp-block-paragraph\"><strong>Principais medidas econ\u00f4micas:&nbsp;<\/strong>Antecipa\u00e7\u00e3o da primeira parcela do 13\u00ba sal\u00e1rio.<\/p>\n\n\n\n<p class=\"wp-block-paragraph\"><strong>Principais limita\u00e7\u00f5es:&nbsp;<\/strong>Similares as de S\u00e3o Paulo, da Bahia&nbsp;e do Rio de Janeiro, com&nbsp;<strong>agravantes<\/strong>&nbsp;por maior \u00edndice de pobreza e conflitos migrat\u00f3rios.&nbsp;<\/p>\n","protected":false},"excerpt":{"rendered":"<p>Veja os exemplos de SP, Rio, Bahia e Roraima VIS\u00c3O GERAL A reda\u00e7\u00e3o do Radar IBEGESP j\u00e1 falou em outras publica\u00e7\u00f5es sobre a dificuldade causada pelo excesso de informa\u00e7\u00e3o. Diante deste mal da era digital, acreditamos que \u00e9 essencial consolidar dados de forma resumida para que os gestores p\u00fablicos possam entender as mudan\u00e7as legislativas causadas [&hellip;]<\/p>\n","protected":false},"author":9,"featured_media":3586,"comment_status":"closed","ping_status":"closed","sticky":false,"template":"","format":"standard","meta":{"_acf_changed":false,"_crdt_document":"","inline_featured_image":false,"footnotes":""},"categories":[124,20],"tags":[44,21],"formato":[4],"autor":[11],"class_list":["post-2858","post","type-post","status-publish","format-standard","has-post-thumbnail","hentry","category-gestao-publica","category-inovacao-e-boas-praticas","tag-governanca","tag-materias","formato-artigos","autor-marina-macedo-rego"],"acf":[],"yoast_head":"<!-- This site is optimized with the Yoast SEO plugin v27.2 - https:\/\/yoast.com\/product\/yoast-seo-wordpress\/ -->\n<title>Como os estados brasileiros est\u00e3o reagindo ao coronav\u00edrus? - Radar IB\u00ca<\/title>\n<meta name=\"description\" content=\"Radar IB\u00ca - Como os estados brasileiros est\u00e3o reagindo ao coronav\u00edrus?\" \/>\n<meta name=\"robots\" content=\"index, follow, max-snippet:-1, max-image-preview:large, max-video-preview:-1\" \/>\n<link rel=\"canonical\" href=\"https:\/\/radar.ibegesp.org.br\/como-os-estados-brasileiros-estao-reagindo-ao-coronavirus\/\" \/>\n<meta property=\"og:locale\" content=\"pt_BR\" \/>\n<meta property=\"og:type\" content=\"article\" \/>\n<meta property=\"og:title\" content=\"Como os estados brasileiros est\u00e3o reagindo ao coronav\u00edrus? - Radar IB\u00ca\" \/>\n<meta property=\"og:description\" content=\"Radar IB\u00ca - Como os estados brasileiros est\u00e3o reagindo ao coronav\u00edrus?\" \/>\n<meta property=\"og:url\" content=\"https:\/\/radar.ibegesp.org.br\/como-os-estados-brasileiros-estao-reagindo-ao-coronavirus\/\" \/>\n<meta property=\"og:site_name\" content=\"Radar IB\u00ca\" \/>\n<meta property=\"article:published_time\" content=\"2020-04-01T10:34:14+00:00\" \/>\n<meta property=\"article:modified_time\" content=\"2024-07-03T00:04:58+00:00\" \/>\n<meta property=\"og:image\" content=\"https:\/\/radar.ibegesp.org.br\/wp-content\/uploads\/2020\/04\/virus-4976408_1920-e1632343926990.jpg\" \/>\n\t<meta property=\"og:image:width\" content=\"1920\" \/>\n\t<meta property=\"og:image:height\" content=\"1080\" \/>\n\t<meta property=\"og:image:type\" content=\"image\/jpeg\" \/>\n<meta name=\"author\" content=\"Ibegesp Website\" \/>\n<meta name=\"twitter:card\" content=\"summary_large_image\" \/>\n<meta name=\"twitter:label1\" content=\"Escrito por\" \/>\n\t<meta name=\"twitter:data1\" content=\"Ibegesp Website\" \/>\n\t<meta name=\"twitter:label2\" content=\"Est. tempo de leitura\" \/>\n\t<meta name=\"twitter:data2\" content=\"3 minutos\" \/>\n<script type=\"application\/ld+json\" class=\"yoast-schema-graph\">{\"@context\":\"https:\/\/schema.org\",\"@graph\":[{\"@type\":\"Article\",\"@id\":\"https:\/\/radar.ibegesp.org.br\/como-os-estados-brasileiros-estao-reagindo-ao-coronavirus\/#article\",\"isPartOf\":{\"@id\":\"https:\/\/radar.ibegesp.org.br\/como-os-estados-brasileiros-estao-reagindo-ao-coronavirus\/\"},\"author\":{\"name\":\"Ibegesp Website\",\"@id\":\"https:\/\/radar.ibegesp.org.br\/#\/schema\/person\/dd527130e632a5336dd8be5668566fd9\"},\"headline\":\"Como os estados brasileiros est\u00e3o reagindo ao coronav\u00edrus?\",\"datePublished\":\"2020-04-01T10:34:14+00:00\",\"dateModified\":\"2024-07-03T00:04:58+00:00\",\"mainEntityOfPage\":{\"@id\":\"https:\/\/radar.ibegesp.org.br\/como-os-estados-brasileiros-estao-reagindo-ao-coronavirus\/\"},\"wordCount\":778,\"publisher\":{\"@id\":\"https:\/\/radar.ibegesp.org.br\/#organization\"},\"image\":{\"@id\":\"https:\/\/radar.ibegesp.org.br\/como-os-estados-brasileiros-estao-reagindo-ao-coronavirus\/#primaryimage\"},\"thumbnailUrl\":\"https:\/\/radar.ibegesp.org.br\/wp-content\/uploads\/2020\/04\/virus-4976408_1920-e1632343926990.jpg\",\"keywords\":[\"Governan\u00e7a\",\"Mat\u00e9rias\"],\"articleSection\":[\"Gest\u00e3o P\u00fablica\",\"Inova\u00e7\u00e3o e Boas Pr\u00e1ticas\"],\"inLanguage\":\"pt-BR\"},{\"@type\":\"WebPage\",\"@id\":\"https:\/\/radar.ibegesp.org.br\/como-os-estados-brasileiros-estao-reagindo-ao-coronavirus\/\",\"url\":\"https:\/\/radar.ibegesp.org.br\/como-os-estados-brasileiros-estao-reagindo-ao-coronavirus\/\",\"name\":\"Como os estados brasileiros est\u00e3o reagindo ao coronav\u00edrus? - Radar IB\u00ca\",\"isPartOf\":{\"@id\":\"https:\/\/radar.ibegesp.org.br\/#website\"},\"primaryImageOfPage\":{\"@id\":\"https:\/\/radar.ibegesp.org.br\/como-os-estados-brasileiros-estao-reagindo-ao-coronavirus\/#primaryimage\"},\"image\":{\"@id\":\"https:\/\/radar.ibegesp.org.br\/como-os-estados-brasileiros-estao-reagindo-ao-coronavirus\/#primaryimage\"},\"thumbnailUrl\":\"https:\/\/radar.ibegesp.org.br\/wp-content\/uploads\/2020\/04\/virus-4976408_1920-e1632343926990.jpg\",\"datePublished\":\"2020-04-01T10:34:14+00:00\",\"dateModified\":\"2024-07-03T00:04:58+00:00\",\"description\":\"Radar IB\u00ca - Como os estados brasileiros est\u00e3o reagindo ao coronav\u00edrus?\",\"breadcrumb\":{\"@id\":\"https:\/\/radar.ibegesp.org.br\/como-os-estados-brasileiros-estao-reagindo-ao-coronavirus\/#breadcrumb\"},\"inLanguage\":\"pt-BR\",\"potentialAction\":[{\"@type\":\"ReadAction\",\"target\":[\"https:\/\/radar.ibegesp.org.br\/como-os-estados-brasileiros-estao-reagindo-ao-coronavirus\/\"]}]},{\"@type\":\"ImageObject\",\"inLanguage\":\"pt-BR\",\"@id\":\"https:\/\/radar.ibegesp.org.br\/como-os-estados-brasileiros-estao-reagindo-ao-coronavirus\/#primaryimage\",\"url\":\"https:\/\/radar.ibegesp.org.br\/wp-content\/uploads\/2020\/04\/virus-4976408_1920-e1632343926990.jpg\",\"contentUrl\":\"https:\/\/radar.ibegesp.org.br\/wp-content\/uploads\/2020\/04\/virus-4976408_1920-e1632343926990.jpg\",\"width\":1920,\"height\":1080},{\"@type\":\"BreadcrumbList\",\"@id\":\"https:\/\/radar.ibegesp.org.br\/como-os-estados-brasileiros-estao-reagindo-ao-coronavirus\/#breadcrumb\",\"itemListElement\":[{\"@type\":\"ListItem\",\"position\":1,\"name\":\"Home\",\"item\":\"https:\/\/radar.ibegesp.org.br\/\"},{\"@type\":\"ListItem\",\"position\":2,\"name\":\"Como os estados brasileiros est\u00e3o reagindo ao coronav\u00edrus?\"}]},{\"@type\":\"WebSite\",\"@id\":\"https:\/\/radar.ibegesp.org.br\/#website\",\"url\":\"https:\/\/radar.ibegesp.org.br\/\",\"name\":\"Radar IB\u00ca\",\"description\":\"Contribu\u00edmos para uma gest\u00e3o p\u00fablica mais eficaz e transparente\",\"publisher\":{\"@id\":\"https:\/\/radar.ibegesp.org.br\/#organization\"},\"potentialAction\":[{\"@type\":\"SearchAction\",\"target\":{\"@type\":\"EntryPoint\",\"urlTemplate\":\"https:\/\/radar.ibegesp.org.br\/?s={search_term_string}\"},\"query-input\":{\"@type\":\"PropertyValueSpecification\",\"valueRequired\":true,\"valueName\":\"search_term_string\"}}],\"inLanguage\":\"pt-BR\"},{\"@type\":\"Organization\",\"@id\":\"https:\/\/radar.ibegesp.org.br\/#organization\",\"name\":\"Radar IB\u00ca\",\"url\":\"https:\/\/radar.ibegesp.org.br\/\",\"logo\":{\"@type\":\"ImageObject\",\"inLanguage\":\"pt-BR\",\"@id\":\"https:\/\/radar.ibegesp.org.br\/#\/schema\/logo\/image\/\",\"url\":\"https:\/\/radar.ibegesp.org.br\/wp-content\/uploads\/2021\/08\/logo-header.svg\",\"contentUrl\":\"https:\/\/radar.ibegesp.org.br\/wp-content\/uploads\/2021\/08\/logo-header.svg\",\"width\":1,\"height\":1,\"caption\":\"Radar IB\u00ca\"},\"image\":{\"@id\":\"https:\/\/radar.ibegesp.org.br\/#\/schema\/logo\/image\/\"}},{\"@type\":\"Person\",\"@id\":\"https:\/\/radar.ibegesp.org.br\/#\/schema\/person\/dd527130e632a5336dd8be5668566fd9\",\"name\":\"Ibegesp Website\",\"image\":{\"@type\":\"ImageObject\",\"inLanguage\":\"pt-BR\",\"@id\":\"https:\/\/secure.gravatar.com\/avatar\/7501c0099e9abfb9777c025997bc64a9e3f1a09167e37e79a15cd51bcf533ed0?s=96&d=mm&r=g\",\"url\":\"https:\/\/secure.gravatar.com\/avatar\/7501c0099e9abfb9777c025997bc64a9e3f1a09167e37e79a15cd51bcf533ed0?s=96&d=mm&r=g\",\"contentUrl\":\"https:\/\/secure.gravatar.com\/avatar\/7501c0099e9abfb9777c025997bc64a9e3f1a09167e37e79a15cd51bcf533ed0?s=96&d=mm&r=g\",\"caption\":\"Ibegesp Website\"},\"url\":\"https:\/\/radar.ibegesp.org.br\/author\/infra_infoibegesp-org-br\/\"}]}<\/script>\n<!-- \/ Yoast SEO plugin. -->","yoast_head_json":{"title":"Como os estados brasileiros est\u00e3o reagindo ao coronav\u00edrus? - Radar IB\u00ca","description":"Radar IB\u00ca - Como os estados brasileiros est\u00e3o reagindo ao coronav\u00edrus?","robots":{"index":"index","follow":"follow","max-snippet":"max-snippet:-1","max-image-preview":"max-image-preview:large","max-video-preview":"max-video-preview:-1"},"canonical":"https:\/\/radar.ibegesp.org.br\/como-os-estados-brasileiros-estao-reagindo-ao-coronavirus\/","og_locale":"pt_BR","og_type":"article","og_title":"Como os estados brasileiros est\u00e3o reagindo ao coronav\u00edrus? - Radar IB\u00ca","og_description":"Radar IB\u00ca - Como os estados brasileiros est\u00e3o reagindo ao coronav\u00edrus?","og_url":"https:\/\/radar.ibegesp.org.br\/como-os-estados-brasileiros-estao-reagindo-ao-coronavirus\/","og_site_name":"Radar IB\u00ca","article_published_time":"2020-04-01T10:34:14+00:00","article_modified_time":"2024-07-03T00:04:58+00:00","og_image":[{"width":1920,"height":1080,"url":"https:\/\/radar.ibegesp.org.br\/wp-content\/uploads\/2020\/04\/virus-4976408_1920-e1632343926990.jpg","type":"image\/jpeg"}],"author":"Ibegesp Website","twitter_card":"summary_large_image","twitter_misc":{"Escrito por":"Ibegesp Website","Est. tempo de leitura":"3 minutos"},"schema":{"@context":"https:\/\/schema.org","@graph":[{"@type":"Article","@id":"https:\/\/radar.ibegesp.org.br\/como-os-estados-brasileiros-estao-reagindo-ao-coronavirus\/#article","isPartOf":{"@id":"https:\/\/radar.ibegesp.org.br\/como-os-estados-brasileiros-estao-reagindo-ao-coronavirus\/"},"author":{"name":"Ibegesp Website","@id":"https:\/\/radar.ibegesp.org.br\/#\/schema\/person\/dd527130e632a5336dd8be5668566fd9"},"headline":"Como os estados brasileiros est\u00e3o reagindo ao coronav\u00edrus?","datePublished":"2020-04-01T10:34:14+00:00","dateModified":"2024-07-03T00:04:58+00:00","mainEntityOfPage":{"@id":"https:\/\/radar.ibegesp.org.br\/como-os-estados-brasileiros-estao-reagindo-ao-coronavirus\/"},"wordCount":778,"publisher":{"@id":"https:\/\/radar.ibegesp.org.br\/#organization"},"image":{"@id":"https:\/\/radar.ibegesp.org.br\/como-os-estados-brasileiros-estao-reagindo-ao-coronavirus\/#primaryimage"},"thumbnailUrl":"https:\/\/radar.ibegesp.org.br\/wp-content\/uploads\/2020\/04\/virus-4976408_1920-e1632343926990.jpg","keywords":["Governan\u00e7a","Mat\u00e9rias"],"articleSection":["Gest\u00e3o P\u00fablica","Inova\u00e7\u00e3o e Boas Pr\u00e1ticas"],"inLanguage":"pt-BR"},{"@type":"WebPage","@id":"https:\/\/radar.ibegesp.org.br\/como-os-estados-brasileiros-estao-reagindo-ao-coronavirus\/","url":"https:\/\/radar.ibegesp.org.br\/como-os-estados-brasileiros-estao-reagindo-ao-coronavirus\/","name":"Como os estados brasileiros est\u00e3o reagindo ao coronav\u00edrus? - Radar IB\u00ca","isPartOf":{"@id":"https:\/\/radar.ibegesp.org.br\/#website"},"primaryImageOfPage":{"@id":"https:\/\/radar.ibegesp.org.br\/como-os-estados-brasileiros-estao-reagindo-ao-coronavirus\/#primaryimage"},"image":{"@id":"https:\/\/radar.ibegesp.org.br\/como-os-estados-brasileiros-estao-reagindo-ao-coronavirus\/#primaryimage"},"thumbnailUrl":"https:\/\/radar.ibegesp.org.br\/wp-content\/uploads\/2020\/04\/virus-4976408_1920-e1632343926990.jpg","datePublished":"2020-04-01T10:34:14+00:00","dateModified":"2024-07-03T00:04:58+00:00","description":"Radar IB\u00ca - Como os estados brasileiros est\u00e3o reagindo ao coronav\u00edrus?","breadcrumb":{"@id":"https:\/\/radar.ibegesp.org.br\/como-os-estados-brasileiros-estao-reagindo-ao-coronavirus\/#breadcrumb"},"inLanguage":"pt-BR","potentialAction":[{"@type":"ReadAction","target":["https:\/\/radar.ibegesp.org.br\/como-os-estados-brasileiros-estao-reagindo-ao-coronavirus\/"]}]},{"@type":"ImageObject","inLanguage":"pt-BR","@id":"https:\/\/radar.ibegesp.org.br\/como-os-estados-brasileiros-estao-reagindo-ao-coronavirus\/#primaryimage","url":"https:\/\/radar.ibegesp.org.br\/wp-content\/uploads\/2020\/04\/virus-4976408_1920-e1632343926990.jpg","contentUrl":"https:\/\/radar.ibegesp.org.br\/wp-content\/uploads\/2020\/04\/virus-4976408_1920-e1632343926990.jpg","width":1920,"height":1080},{"@type":"BreadcrumbList","@id":"https:\/\/radar.ibegesp.org.br\/como-os-estados-brasileiros-estao-reagindo-ao-coronavirus\/#breadcrumb","itemListElement":[{"@type":"ListItem","position":1,"name":"Home","item":"https:\/\/radar.ibegesp.org.br\/"},{"@type":"ListItem","position":2,"name":"Como os estados brasileiros est\u00e3o reagindo ao coronav\u00edrus?"}]},{"@type":"WebSite","@id":"https:\/\/radar.ibegesp.org.br\/#website","url":"https:\/\/radar.ibegesp.org.br\/","name":"Radar IB\u00ca","description":"Contribu\u00edmos para uma gest\u00e3o p\u00fablica mais eficaz e transparente","publisher":{"@id":"https:\/\/radar.ibegesp.org.br\/#organization"},"potentialAction":[{"@type":"SearchAction","target":{"@type":"EntryPoint","urlTemplate":"https:\/\/radar.ibegesp.org.br\/?s={search_term_string}"},"query-input":{"@type":"PropertyValueSpecification","valueRequired":true,"valueName":"search_term_string"}}],"inLanguage":"pt-BR"},{"@type":"Organization","@id":"https:\/\/radar.ibegesp.org.br\/#organization","name":"Radar IB\u00ca","url":"https:\/\/radar.ibegesp.org.br\/","logo":{"@type":"ImageObject","inLanguage":"pt-BR","@id":"https:\/\/radar.ibegesp.org.br\/#\/schema\/logo\/image\/","url":"https:\/\/radar.ibegesp.org.br\/wp-content\/uploads\/2021\/08\/logo-header.svg","contentUrl":"https:\/\/radar.ibegesp.org.br\/wp-content\/uploads\/2021\/08\/logo-header.svg","width":1,"height":1,"caption":"Radar IB\u00ca"},"image":{"@id":"https:\/\/radar.ibegesp.org.br\/#\/schema\/logo\/image\/"}},{"@type":"Person","@id":"https:\/\/radar.ibegesp.org.br\/#\/schema\/person\/dd527130e632a5336dd8be5668566fd9","name":"Ibegesp Website","image":{"@type":"ImageObject","inLanguage":"pt-BR","@id":"https:\/\/secure.gravatar.com\/avatar\/7501c0099e9abfb9777c025997bc64a9e3f1a09167e37e79a15cd51bcf533ed0?s=96&d=mm&r=g","url":"https:\/\/secure.gravatar.com\/avatar\/7501c0099e9abfb9777c025997bc64a9e3f1a09167e37e79a15cd51bcf533ed0?s=96&d=mm&r=g","contentUrl":"https:\/\/secure.gravatar.com\/avatar\/7501c0099e9abfb9777c025997bc64a9e3f1a09167e37e79a15cd51bcf533ed0?s=96&d=mm&r=g","caption":"Ibegesp Website"},"url":"https:\/\/radar.ibegesp.org.br\/author\/infra_infoibegesp-org-br\/"}]}},"jetpack_featured_media_url":"https:\/\/radar.ibegesp.org.br\/wp-content\/uploads\/2020\/04\/virus-4976408_1920-e1632343926990.jpg","_links":{"self":[{"href":"https:\/\/radar.ibegesp.org.br\/api\/wp\/v2\/posts\/2858","targetHints":{"allow":["GET"]}}],"collection":[{"href":"https:\/\/radar.ibegesp.org.br\/api\/wp\/v2\/posts"}],"about":[{"href":"https:\/\/radar.ibegesp.org.br\/api\/wp\/v2\/types\/post"}],"author":[{"embeddable":true,"href":"https:\/\/radar.ibegesp.org.br\/api\/wp\/v2\/users\/9"}],"replies":[{"embeddable":true,"href":"https:\/\/radar.ibegesp.org.br\/api\/wp\/v2\/comments?post=2858"}],"version-history":[{"count":0,"href":"https:\/\/radar.ibegesp.org.br\/api\/wp\/v2\/posts\/2858\/revisions"}],"wp:featuredmedia":[{"embeddable":true,"href":"https:\/\/radar.ibegesp.org.br\/api\/wp\/v2\/media\/3586"}],"wp:attachment":[{"href":"https:\/\/radar.ibegesp.org.br\/api\/wp\/v2\/media?parent=2858"}],"wp:term":[{"taxonomy":"category","embeddable":true,"href":"https:\/\/radar.ibegesp.org.br\/api\/wp\/v2\/categories?post=2858"},{"taxonomy":"post_tag","embeddable":true,"href":"https:\/\/radar.ibegesp.org.br\/api\/wp\/v2\/tags?post=2858"},{"taxonomy":"formato","embeddable":true,"href":"https:\/\/radar.ibegesp.org.br\/api\/wp\/v2\/formato?post=2858"},{"taxonomy":"autor","embeddable":true,"href":"https:\/\/radar.ibegesp.org.br\/api\/wp\/v2\/autor?post=2858"}],"curies":[{"name":"wp","href":"https:\/\/api.w.org\/{rel}","templated":true}]}}