{"id":2895,"date":"2020-05-07T14:09:38","date_gmt":"2020-05-07T14:09:38","guid":{"rendered":"https:\/\/radar.ibegesp.org.br\/por-que-a-pandemia-atinge-mais-as-mulheres\/"},"modified":"2024-07-02T21:05:02","modified_gmt":"2024-07-03T00:05:02","slug":"por-que-a-pandemia-atinge-mais-as-mulheres","status":"publish","type":"post","link":"https:\/\/radar.ibegesp.org.br\/por-que-a-pandemia-atinge-mais-as-mulheres\/","title":{"rendered":"Por que a pandemia atinge mais as mulheres?"},"content":{"rendered":"\n<p class=\"wp-block-paragraph\"><b>3 dicas para gestores p\u00fablicos minimizarem a desigualdade de g\u00eanero durante a pandemia<\/b><\/p>\n\n\n\n<p class=\"wp-block-paragraph\">\u00c9 sabido que a pandemia de coronav\u00edrus tem agravado algumas situa\u00e7\u00f5es sociais de vulnerabilidade. Uma das quest\u00f5es que mais chama aten\u00e7\u00e3o neste sentido \u00e9, sem d\u00favida, a <strong>desigualdade de g\u00eanero<\/strong>. Este fato \u00e9 sustentado pela afirma\u00e7\u00e3o que diversas organiza\u00e7\u00f5es nacionais e internacionais, <a href=\"https:\/\/nacoesunidas.org\/covid-19-onu-mulheres-lista-9-acoes-para-eliminar-as-desigualdades-de-genero-dentro-de-casa\/\" target=\"_blank\" rel=\"noopener\"><strong><ins><em>inclusive a ONU<\/em><\/ins><\/strong><\/a>, tem feito desde o in\u00edcio da dissemina\u00e7\u00e3o da Covid-19: <strong>a pandemia atinge mais as mulheres<\/strong>.<\/p>\n\n\n\n<p class=\"wp-block-paragraph\">Mas por que ser\u00e1 que isso acontece? Dentre tantos <strong>motivos<\/strong>, listamos abaixo 3. Confira!<\/p>\n\n\n\n<p class=\"wp-block-paragraph\"><strong>3 MOTIVOS<\/strong><\/p>\n\n\n\n<p class=\"wp-block-paragraph\"><strong>#1 \u2013 Sobrecarga de trabalho<\/strong><\/p>\n\n\n\n<p class=\"wp-block-paragraph\">H\u00e1 tempos que se sabe que as mulheres enfrentam uma <strong>jornada m\u00faltipla de trabalho<\/strong> e n\u00e3o encontram em suas casas uma divis\u00e3o de tarefas adequada. Muitas lidam sozinhas com o cuidado do lar e das pessoas que nele vivem. Para al\u00e9m disso, em um cen\u00e1rio em que grande parte da popula\u00e7\u00e3o <strong>vive na informalidade<\/strong>, garantir a fonte de renda e lidar com o trabalho dom\u00e9stico est\u00e1 sendo um desafio crescente para a maior parte das mulheres brasileiras. A minoria que consegue realizar seu servi\u00e7o de forma remota tamb\u00e9m est\u00e1 enfrentando problemas para <strong>conciliar o trabalho formal e dom\u00e9stico<\/strong>.<\/p>\n\n\n\n<p class=\"wp-block-paragraph\"><strong>#2 &#8211; Inseguran\u00e7a na pr\u00f3pria casa<\/strong><\/p>\n\n\n\n<p class=\"wp-block-paragraph\">O<strong> lar \u00e9 o local de maior risco<\/strong> para as mulheres que vivem situa\u00e7\u00f5es de viol\u00eancia. Com a ado\u00e7\u00e3o das medidas de distanciamento social, isto tem se agravado: s\u00f3 no Rio de Janeiro<strong>, <a href=\"https:\/\/thinkolga.squarespace.com\/\" target=\"_blank\" rel=\"noopener\"><ins><em>as queixas por viol\u00eancia dom\u00e9stica aumentaram mais de 50%<\/em><\/ins><\/a><\/strong><ins><em><a href=\"https:\/\/thinkolga.squarespace.com\/\">&nbsp;<\/a><\/em><\/ins>nas primeiras semanas de abril.<\/p>\n\n\n\n<p class=\"wp-block-paragraph\"><strong># 3 \u2013 O trabalho da sa\u00fade \u00e9 feminino<\/strong><\/p>\n\n\n\n<p class=\"wp-block-paragraph\">Como <strong><a href=\"https:\/\/apolitical.co\/en\/solution_article\/the-gendered-impact-of-covid-19?utm_campaign=Weekly%20Briefing%20%E2%80%93%20Platform&amp;utm_source=hs_email&amp;utm_medium=email&amp;utm_content=86321280&amp;_hsenc=p2ANqtz-9WtT6kSs9fCO407Zv99oH6dNf0Oj3JXmBgF29tHRZQznvi8wGmlBuSFx-iIxlx63ZEMiidW03-lu_a81FuVRxzwNhxSrKVGjUC15H2uo3dMIe_9hk&amp;_hsmi=86321280\" target=\"_blank\" rel=\"noopener\"><ins><em>publicado pela plataforma Apolitical<\/em><\/ins><\/a><\/strong>, em termos globais, <strong>mais de 70% da for\u00e7a de trabalho da sa\u00fade \u00e9 composta por mulheres<\/strong>. Vale lembrar que estas categorias profissionais est\u00e3o nitidamente sobrecarregadas neste per\u00edodo de pandemia.<\/p>\n\n\n\n<p class=\"wp-block-paragraph\">Diante deste cen\u00e1rio preocupante de agravamento da desigualdade e da viol\u00eancia de g\u00eanero, <strong>a Gest\u00e3o P\u00fablica tem um papel important\u00edssimo<\/strong> no plano macro. Mas o que gestores e gestoras, enquanto profissionais, podem fazer para contribuir? Pensando nisso, a reda\u00e7\u00e3o do Radar IBEGESP preparou <strong>tr\u00eas dicas<\/strong> para estes profissionais minimizarem a desigualdade de g\u00eanero em seus contextos de trabalho.<\/p>\n\n\n\n<p class=\"wp-block-paragraph\"><strong>3 DICAS<\/strong><\/p>\n\n\n\n<p class=\"wp-block-paragraph\"><strong># 1 \u2013 Compile dados levando o g\u00eanero em considera\u00e7\u00e3o<\/strong><\/p>\n\n\n\n<p class=\"wp-block-paragraph\">Todo profissional p\u00fablico deve ter em mente que a compila\u00e7\u00e3o de dados com vari\u00e1veis espec\u00edficas \u00e9 essencial, seja para a formula\u00e7\u00e3o de pol\u00edticas p\u00fablicas ou para a\u00e7\u00f5es no plano micro, tal qual o gerenciamento de equipes. Neste sentido<strong>, o g\u00eanero \u00e9 uma vari\u00e1vel fundamental na compila\u00e7\u00e3o de dados<\/strong>: s\u00f3 coletando este tipo de informa\u00e7\u00e3o \u00e9 poss\u00edvel <strong>mensurar<\/strong> o impacto da desigualdade de g\u00eanero.<\/p>\n\n\n\n<p class=\"wp-block-paragraph\"><strong># 2 \u2013 Tenha empatia e&nbsp;aten\u00e7\u00e3o a diferentes realidades<\/strong><\/p>\n\n\n\n<p class=\"wp-block-paragraph\">Mulheres est\u00e3o longe de ser um grupo social coeso. Por este motivo, <strong>tenha aten\u00e7\u00e3o a diferentes realidades e agravantes da situa\u00e7\u00e3o de desigualdade<\/strong>. Servidoras que est\u00e3o fazendo home office est\u00e3o em uma situa\u00e7\u00e3o bastante diferente das servidoras que est\u00e3o na linha de frente da sa\u00fade e limpeza ou das trabalhadoras informais que est\u00e3o nas ruas.<\/p>\n\n\n\n<p class=\"wp-block-paragraph\">*Vari\u00e1veis como ra\u00e7a e classe social s\u00e3o essenciais para entender estas diferentes realidades e devem ser mensuradas.<\/p>\n\n\n\n<p class=\"wp-block-paragraph\"><strong># 3 \u2013 Comunique-se com assertividade<\/strong><\/p>\n\n\n\n<p class=\"wp-block-paragraph\">Converse com colegas de trabalho sobre como est\u00e3o enfrentando a pandemia para mapear situa\u00e7\u00f5es de <strong>sobrecarga de trabalho<\/strong> ou <strong>desigualdade de g\u00eanero<\/strong>.<\/p>\n\n\n\n<div>\n<div>\n<div id=\"_com_3\">Veja mais: <a href=\"https:\/\/www.ibegesp.org.br\/courses\/gestao-do-desempenho-no-setor-publico\/\" target=\"_blank\" rel=\"noopener\">Avalia\u00e7\u00e3o de desempenho no setor p\u00fablico<\/a> &#8211; <a href=\"https:\/\/www.ibegesp.org.br\/courses\/ppa-ldo-e-loa-gestao-e-transparencia\/\" target=\"_blank\" rel=\"noopener\">LDO e LOA<\/a>\n<\/div>\n<\/div>\n","protected":false},"excerpt":{"rendered":"<p>3 dicas para gestores p\u00fablicos minimizarem a desigualdade de g\u00eanero durante a pandemia \u00c9 sabido que a pandemia de coronav\u00edrus tem agravado algumas situa\u00e7\u00f5es sociais de vulnerabilidade. Uma das quest\u00f5es que mais chama aten\u00e7\u00e3o neste sentido \u00e9, sem d\u00favida, a desigualdade de g\u00eanero. Este fato \u00e9 sustentado pela afirma\u00e7\u00e3o que diversas organiza\u00e7\u00f5es nacionais e internacionais, [&hellip;]<\/p>\n","protected":false},"author":9,"featured_media":3814,"comment_status":"closed","ping_status":"closed","sticky":false,"template":"","format":"standard","meta":{"_acf_changed":false,"_crdt_document":"","inline_featured_image":false,"footnotes":""},"categories":[153,17],"tags":[25,21,28],"formato":[4],"autor":[11],"class_list":["post-2895","post","type-post","status-publish","format-standard","has-post-thumbnail","hentry","category-pautas-femininas","category-recursos-humanos-e-gestao-de-pessoas","tag-gestao-publica","tag-materias","tag-recursos-humanos-e-gestao-de-pessoas","formato-artigos","autor-marina-macedo-rego"],"acf":[],"yoast_head":"<!-- This site is optimized with the Yoast SEO plugin v27.2 - https:\/\/yoast.com\/product\/yoast-seo-wordpress\/ -->\n<title>Por que a pandemia atinge mais as mulheres? - Radar IB\u00ca<\/title>\n<meta name=\"description\" content=\"Radar IB\u00ca - Por que a pandemia atinge mais as mulheres?\" \/>\n<meta name=\"robots\" content=\"index, follow, max-snippet:-1, max-image-preview:large, max-video-preview:-1\" \/>\n<link rel=\"canonical\" href=\"https:\/\/radar.ibegesp.org.br\/por-que-a-pandemia-atinge-mais-as-mulheres\/\" \/>\n<meta property=\"og:locale\" content=\"pt_BR\" \/>\n<meta property=\"og:type\" content=\"article\" \/>\n<meta property=\"og:title\" content=\"Por que a pandemia atinge mais as mulheres? - Radar IB\u00ca\" \/>\n<meta property=\"og:description\" content=\"Radar IB\u00ca - Por que a pandemia atinge mais as mulheres?\" \/>\n<meta property=\"og:url\" content=\"https:\/\/radar.ibegesp.org.br\/por-que-a-pandemia-atinge-mais-as-mulheres\/\" \/>\n<meta property=\"og:site_name\" content=\"Radar IB\u00ca\" \/>\n<meta property=\"article:published_time\" content=\"2020-05-07T14:09:38+00:00\" \/>\n<meta property=\"article:modified_time\" content=\"2024-07-03T00:05:02+00:00\" \/>\n<meta property=\"og:image\" content=\"https:\/\/radar.ibegesp.org.br\/wp-content\/uploads\/2020\/05\/etienne-boulanger-iYcuJQaVTvg-unsplash.jpg\" \/>\n\t<meta property=\"og:image:width\" content=\"1920\" \/>\n\t<meta property=\"og:image:height\" content=\"1282\" \/>\n\t<meta property=\"og:image:type\" content=\"image\/jpeg\" \/>\n<meta name=\"author\" content=\"Ibegesp Website\" \/>\n<meta name=\"twitter:card\" content=\"summary_large_image\" \/>\n<meta name=\"twitter:label1\" content=\"Escrito por\" \/>\n\t<meta name=\"twitter:data1\" content=\"Ibegesp Website\" \/>\n\t<meta name=\"twitter:label2\" content=\"Est. tempo de leitura\" \/>\n\t<meta name=\"twitter:data2\" content=\"3 minutos\" \/>\n<script type=\"application\/ld+json\" class=\"yoast-schema-graph\">{\"@context\":\"https:\/\/schema.org\",\"@graph\":[{\"@type\":\"Article\",\"@id\":\"https:\/\/radar.ibegesp.org.br\/por-que-a-pandemia-atinge-mais-as-mulheres\/#article\",\"isPartOf\":{\"@id\":\"https:\/\/radar.ibegesp.org.br\/por-que-a-pandemia-atinge-mais-as-mulheres\/\"},\"author\":{\"name\":\"Ibegesp Website\",\"@id\":\"https:\/\/radar.ibegesp.org.br\/#\/schema\/person\/dd527130e632a5336dd8be5668566fd9\"},\"headline\":\"Por que a pandemia atinge mais as mulheres?\",\"datePublished\":\"2020-05-07T14:09:38+00:00\",\"dateModified\":\"2024-07-03T00:05:02+00:00\",\"mainEntityOfPage\":{\"@id\":\"https:\/\/radar.ibegesp.org.br\/por-que-a-pandemia-atinge-mais-as-mulheres\/\"},\"wordCount\":600,\"publisher\":{\"@id\":\"https:\/\/radar.ibegesp.org.br\/#organization\"},\"image\":{\"@id\":\"https:\/\/radar.ibegesp.org.br\/por-que-a-pandemia-atinge-mais-as-mulheres\/#primaryimage\"},\"thumbnailUrl\":\"https:\/\/radar.ibegesp.org.br\/wp-content\/uploads\/2020\/05\/etienne-boulanger-iYcuJQaVTvg-unsplash.jpg\",\"keywords\":[\"Gest\u00e3o P\u00fablica\",\"Mat\u00e9rias\",\"Recursos Humanos e Gest\u00e3o de Pessoas\"],\"articleSection\":[\"Pautas Femininas\",\"Recursos Humanos e Gest\u00e3o de Pessoas\"],\"inLanguage\":\"pt-BR\"},{\"@type\":\"WebPage\",\"@id\":\"https:\/\/radar.ibegesp.org.br\/por-que-a-pandemia-atinge-mais-as-mulheres\/\",\"url\":\"https:\/\/radar.ibegesp.org.br\/por-que-a-pandemia-atinge-mais-as-mulheres\/\",\"name\":\"Por que a pandemia atinge mais as mulheres? - Radar IB\u00ca\",\"isPartOf\":{\"@id\":\"https:\/\/radar.ibegesp.org.br\/#website\"},\"primaryImageOfPage\":{\"@id\":\"https:\/\/radar.ibegesp.org.br\/por-que-a-pandemia-atinge-mais-as-mulheres\/#primaryimage\"},\"image\":{\"@id\":\"https:\/\/radar.ibegesp.org.br\/por-que-a-pandemia-atinge-mais-as-mulheres\/#primaryimage\"},\"thumbnailUrl\":\"https:\/\/radar.ibegesp.org.br\/wp-content\/uploads\/2020\/05\/etienne-boulanger-iYcuJQaVTvg-unsplash.jpg\",\"datePublished\":\"2020-05-07T14:09:38+00:00\",\"dateModified\":\"2024-07-03T00:05:02+00:00\",\"description\":\"Radar IB\u00ca - Por que a pandemia atinge mais as mulheres?\",\"breadcrumb\":{\"@id\":\"https:\/\/radar.ibegesp.org.br\/por-que-a-pandemia-atinge-mais-as-mulheres\/#breadcrumb\"},\"inLanguage\":\"pt-BR\",\"potentialAction\":[{\"@type\":\"ReadAction\",\"target\":[\"https:\/\/radar.ibegesp.org.br\/por-que-a-pandemia-atinge-mais-as-mulheres\/\"]}]},{\"@type\":\"ImageObject\",\"inLanguage\":\"pt-BR\",\"@id\":\"https:\/\/radar.ibegesp.org.br\/por-que-a-pandemia-atinge-mais-as-mulheres\/#primaryimage\",\"url\":\"https:\/\/radar.ibegesp.org.br\/wp-content\/uploads\/2020\/05\/etienne-boulanger-iYcuJQaVTvg-unsplash.jpg\",\"contentUrl\":\"https:\/\/radar.ibegesp.org.br\/wp-content\/uploads\/2020\/05\/etienne-boulanger-iYcuJQaVTvg-unsplash.jpg\",\"width\":1920,\"height\":1282},{\"@type\":\"BreadcrumbList\",\"@id\":\"https:\/\/radar.ibegesp.org.br\/por-que-a-pandemia-atinge-mais-as-mulheres\/#breadcrumb\",\"itemListElement\":[{\"@type\":\"ListItem\",\"position\":1,\"name\":\"Home\",\"item\":\"https:\/\/radar.ibegesp.org.br\/\"},{\"@type\":\"ListItem\",\"position\":2,\"name\":\"Por que a pandemia atinge mais as mulheres?\"}]},{\"@type\":\"WebSite\",\"@id\":\"https:\/\/radar.ibegesp.org.br\/#website\",\"url\":\"https:\/\/radar.ibegesp.org.br\/\",\"name\":\"Radar IB\u00ca\",\"description\":\"Contribu\u00edmos para uma gest\u00e3o p\u00fablica mais eficaz e transparente\",\"publisher\":{\"@id\":\"https:\/\/radar.ibegesp.org.br\/#organization\"},\"potentialAction\":[{\"@type\":\"SearchAction\",\"target\":{\"@type\":\"EntryPoint\",\"urlTemplate\":\"https:\/\/radar.ibegesp.org.br\/?s={search_term_string}\"},\"query-input\":{\"@type\":\"PropertyValueSpecification\",\"valueRequired\":true,\"valueName\":\"search_term_string\"}}],\"inLanguage\":\"pt-BR\"},{\"@type\":\"Organization\",\"@id\":\"https:\/\/radar.ibegesp.org.br\/#organization\",\"name\":\"Radar IB\u00ca\",\"url\":\"https:\/\/radar.ibegesp.org.br\/\",\"logo\":{\"@type\":\"ImageObject\",\"inLanguage\":\"pt-BR\",\"@id\":\"https:\/\/radar.ibegesp.org.br\/#\/schema\/logo\/image\/\",\"url\":\"https:\/\/radar.ibegesp.org.br\/wp-content\/uploads\/2021\/08\/logo-header.svg\",\"contentUrl\":\"https:\/\/radar.ibegesp.org.br\/wp-content\/uploads\/2021\/08\/logo-header.svg\",\"width\":1,\"height\":1,\"caption\":\"Radar IB\u00ca\"},\"image\":{\"@id\":\"https:\/\/radar.ibegesp.org.br\/#\/schema\/logo\/image\/\"}},{\"@type\":\"Person\",\"@id\":\"https:\/\/radar.ibegesp.org.br\/#\/schema\/person\/dd527130e632a5336dd8be5668566fd9\",\"name\":\"Ibegesp Website\",\"image\":{\"@type\":\"ImageObject\",\"inLanguage\":\"pt-BR\",\"@id\":\"https:\/\/secure.gravatar.com\/avatar\/7501c0099e9abfb9777c025997bc64a9e3f1a09167e37e79a15cd51bcf533ed0?s=96&d=mm&r=g\",\"url\":\"https:\/\/secure.gravatar.com\/avatar\/7501c0099e9abfb9777c025997bc64a9e3f1a09167e37e79a15cd51bcf533ed0?s=96&d=mm&r=g\",\"contentUrl\":\"https:\/\/secure.gravatar.com\/avatar\/7501c0099e9abfb9777c025997bc64a9e3f1a09167e37e79a15cd51bcf533ed0?s=96&d=mm&r=g\",\"caption\":\"Ibegesp Website\"},\"url\":\"https:\/\/radar.ibegesp.org.br\/author\/infra_infoibegesp-org-br\/\"}]}<\/script>\n<!-- \/ Yoast SEO plugin. -->","yoast_head_json":{"title":"Por que a pandemia atinge mais as mulheres? - Radar IB\u00ca","description":"Radar IB\u00ca - Por que a pandemia atinge mais as mulheres?","robots":{"index":"index","follow":"follow","max-snippet":"max-snippet:-1","max-image-preview":"max-image-preview:large","max-video-preview":"max-video-preview:-1"},"canonical":"https:\/\/radar.ibegesp.org.br\/por-que-a-pandemia-atinge-mais-as-mulheres\/","og_locale":"pt_BR","og_type":"article","og_title":"Por que a pandemia atinge mais as mulheres? - Radar IB\u00ca","og_description":"Radar IB\u00ca - Por que a pandemia atinge mais as mulheres?","og_url":"https:\/\/radar.ibegesp.org.br\/por-que-a-pandemia-atinge-mais-as-mulheres\/","og_site_name":"Radar IB\u00ca","article_published_time":"2020-05-07T14:09:38+00:00","article_modified_time":"2024-07-03T00:05:02+00:00","og_image":[{"width":1920,"height":1282,"url":"https:\/\/radar.ibegesp.org.br\/wp-content\/uploads\/2020\/05\/etienne-boulanger-iYcuJQaVTvg-unsplash.jpg","type":"image\/jpeg"}],"author":"Ibegesp Website","twitter_card":"summary_large_image","twitter_misc":{"Escrito por":"Ibegesp Website","Est. tempo de leitura":"3 minutos"},"schema":{"@context":"https:\/\/schema.org","@graph":[{"@type":"Article","@id":"https:\/\/radar.ibegesp.org.br\/por-que-a-pandemia-atinge-mais-as-mulheres\/#article","isPartOf":{"@id":"https:\/\/radar.ibegesp.org.br\/por-que-a-pandemia-atinge-mais-as-mulheres\/"},"author":{"name":"Ibegesp Website","@id":"https:\/\/radar.ibegesp.org.br\/#\/schema\/person\/dd527130e632a5336dd8be5668566fd9"},"headline":"Por que a pandemia atinge mais as mulheres?","datePublished":"2020-05-07T14:09:38+00:00","dateModified":"2024-07-03T00:05:02+00:00","mainEntityOfPage":{"@id":"https:\/\/radar.ibegesp.org.br\/por-que-a-pandemia-atinge-mais-as-mulheres\/"},"wordCount":600,"publisher":{"@id":"https:\/\/radar.ibegesp.org.br\/#organization"},"image":{"@id":"https:\/\/radar.ibegesp.org.br\/por-que-a-pandemia-atinge-mais-as-mulheres\/#primaryimage"},"thumbnailUrl":"https:\/\/radar.ibegesp.org.br\/wp-content\/uploads\/2020\/05\/etienne-boulanger-iYcuJQaVTvg-unsplash.jpg","keywords":["Gest\u00e3o P\u00fablica","Mat\u00e9rias","Recursos Humanos e Gest\u00e3o de Pessoas"],"articleSection":["Pautas Femininas","Recursos Humanos e Gest\u00e3o de Pessoas"],"inLanguage":"pt-BR"},{"@type":"WebPage","@id":"https:\/\/radar.ibegesp.org.br\/por-que-a-pandemia-atinge-mais-as-mulheres\/","url":"https:\/\/radar.ibegesp.org.br\/por-que-a-pandemia-atinge-mais-as-mulheres\/","name":"Por que a pandemia atinge mais as mulheres? - Radar IB\u00ca","isPartOf":{"@id":"https:\/\/radar.ibegesp.org.br\/#website"},"primaryImageOfPage":{"@id":"https:\/\/radar.ibegesp.org.br\/por-que-a-pandemia-atinge-mais-as-mulheres\/#primaryimage"},"image":{"@id":"https:\/\/radar.ibegesp.org.br\/por-que-a-pandemia-atinge-mais-as-mulheres\/#primaryimage"},"thumbnailUrl":"https:\/\/radar.ibegesp.org.br\/wp-content\/uploads\/2020\/05\/etienne-boulanger-iYcuJQaVTvg-unsplash.jpg","datePublished":"2020-05-07T14:09:38+00:00","dateModified":"2024-07-03T00:05:02+00:00","description":"Radar IB\u00ca - Por que a pandemia atinge mais as mulheres?","breadcrumb":{"@id":"https:\/\/radar.ibegesp.org.br\/por-que-a-pandemia-atinge-mais-as-mulheres\/#breadcrumb"},"inLanguage":"pt-BR","potentialAction":[{"@type":"ReadAction","target":["https:\/\/radar.ibegesp.org.br\/por-que-a-pandemia-atinge-mais-as-mulheres\/"]}]},{"@type":"ImageObject","inLanguage":"pt-BR","@id":"https:\/\/radar.ibegesp.org.br\/por-que-a-pandemia-atinge-mais-as-mulheres\/#primaryimage","url":"https:\/\/radar.ibegesp.org.br\/wp-content\/uploads\/2020\/05\/etienne-boulanger-iYcuJQaVTvg-unsplash.jpg","contentUrl":"https:\/\/radar.ibegesp.org.br\/wp-content\/uploads\/2020\/05\/etienne-boulanger-iYcuJQaVTvg-unsplash.jpg","width":1920,"height":1282},{"@type":"BreadcrumbList","@id":"https:\/\/radar.ibegesp.org.br\/por-que-a-pandemia-atinge-mais-as-mulheres\/#breadcrumb","itemListElement":[{"@type":"ListItem","position":1,"name":"Home","item":"https:\/\/radar.ibegesp.org.br\/"},{"@type":"ListItem","position":2,"name":"Por que a pandemia atinge mais as mulheres?"}]},{"@type":"WebSite","@id":"https:\/\/radar.ibegesp.org.br\/#website","url":"https:\/\/radar.ibegesp.org.br\/","name":"Radar IB\u00ca","description":"Contribu\u00edmos para uma gest\u00e3o p\u00fablica mais eficaz e transparente","publisher":{"@id":"https:\/\/radar.ibegesp.org.br\/#organization"},"potentialAction":[{"@type":"SearchAction","target":{"@type":"EntryPoint","urlTemplate":"https:\/\/radar.ibegesp.org.br\/?s={search_term_string}"},"query-input":{"@type":"PropertyValueSpecification","valueRequired":true,"valueName":"search_term_string"}}],"inLanguage":"pt-BR"},{"@type":"Organization","@id":"https:\/\/radar.ibegesp.org.br\/#organization","name":"Radar IB\u00ca","url":"https:\/\/radar.ibegesp.org.br\/","logo":{"@type":"ImageObject","inLanguage":"pt-BR","@id":"https:\/\/radar.ibegesp.org.br\/#\/schema\/logo\/image\/","url":"https:\/\/radar.ibegesp.org.br\/wp-content\/uploads\/2021\/08\/logo-header.svg","contentUrl":"https:\/\/radar.ibegesp.org.br\/wp-content\/uploads\/2021\/08\/logo-header.svg","width":1,"height":1,"caption":"Radar IB\u00ca"},"image":{"@id":"https:\/\/radar.ibegesp.org.br\/#\/schema\/logo\/image\/"}},{"@type":"Person","@id":"https:\/\/radar.ibegesp.org.br\/#\/schema\/person\/dd527130e632a5336dd8be5668566fd9","name":"Ibegesp Website","image":{"@type":"ImageObject","inLanguage":"pt-BR","@id":"https:\/\/secure.gravatar.com\/avatar\/7501c0099e9abfb9777c025997bc64a9e3f1a09167e37e79a15cd51bcf533ed0?s=96&d=mm&r=g","url":"https:\/\/secure.gravatar.com\/avatar\/7501c0099e9abfb9777c025997bc64a9e3f1a09167e37e79a15cd51bcf533ed0?s=96&d=mm&r=g","contentUrl":"https:\/\/secure.gravatar.com\/avatar\/7501c0099e9abfb9777c025997bc64a9e3f1a09167e37e79a15cd51bcf533ed0?s=96&d=mm&r=g","caption":"Ibegesp Website"},"url":"https:\/\/radar.ibegesp.org.br\/author\/infra_infoibegesp-org-br\/"}]}},"jetpack_featured_media_url":"https:\/\/radar.ibegesp.org.br\/wp-content\/uploads\/2020\/05\/etienne-boulanger-iYcuJQaVTvg-unsplash.jpg","_links":{"self":[{"href":"https:\/\/radar.ibegesp.org.br\/api\/wp\/v2\/posts\/2895","targetHints":{"allow":["GET"]}}],"collection":[{"href":"https:\/\/radar.ibegesp.org.br\/api\/wp\/v2\/posts"}],"about":[{"href":"https:\/\/radar.ibegesp.org.br\/api\/wp\/v2\/types\/post"}],"author":[{"embeddable":true,"href":"https:\/\/radar.ibegesp.org.br\/api\/wp\/v2\/users\/9"}],"replies":[{"embeddable":true,"href":"https:\/\/radar.ibegesp.org.br\/api\/wp\/v2\/comments?post=2895"}],"version-history":[{"count":0,"href":"https:\/\/radar.ibegesp.org.br\/api\/wp\/v2\/posts\/2895\/revisions"}],"wp:featuredmedia":[{"embeddable":true,"href":"https:\/\/radar.ibegesp.org.br\/api\/wp\/v2\/media\/3814"}],"wp:attachment":[{"href":"https:\/\/radar.ibegesp.org.br\/api\/wp\/v2\/media?parent=2895"}],"wp:term":[{"taxonomy":"category","embeddable":true,"href":"https:\/\/radar.ibegesp.org.br\/api\/wp\/v2\/categories?post=2895"},{"taxonomy":"post_tag","embeddable":true,"href":"https:\/\/radar.ibegesp.org.br\/api\/wp\/v2\/tags?post=2895"},{"taxonomy":"formato","embeddable":true,"href":"https:\/\/radar.ibegesp.org.br\/api\/wp\/v2\/formato?post=2895"},{"taxonomy":"autor","embeddable":true,"href":"https:\/\/radar.ibegesp.org.br\/api\/wp\/v2\/autor?post=2895"}],"curies":[{"name":"wp","href":"https:\/\/api.w.org\/{rel}","templated":true}]}}