{"id":3074,"date":"2021-09-16T19:27:18","date_gmt":"2021-09-16T22:27:18","guid":{"rendered":"https:\/\/radar.ibegesp.org.br\/governanca-compartilhada-parceria-entre-setor-publico-e-privado-da-resultado\/"},"modified":"2024-07-02T21:06:25","modified_gmt":"2024-07-03T00:06:25","slug":"governanca-compartilhada-parceria-entre-setor-publico-e-privado-da-resultado","status":"publish","type":"post","link":"https:\/\/radar.ibegesp.org.br\/governanca-compartilhada-parceria-entre-setor-publico-e-privado-da-resultado\/","title":{"rendered":"Governan\u00e7a compartilhada: parceria entre setor p\u00fablico e privado d\u00e1 resultado?"},"content":{"rendered":"\n<p class=\"wp-block-paragraph\"><b>Conversamos com a Patr\u00edcia Loyola, diretora de investimento social da Comunitas!<\/b><\/p>\n\n\n\n<p class=\"wp-block-paragraph\">O IBEGESP tem como miss\u00e3o atuar para transformar os servi\u00e7os p\u00fablicos, gerando impacto social e melhorias na vida da popula\u00e7\u00e3o. Neste caminho, encontramos organiza\u00e7\u00f5es que t\u00eam o mesmo prop\u00f3sito e que nos fazem acreditar ainda mais nas contribui\u00e7\u00f5es que o terceiro setor pode trazer \u00e0 administra\u00e7\u00e3o p\u00fablica.<\/p>\n\n\n\n<p class=\"wp-block-paragraph\">Para mostrar uma dessas for\u00e7as, conversamos com a Patr\u00edcia Loyola, diretora de investimento social da Comunitas, organiza\u00e7\u00e3o que implementa parcerias entre o setor p\u00fablico e privado, com foco na participa\u00e7\u00e3o da sociedade, para melhorias dos diversos servi\u00e7os a serem prestados \u00e0 popula\u00e7\u00e3o.<\/p>\n\n\n\n<p class=\"wp-block-paragraph\">\u00c9 a segunda vez que a Patr\u00edcia \u00e9 destaque em nossos conte\u00fados. Al\u00e9m deste podcast, ela participou de nossa <ins><a href=\"https:\/\/radar.ibegesp.org.br\/newspaper-letter\/radar-ibegesp-julho-de-2021\/48\" target=\"_blank\" rel=\"noopener\"><span style=\"color: #3498db;\">Entrevista Exclusiva de julho<\/span><\/a><\/ins>, em que falou sobre a governan\u00e7a compartilhada e seu impacto na gest\u00e3o p\u00fablica. Vale muito a pena voc\u00ea saber ainda mais sobre o assunto por l\u00e1 tamb\u00e9m.<\/p>\n\n\n\n<p class=\"wp-block-paragraph\">Neste epis\u00f3dio do Podcast Radar IBEGESP, a Patr\u00edcia conta pra gente detalhes sobre a implanta\u00e7\u00e3o do Programa Juntos os resultados obtidos. Inclusive, ela nos d\u00e1 exemplos de como algumas cidades tiveram transforma\u00e7\u00f5es e seguem sendo acompanhadas para que os servi\u00e7os n\u00e3o sejam descontinuados. Papo incr\u00edvel. N\u00e3o perca!<\/p>\n\n\n\n<p class=\"wp-block-paragraph\"><\/p>\n","protected":false},"excerpt":{"rendered":"<p>Conversamos com a Patr\u00edcia Loyola, diretora de investimento social da Comunitas! O IBEGESP tem como miss\u00e3o atuar para transformar os servi\u00e7os p\u00fablicos, gerando impacto social e melhorias na vida da popula\u00e7\u00e3o. Neste caminho, encontramos organiza\u00e7\u00f5es que t\u00eam o mesmo prop\u00f3sito e que nos fazem acreditar ainda mais nas contribui\u00e7\u00f5es que o terceiro setor pode trazer [&hellip;]<\/p>\n","protected":false},"author":9,"featured_media":3467,"comment_status":"closed","ping_status":"closed","sticky":false,"template":"","format":"standard","meta":{"_acf_changed":false,"_crdt_document":"","inline_featured_image":false,"footnotes":""},"categories":[20],"tags":[27],"formato":[7],"autor":[122],"class_list":["post-3074","post","type-post","status-publish","format-standard","has-post-thumbnail","hentry","category-inovacao-e-boas-praticas","tag-podcasts","formato-videocast","autor-redacao-radar"],"acf":[],"yoast_head":"<!-- This site is optimized with the Yoast SEO plugin v27.2 - https:\/\/yoast.com\/product\/yoast-seo-wordpress\/ -->\n<title>Governan\u00e7a compartilhada: parceria entre setor p\u00fablico e privado d\u00e1 resultado? - Radar IB\u00ca<\/title>\n<meta name=\"description\" content=\"Radar IB\u00ca - Governan\u00e7a compartilhada: parceria entre setor p\u00fablico e privado d\u00e1 resultado?\" \/>\n<meta name=\"robots\" content=\"index, follow, max-snippet:-1, max-image-preview:large, max-video-preview:-1\" \/>\n<link rel=\"canonical\" href=\"https:\/\/radar.ibegesp.org.br\/governanca-compartilhada-parceria-entre-setor-publico-e-privado-da-resultado\/\" \/>\n<meta property=\"og:locale\" content=\"pt_BR\" \/>\n<meta property=\"og:type\" content=\"article\" \/>\n<meta property=\"og:title\" content=\"Governan\u00e7a compartilhada: parceria entre setor p\u00fablico e privado d\u00e1 resultado? - Radar IB\u00ca\" \/>\n<meta property=\"og:description\" content=\"Radar IB\u00ca - Governan\u00e7a compartilhada: parceria entre setor p\u00fablico e privado d\u00e1 resultado?\" \/>\n<meta property=\"og:url\" content=\"https:\/\/radar.ibegesp.org.br\/governanca-compartilhada-parceria-entre-setor-publico-e-privado-da-resultado\/\" \/>\n<meta property=\"og:site_name\" content=\"Radar IB\u00ca\" \/>\n<meta property=\"article:published_time\" content=\"2021-09-16T22:27:18+00:00\" \/>\n<meta property=\"article:modified_time\" content=\"2024-07-03T00:06:25+00:00\" \/>\n<meta property=\"og:image\" content=\"https:\/\/radar.ibegesp.org.br\/wp-content\/uploads\/2021\/09\/Podcast-49.jpg\" \/>\n\t<meta property=\"og:image:width\" content=\"1920\" \/>\n\t<meta property=\"og:image:height\" content=\"1080\" \/>\n\t<meta property=\"og:image:type\" content=\"image\/jpeg\" \/>\n<meta name=\"author\" content=\"Ibegesp Website\" \/>\n<meta name=\"twitter:card\" content=\"summary_large_image\" \/>\n<meta name=\"twitter:label1\" content=\"Escrito por\" \/>\n\t<meta name=\"twitter:data1\" content=\"Ibegesp Website\" \/>\n\t<meta name=\"twitter:label2\" content=\"Est. tempo de leitura\" \/>\n\t<meta name=\"twitter:data2\" content=\"1 minuto\" \/>\n<script type=\"application\/ld+json\" class=\"yoast-schema-graph\">{\"@context\":\"https:\/\/schema.org\",\"@graph\":[{\"@type\":\"Article\",\"@id\":\"https:\/\/radar.ibegesp.org.br\/governanca-compartilhada-parceria-entre-setor-publico-e-privado-da-resultado\/#article\",\"isPartOf\":{\"@id\":\"https:\/\/radar.ibegesp.org.br\/governanca-compartilhada-parceria-entre-setor-publico-e-privado-da-resultado\/\"},\"author\":{\"name\":\"Ibegesp Website\",\"@id\":\"https:\/\/radar.ibegesp.org.br\/#\/schema\/person\/dd527130e632a5336dd8be5668566fd9\"},\"headline\":\"Governan\u00e7a compartilhada: parceria entre setor p\u00fablico e privado d\u00e1 resultado?\",\"datePublished\":\"2021-09-16T22:27:18+00:00\",\"dateModified\":\"2024-07-03T00:06:25+00:00\",\"mainEntityOfPage\":{\"@id\":\"https:\/\/radar.ibegesp.org.br\/governanca-compartilhada-parceria-entre-setor-publico-e-privado-da-resultado\/\"},\"wordCount\":238,\"publisher\":{\"@id\":\"https:\/\/radar.ibegesp.org.br\/#organization\"},\"image\":{\"@id\":\"https:\/\/radar.ibegesp.org.br\/governanca-compartilhada-parceria-entre-setor-publico-e-privado-da-resultado\/#primaryimage\"},\"thumbnailUrl\":\"https:\/\/radar.ibegesp.org.br\/wp-content\/uploads\/2021\/09\/Podcast-49.jpg\",\"keywords\":[\"Podcasts\"],\"articleSection\":[\"Inova\u00e7\u00e3o e Boas Pr\u00e1ticas\"],\"inLanguage\":\"pt-BR\"},{\"@type\":\"WebPage\",\"@id\":\"https:\/\/radar.ibegesp.org.br\/governanca-compartilhada-parceria-entre-setor-publico-e-privado-da-resultado\/\",\"url\":\"https:\/\/radar.ibegesp.org.br\/governanca-compartilhada-parceria-entre-setor-publico-e-privado-da-resultado\/\",\"name\":\"Governan\u00e7a compartilhada: parceria entre setor p\u00fablico e privado d\u00e1 resultado? - Radar IB\u00ca\",\"isPartOf\":{\"@id\":\"https:\/\/radar.ibegesp.org.br\/#website\"},\"primaryImageOfPage\":{\"@id\":\"https:\/\/radar.ibegesp.org.br\/governanca-compartilhada-parceria-entre-setor-publico-e-privado-da-resultado\/#primaryimage\"},\"image\":{\"@id\":\"https:\/\/radar.ibegesp.org.br\/governanca-compartilhada-parceria-entre-setor-publico-e-privado-da-resultado\/#primaryimage\"},\"thumbnailUrl\":\"https:\/\/radar.ibegesp.org.br\/wp-content\/uploads\/2021\/09\/Podcast-49.jpg\",\"datePublished\":\"2021-09-16T22:27:18+00:00\",\"dateModified\":\"2024-07-03T00:06:25+00:00\",\"description\":\"Radar IB\u00ca - Governan\u00e7a compartilhada: parceria entre setor p\u00fablico e privado d\u00e1 resultado?\",\"breadcrumb\":{\"@id\":\"https:\/\/radar.ibegesp.org.br\/governanca-compartilhada-parceria-entre-setor-publico-e-privado-da-resultado\/#breadcrumb\"},\"inLanguage\":\"pt-BR\",\"potentialAction\":[{\"@type\":\"ReadAction\",\"target\":[\"https:\/\/radar.ibegesp.org.br\/governanca-compartilhada-parceria-entre-setor-publico-e-privado-da-resultado\/\"]}]},{\"@type\":\"ImageObject\",\"inLanguage\":\"pt-BR\",\"@id\":\"https:\/\/radar.ibegesp.org.br\/governanca-compartilhada-parceria-entre-setor-publico-e-privado-da-resultado\/#primaryimage\",\"url\":\"https:\/\/radar.ibegesp.org.br\/wp-content\/uploads\/2021\/09\/Podcast-49.jpg\",\"contentUrl\":\"https:\/\/radar.ibegesp.org.br\/wp-content\/uploads\/2021\/09\/Podcast-49.jpg\",\"width\":1920,\"height\":1080},{\"@type\":\"BreadcrumbList\",\"@id\":\"https:\/\/radar.ibegesp.org.br\/governanca-compartilhada-parceria-entre-setor-publico-e-privado-da-resultado\/#breadcrumb\",\"itemListElement\":[{\"@type\":\"ListItem\",\"position\":1,\"name\":\"Home\",\"item\":\"https:\/\/radar.ibegesp.org.br\/\"},{\"@type\":\"ListItem\",\"position\":2,\"name\":\"Governan\u00e7a compartilhada: parceria entre setor p\u00fablico e privado d\u00e1 resultado?\"}]},{\"@type\":\"WebSite\",\"@id\":\"https:\/\/radar.ibegesp.org.br\/#website\",\"url\":\"https:\/\/radar.ibegesp.org.br\/\",\"name\":\"Radar IB\u00ca\",\"description\":\"Contribu\u00edmos para uma gest\u00e3o p\u00fablica mais eficaz e transparente\",\"publisher\":{\"@id\":\"https:\/\/radar.ibegesp.org.br\/#organization\"},\"potentialAction\":[{\"@type\":\"SearchAction\",\"target\":{\"@type\":\"EntryPoint\",\"urlTemplate\":\"https:\/\/radar.ibegesp.org.br\/?s={search_term_string}\"},\"query-input\":{\"@type\":\"PropertyValueSpecification\",\"valueRequired\":true,\"valueName\":\"search_term_string\"}}],\"inLanguage\":\"pt-BR\"},{\"@type\":\"Organization\",\"@id\":\"https:\/\/radar.ibegesp.org.br\/#organization\",\"name\":\"Radar IB\u00ca\",\"url\":\"https:\/\/radar.ibegesp.org.br\/\",\"logo\":{\"@type\":\"ImageObject\",\"inLanguage\":\"pt-BR\",\"@id\":\"https:\/\/radar.ibegesp.org.br\/#\/schema\/logo\/image\/\",\"url\":\"https:\/\/radar.ibegesp.org.br\/wp-content\/uploads\/2021\/08\/logo-header.svg\",\"contentUrl\":\"https:\/\/radar.ibegesp.org.br\/wp-content\/uploads\/2021\/08\/logo-header.svg\",\"width\":1,\"height\":1,\"caption\":\"Radar IB\u00ca\"},\"image\":{\"@id\":\"https:\/\/radar.ibegesp.org.br\/#\/schema\/logo\/image\/\"}},{\"@type\":\"Person\",\"@id\":\"https:\/\/radar.ibegesp.org.br\/#\/schema\/person\/dd527130e632a5336dd8be5668566fd9\",\"name\":\"Ibegesp Website\",\"image\":{\"@type\":\"ImageObject\",\"inLanguage\":\"pt-BR\",\"@id\":\"https:\/\/secure.gravatar.com\/avatar\/7501c0099e9abfb9777c025997bc64a9e3f1a09167e37e79a15cd51bcf533ed0?s=96&d=mm&r=g\",\"url\":\"https:\/\/secure.gravatar.com\/avatar\/7501c0099e9abfb9777c025997bc64a9e3f1a09167e37e79a15cd51bcf533ed0?s=96&d=mm&r=g\",\"contentUrl\":\"https:\/\/secure.gravatar.com\/avatar\/7501c0099e9abfb9777c025997bc64a9e3f1a09167e37e79a15cd51bcf533ed0?s=96&d=mm&r=g\",\"caption\":\"Ibegesp Website\"},\"url\":\"https:\/\/radar.ibegesp.org.br\/author\/infra_infoibegesp-org-br\/\"}]}<\/script>\n<!-- \/ Yoast SEO plugin. -->","yoast_head_json":{"title":"Governan\u00e7a compartilhada: parceria entre setor p\u00fablico e privado d\u00e1 resultado? - Radar IB\u00ca","description":"Radar IB\u00ca - Governan\u00e7a compartilhada: parceria entre setor p\u00fablico e privado d\u00e1 resultado?","robots":{"index":"index","follow":"follow","max-snippet":"max-snippet:-1","max-image-preview":"max-image-preview:large","max-video-preview":"max-video-preview:-1"},"canonical":"https:\/\/radar.ibegesp.org.br\/governanca-compartilhada-parceria-entre-setor-publico-e-privado-da-resultado\/","og_locale":"pt_BR","og_type":"article","og_title":"Governan\u00e7a compartilhada: parceria entre setor p\u00fablico e privado d\u00e1 resultado? - Radar IB\u00ca","og_description":"Radar IB\u00ca - Governan\u00e7a compartilhada: parceria entre setor p\u00fablico e privado d\u00e1 resultado?","og_url":"https:\/\/radar.ibegesp.org.br\/governanca-compartilhada-parceria-entre-setor-publico-e-privado-da-resultado\/","og_site_name":"Radar IB\u00ca","article_published_time":"2021-09-16T22:27:18+00:00","article_modified_time":"2024-07-03T00:06:25+00:00","og_image":[{"width":1920,"height":1080,"url":"https:\/\/radar.ibegesp.org.br\/wp-content\/uploads\/2021\/09\/Podcast-49.jpg","type":"image\/jpeg"}],"author":"Ibegesp Website","twitter_card":"summary_large_image","twitter_misc":{"Escrito por":"Ibegesp Website","Est. tempo de leitura":"1 minuto"},"schema":{"@context":"https:\/\/schema.org","@graph":[{"@type":"Article","@id":"https:\/\/radar.ibegesp.org.br\/governanca-compartilhada-parceria-entre-setor-publico-e-privado-da-resultado\/#article","isPartOf":{"@id":"https:\/\/radar.ibegesp.org.br\/governanca-compartilhada-parceria-entre-setor-publico-e-privado-da-resultado\/"},"author":{"name":"Ibegesp Website","@id":"https:\/\/radar.ibegesp.org.br\/#\/schema\/person\/dd527130e632a5336dd8be5668566fd9"},"headline":"Governan\u00e7a compartilhada: parceria entre setor p\u00fablico e privado d\u00e1 resultado?","datePublished":"2021-09-16T22:27:18+00:00","dateModified":"2024-07-03T00:06:25+00:00","mainEntityOfPage":{"@id":"https:\/\/radar.ibegesp.org.br\/governanca-compartilhada-parceria-entre-setor-publico-e-privado-da-resultado\/"},"wordCount":238,"publisher":{"@id":"https:\/\/radar.ibegesp.org.br\/#organization"},"image":{"@id":"https:\/\/radar.ibegesp.org.br\/governanca-compartilhada-parceria-entre-setor-publico-e-privado-da-resultado\/#primaryimage"},"thumbnailUrl":"https:\/\/radar.ibegesp.org.br\/wp-content\/uploads\/2021\/09\/Podcast-49.jpg","keywords":["Podcasts"],"articleSection":["Inova\u00e7\u00e3o e Boas Pr\u00e1ticas"],"inLanguage":"pt-BR"},{"@type":"WebPage","@id":"https:\/\/radar.ibegesp.org.br\/governanca-compartilhada-parceria-entre-setor-publico-e-privado-da-resultado\/","url":"https:\/\/radar.ibegesp.org.br\/governanca-compartilhada-parceria-entre-setor-publico-e-privado-da-resultado\/","name":"Governan\u00e7a compartilhada: parceria entre setor p\u00fablico e privado d\u00e1 resultado? - Radar IB\u00ca","isPartOf":{"@id":"https:\/\/radar.ibegesp.org.br\/#website"},"primaryImageOfPage":{"@id":"https:\/\/radar.ibegesp.org.br\/governanca-compartilhada-parceria-entre-setor-publico-e-privado-da-resultado\/#primaryimage"},"image":{"@id":"https:\/\/radar.ibegesp.org.br\/governanca-compartilhada-parceria-entre-setor-publico-e-privado-da-resultado\/#primaryimage"},"thumbnailUrl":"https:\/\/radar.ibegesp.org.br\/wp-content\/uploads\/2021\/09\/Podcast-49.jpg","datePublished":"2021-09-16T22:27:18+00:00","dateModified":"2024-07-03T00:06:25+00:00","description":"Radar IB\u00ca - Governan\u00e7a compartilhada: parceria entre setor p\u00fablico e privado d\u00e1 resultado?","breadcrumb":{"@id":"https:\/\/radar.ibegesp.org.br\/governanca-compartilhada-parceria-entre-setor-publico-e-privado-da-resultado\/#breadcrumb"},"inLanguage":"pt-BR","potentialAction":[{"@type":"ReadAction","target":["https:\/\/radar.ibegesp.org.br\/governanca-compartilhada-parceria-entre-setor-publico-e-privado-da-resultado\/"]}]},{"@type":"ImageObject","inLanguage":"pt-BR","@id":"https:\/\/radar.ibegesp.org.br\/governanca-compartilhada-parceria-entre-setor-publico-e-privado-da-resultado\/#primaryimage","url":"https:\/\/radar.ibegesp.org.br\/wp-content\/uploads\/2021\/09\/Podcast-49.jpg","contentUrl":"https:\/\/radar.ibegesp.org.br\/wp-content\/uploads\/2021\/09\/Podcast-49.jpg","width":1920,"height":1080},{"@type":"BreadcrumbList","@id":"https:\/\/radar.ibegesp.org.br\/governanca-compartilhada-parceria-entre-setor-publico-e-privado-da-resultado\/#breadcrumb","itemListElement":[{"@type":"ListItem","position":1,"name":"Home","item":"https:\/\/radar.ibegesp.org.br\/"},{"@type":"ListItem","position":2,"name":"Governan\u00e7a compartilhada: parceria entre setor p\u00fablico e privado d\u00e1 resultado?"}]},{"@type":"WebSite","@id":"https:\/\/radar.ibegesp.org.br\/#website","url":"https:\/\/radar.ibegesp.org.br\/","name":"Radar IB\u00ca","description":"Contribu\u00edmos para uma gest\u00e3o p\u00fablica mais eficaz e transparente","publisher":{"@id":"https:\/\/radar.ibegesp.org.br\/#organization"},"potentialAction":[{"@type":"SearchAction","target":{"@type":"EntryPoint","urlTemplate":"https:\/\/radar.ibegesp.org.br\/?s={search_term_string}"},"query-input":{"@type":"PropertyValueSpecification","valueRequired":true,"valueName":"search_term_string"}}],"inLanguage":"pt-BR"},{"@type":"Organization","@id":"https:\/\/radar.ibegesp.org.br\/#organization","name":"Radar IB\u00ca","url":"https:\/\/radar.ibegesp.org.br\/","logo":{"@type":"ImageObject","inLanguage":"pt-BR","@id":"https:\/\/radar.ibegesp.org.br\/#\/schema\/logo\/image\/","url":"https:\/\/radar.ibegesp.org.br\/wp-content\/uploads\/2021\/08\/logo-header.svg","contentUrl":"https:\/\/radar.ibegesp.org.br\/wp-content\/uploads\/2021\/08\/logo-header.svg","width":1,"height":1,"caption":"Radar IB\u00ca"},"image":{"@id":"https:\/\/radar.ibegesp.org.br\/#\/schema\/logo\/image\/"}},{"@type":"Person","@id":"https:\/\/radar.ibegesp.org.br\/#\/schema\/person\/dd527130e632a5336dd8be5668566fd9","name":"Ibegesp Website","image":{"@type":"ImageObject","inLanguage":"pt-BR","@id":"https:\/\/secure.gravatar.com\/avatar\/7501c0099e9abfb9777c025997bc64a9e3f1a09167e37e79a15cd51bcf533ed0?s=96&d=mm&r=g","url":"https:\/\/secure.gravatar.com\/avatar\/7501c0099e9abfb9777c025997bc64a9e3f1a09167e37e79a15cd51bcf533ed0?s=96&d=mm&r=g","contentUrl":"https:\/\/secure.gravatar.com\/avatar\/7501c0099e9abfb9777c025997bc64a9e3f1a09167e37e79a15cd51bcf533ed0?s=96&d=mm&r=g","caption":"Ibegesp Website"},"url":"https:\/\/radar.ibegesp.org.br\/author\/infra_infoibegesp-org-br\/"}]}},"jetpack_featured_media_url":"https:\/\/radar.ibegesp.org.br\/wp-content\/uploads\/2021\/09\/Podcast-49.jpg","_links":{"self":[{"href":"https:\/\/radar.ibegesp.org.br\/api\/wp\/v2\/posts\/3074","targetHints":{"allow":["GET"]}}],"collection":[{"href":"https:\/\/radar.ibegesp.org.br\/api\/wp\/v2\/posts"}],"about":[{"href":"https:\/\/radar.ibegesp.org.br\/api\/wp\/v2\/types\/post"}],"author":[{"embeddable":true,"href":"https:\/\/radar.ibegesp.org.br\/api\/wp\/v2\/users\/9"}],"replies":[{"embeddable":true,"href":"https:\/\/radar.ibegesp.org.br\/api\/wp\/v2\/comments?post=3074"}],"version-history":[{"count":0,"href":"https:\/\/radar.ibegesp.org.br\/api\/wp\/v2\/posts\/3074\/revisions"}],"wp:featuredmedia":[{"embeddable":true,"href":"https:\/\/radar.ibegesp.org.br\/api\/wp\/v2\/media\/3467"}],"wp:attachment":[{"href":"https:\/\/radar.ibegesp.org.br\/api\/wp\/v2\/media?parent=3074"}],"wp:term":[{"taxonomy":"category","embeddable":true,"href":"https:\/\/radar.ibegesp.org.br\/api\/wp\/v2\/categories?post=3074"},{"taxonomy":"post_tag","embeddable":true,"href":"https:\/\/radar.ibegesp.org.br\/api\/wp\/v2\/tags?post=3074"},{"taxonomy":"formato","embeddable":true,"href":"https:\/\/radar.ibegesp.org.br\/api\/wp\/v2\/formato?post=3074"},{"taxonomy":"autor","embeddable":true,"href":"https:\/\/radar.ibegesp.org.br\/api\/wp\/v2\/autor?post=3074"}],"curies":[{"name":"wp","href":"https:\/\/api.w.org\/{rel}","templated":true}]}}