{"id":4043,"date":"2022-05-24T14:13:29","date_gmt":"2022-05-24T17:13:29","guid":{"rendered":"https:\/\/radar.ibegesp.org.br\/?p=4043"},"modified":"2022-05-24T14:13:30","modified_gmt":"2022-05-24T17:13:30","slug":"1-ano-da-nova-lei-de-licitacoes-e-contratos-o-que-foi-feito-ate-agora","status":"publish","type":"post","link":"https:\/\/radar.ibegesp.org.br\/1-ano-da-nova-lei-de-licitacoes-e-contratos-o-que-foi-feito-ate-agora\/","title":{"rendered":"1 ano da Nova Lei de Licita\u00e7\u00f5es e Contratos: o que foi feito at\u00e9 agora?"},"content":{"rendered":"\n<h2 class=\"wp-block-heading\" id=\"h-confira-as-suas-principais-novidades-e-os-regulamentos-publicados-at-agora\">Confira as suas principais novidades e os regulamentos publicados at\u00e9 agora<\/h2>\n\n\n\n<p class=\"wp-block-paragraph\">No dia 01\/04\/2022, a t\u00e3o celebrada <strong>Nova Lei de Licita\u00e7\u00f5es e Contrata\u00e7\u00f5es P\u00fablicas<\/strong> \u2013 Lei n\u00ba 14.133\/2021 \u2013 completou <strong>1 ano de vig\u00eancia<\/strong>. Tendo como principais <a href=\"https:\/\/www.gov.br\/compras\/pt-br\/nllc\/Contrataes_Pblicas_2022.pdf\" target=\"_blank\" rel=\"noreferrer noopener\">pilares<\/a> o planejamento, a padroniza\u00e7\u00e3o, o governo digital, a competitividade e a transpar\u00eancia, o novo regulamento trouxe <strong><a href=\"https:\/\/radar.ibegesp.org.br\/a-nova-lei-de-licitacoes-e-mais-eficiente-que-a-lei-federal-no-8-666-93\/\" target=\"_blank\" rel=\"noreferrer noopener\">importantes mudan\u00e7as<\/a><\/strong>, tais como as exemplificadas a seguir:<\/p>\n\n\n\n<figure class=\"wp-block-image size-large\"><img loading=\"lazy\" decoding=\"async\" width=\"1024\" height=\"381\" src=\"https:\/\/radar.ibegesp.org.br\/wp-content\/uploads\/2022\/05\/Interna-1-2-1024x381.png\" alt=\"\" class=\"wp-image-4044\" srcset=\"https:\/\/radar.ibegesp.org.br\/wp-content\/uploads\/2022\/05\/Interna-1-2-1024x381.png 1024w, https:\/\/radar.ibegesp.org.br\/wp-content\/uploads\/2022\/05\/Interna-1-2-300x112.png 300w, https:\/\/radar.ibegesp.org.br\/wp-content\/uploads\/2022\/05\/Interna-1-2-768x286.png 768w, https:\/\/radar.ibegesp.org.br\/wp-content\/uploads\/2022\/05\/Interna-1-2-1536x572.png 1536w, https:\/\/radar.ibegesp.org.br\/wp-content\/uploads\/2022\/05\/Interna-1-2-16x6.png 16w, https:\/\/radar.ibegesp.org.br\/wp-content\/uploads\/2022\/05\/Interna-1-2.png 1800w\" sizes=\"auto, (max-width: 1024px) 100vw, 1024px\" \/><\/figure>\n\n\n\n<p class=\"wp-block-paragraph\">Assim, considerando o <strong>per\u00edodo de 2 anos de transi\u00e7\u00e3o<\/strong> entre os regimes antigo e novo, 2022 est\u00e1 sendo um ano repleto de desafios aos que atuam nessa \u00e1rea, dada a quantidade de dispositivos que ainda precisam de regulamenta\u00e7\u00e3o. <strong>Mas o que foi feito at\u00e9 agora? Confira alguns destaques a seguir:<\/strong><\/p>\n\n\n\n<figure class=\"wp-block-image size-large\"><img loading=\"lazy\" decoding=\"async\" width=\"1024\" height=\"63\" src=\"https:\/\/radar.ibegesp.org.br\/wp-content\/uploads\/2022\/05\/Interna-2-1-1024x63.png\" alt=\"\" class=\"wp-image-4045\" srcset=\"https:\/\/radar.ibegesp.org.br\/wp-content\/uploads\/2022\/05\/Interna-2-1-1024x63.png 1024w, https:\/\/radar.ibegesp.org.br\/wp-content\/uploads\/2022\/05\/Interna-2-1-300x18.png 300w, https:\/\/radar.ibegesp.org.br\/wp-content\/uploads\/2022\/05\/Interna-2-1-768x47.png 768w, https:\/\/radar.ibegesp.org.br\/wp-content\/uploads\/2022\/05\/Interna-2-1-1536x95.png 1536w, https:\/\/radar.ibegesp.org.br\/wp-content\/uploads\/2022\/05\/Interna-2-1-16x1.png 16w, https:\/\/radar.ibegesp.org.br\/wp-content\/uploads\/2022\/05\/Interna-2-1.png 1625w\" sizes=\"auto, (max-width: 1024px) 100vw, 1024px\" \/><\/figure>\n\n\n\n<p class=\"wp-block-paragraph\">Foi publicada, no dia 08\/07\/2021, a <a href=\"https:\/\/www.in.gov.br\/en\/web\/dou\/-\/instrucao-normativa-seges-\/me-n-65-de-7-de-julho-de-2021-330673635\" target=\"_blank\" rel=\"noreferrer noopener\">Instru\u00e7\u00e3o Normativa Seges n\u00ba 65<\/a>, que trata sobre o procedimento administrativo para a <strong>realiza\u00e7\u00e3o de pesquisa de pre\u00e7os<\/strong> para aquisi\u00e7\u00e3o de bens e contrata\u00e7\u00e3o de servi\u00e7os em geral, no \u00e2mbito da administra\u00e7\u00e3o p\u00fablica federal direta, aut\u00e1rquica e fundacional.<\/p>\n\n\n\n<p class=\"wp-block-paragraph\">De acordo com <a href=\"https:\/\/www.gov.br\/economia\/pt-br\/assuntos\/noticias\/2021\/julho\/ministerio-da-economia-regulamenta-pesquisa-de-precos-com-base-na-nova-lei-de-licitacoes\" target=\"_blank\" rel=\"noreferrer noopener\">not\u00edcia<\/a> publicada na p\u00e1gina do Minist\u00e9rio da Economia, a nova norma estabelece <strong>procedimentos de formaliza\u00e7\u00e3o<\/strong> e <strong>crit\u00e9rios <\/strong>para a pesquisa de pre\u00e7os, <strong>par\u00e2metros e metodologia para determina\u00e7\u00e3o do pre\u00e7o estimado<\/strong> em processo licitat\u00f3rio, al\u00e9m de definir <strong>regras espec\u00edficas para contrata\u00e7\u00e3o direta<\/strong> por inexigibilidade ou dispensa de licita\u00e7\u00e3o.<\/p>\n\n\n\n<figure class=\"wp-block-image size-large\"><img loading=\"lazy\" decoding=\"async\" width=\"1024\" height=\"63\" src=\"https:\/\/radar.ibegesp.org.br\/wp-content\/uploads\/2022\/05\/Interna-3-1024x63.png\" alt=\"\" class=\"wp-image-4046\" srcset=\"https:\/\/radar.ibegesp.org.br\/wp-content\/uploads\/2022\/05\/Interna-3-1024x63.png 1024w, https:\/\/radar.ibegesp.org.br\/wp-content\/uploads\/2022\/05\/Interna-3-300x18.png 300w, https:\/\/radar.ibegesp.org.br\/wp-content\/uploads\/2022\/05\/Interna-3-768x47.png 768w, https:\/\/radar.ibegesp.org.br\/wp-content\/uploads\/2022\/05\/Interna-3-1536x95.png 1536w, https:\/\/radar.ibegesp.org.br\/wp-content\/uploads\/2022\/05\/Interna-3-16x1.png 16w, https:\/\/radar.ibegesp.org.br\/wp-content\/uploads\/2022\/05\/Interna-3.png 1625w\" sizes=\"auto, (max-width: 1024px) 100vw, 1024px\" \/><\/figure>\n\n\n\n<p class=\"wp-block-paragraph\">Foi publicado, no dia 28\/09\/2021, o <a href=\"https:\/\/www.in.gov.br\/en\/web\/dou\/-\/decreto-n-10.818-de-27-de-setembro-de-2021-348146639\" target=\"_blank\" rel=\"noreferrer noopener\">Decreto n\u00ba 10.818<\/a>, que regulamenta o disposto no art. 20 da Lei n\u00ba 14.133\/2021, estabelecendo crit\u00e9rios para que bens de consumo a serem comprados pela Administra\u00e7\u00e3o P\u00fablica sejam classificados nas categorias qualidade <strong>comum e de luxo.<\/strong><\/p>\n\n\n\n<p class=\"wp-block-paragraph\">Para o referido decreto, \u00e9 considerado bem de luxo o \u201cbem de consumo com alta elasticidade-renda da demanda, identific\u00e1vel por meio de caracter\u00edsticas tais como: <strong>ostenta\u00e7\u00e3o, opul\u00eancia, forte apelo est\u00e9tico ou requinte<\/strong>.\u201d J\u00e1 com rela\u00e7\u00e3o ao bem de qualidade comum, o decreto traz o seguinte conceito: \u201cbem de consumo com <strong>baixa ou moderada elasticidade-renda da demanda<\/strong>.\u201d<\/p>\n\n\n\n<p class=\"wp-block-paragraph\">Ainda, de acordo com <a href=\"https:\/\/www.gov.br\/secretariageral\/pt-br\/noticias\/2021\/setembro\/decreto-veda-aquisicao-pela-administracao-publica-de-bens-de-consumo-classificados-como-artigos-de-luxo\" target=\"_blank\" rel=\"noreferrer noopener\">not\u00edcia<\/a> publicada na p\u00e1gina da Secretaria-Geral da Presid\u00eancia da Rep\u00fablica, n\u00e3o ser\u00e1 considerado como bem de luxo aquele cuja qualidade superior seja <strong>resultante de estrita necessidade de atender compet\u00eancias final\u00edsticas espec\u00edficas do \u00f3rg\u00e3o ou entidade<\/strong>, como um computador com configura\u00e7\u00f5es acima da m\u00e9dia, por exemplo.<\/p>\n\n\n\n<p class=\"wp-block-paragraph\">O decreto em comento \u00e9 <strong>aplic\u00e1vel aos \u00f3rg\u00e3os e entidades da Administra\u00e7\u00e3o P\u00fablica federal direta, aut\u00e1rquica e fundacional<\/strong>, bem como \u00e0s contrata\u00e7\u00f5es realizadas por outros entes federativos com a <strong>utiliza\u00e7\u00e3o de recursos da Uni\u00e3o oriundos de transfer\u00eancias volunt\u00e1rias.<\/strong><\/p>\n\n\n\n<figure class=\"wp-block-image size-large\"><img loading=\"lazy\" decoding=\"async\" width=\"1024\" height=\"63\" src=\"https:\/\/radar.ibegesp.org.br\/wp-content\/uploads\/2022\/05\/Interna-4-1024x63.png\" alt=\"\" class=\"wp-image-4047\" srcset=\"https:\/\/radar.ibegesp.org.br\/wp-content\/uploads\/2022\/05\/Interna-4-1024x63.png 1024w, https:\/\/radar.ibegesp.org.br\/wp-content\/uploads\/2022\/05\/Interna-4-300x18.png 300w, https:\/\/radar.ibegesp.org.br\/wp-content\/uploads\/2022\/05\/Interna-4-768x47.png 768w, https:\/\/radar.ibegesp.org.br\/wp-content\/uploads\/2022\/05\/Interna-4-1536x95.png 1536w, https:\/\/radar.ibegesp.org.br\/wp-content\/uploads\/2022\/05\/Interna-4-16x1.png 16w, https:\/\/radar.ibegesp.org.br\/wp-content\/uploads\/2022\/05\/Interna-4.png 1625w\" sizes=\"auto, (max-width: 1024px) 100vw, 1024px\" \/><\/figure>\n\n\n\n<p class=\"wp-block-paragraph\">Al\u00e9m das regulamenta\u00e7\u00f5es citadas anteriormente, acessando a p\u00e1gina do <strong><a href=\"https:\/\/www.gov.br\/compras\/pt-br\/nllc\" target=\"_blank\" rel=\"noreferrer noopener\">Portal de Compras do Governo Federal<\/a><\/strong>, \u00e9 poss\u00edvel acompanhar outras regulamenta\u00e7\u00f5es da Nova Lei de Licita\u00e7\u00f5es e Contrata\u00e7\u00f5es P\u00fablicas, assim como os seus est\u00e1gios.<\/p>\n\n\n\n<p class=\"wp-block-paragraph\">A t\u00edtulo de exemplo, seguem outras <strong>regulamenta\u00e7\u00f5es j\u00e1 publicadas:<\/strong><\/p>\n\n\n\n<ul class=\"wp-block-list\"><li><a href=\"https:\/\/in.gov.br\/en\/web\/dou\/-\/decreto-n-10.764-de-9-de-agosto-de-2021-337231352\" target=\"_blank\" rel=\"noreferrer noopener\">Decreto<\/a> que disp\u00f5e sobre o Comit\u00ea Gestor da Rede Nacional de Contrata\u00e7\u00f5es P\u00fablicas;<\/li><li><a href=\"https:\/\/www.in.gov.br\/en\/web\/dou\/-\/portaria-seges\/me-n-8.678-de-19-de-julho-de-2021-332956169\" target=\"_blank\" rel=\"noreferrer noopener\">Portaria<\/a> sobre Governan\u00e7a das Contrata\u00e7\u00f5es P\u00fablicas.<\/li><li><a href=\"https:\/\/www.in.gov.br\/en\/web\/dou\/-\/instrucao-normativa-seges\/me-n-67-de-8-de-julho-de-2021-330985107\" target=\"_blank\" rel=\"noreferrer noopener\">Instru\u00e7\u00e3o Normativa<\/a> sobre a Dispensa Eletr\u00f4nica.<\/li><\/ul>\n\n\n\n<p class=\"wp-block-paragraph\">Ademais, \u00e9 poss\u00edvel checar os est\u00e1gios das <strong>regulamenta\u00e7\u00f5es que est\u00e3o em andamento<\/strong>, tais como:<\/p>\n\n\n\n<ul class=\"wp-block-list\"><li>Decreto de agente de contrata\u00e7\u00e3o, equipe de apoio, comiss\u00e3o de contrata\u00e7\u00e3o, gestores e fiscais de contratos;<\/li><li>Instru\u00e7\u00e3o Normativa sobre os Estudos T\u00e9cnicos Preliminares;<\/li><li>Decreto de cota para mulheres v\u00edtimas de viol\u00eancia dom\u00e9stica, que foi tema <a href=\"https:\/\/radar.ibegesp.org.br\/o-que-a-nova-lei-de-licitacoes-tem-a-ver-com-o-dia-internacional-da-mulher\/\" target=\"_blank\" rel=\"noreferrer noopener\">deste artigo<\/a>.<\/li><\/ul>\n\n\n\n<figure class=\"wp-block-image size-large\"><img loading=\"lazy\" decoding=\"async\" width=\"1024\" height=\"63\" src=\"https:\/\/radar.ibegesp.org.br\/wp-content\/uploads\/2022\/05\/Interna-5-1024x63.png\" alt=\"\" class=\"wp-image-4048\" srcset=\"https:\/\/radar.ibegesp.org.br\/wp-content\/uploads\/2022\/05\/Interna-5-1024x63.png 1024w, https:\/\/radar.ibegesp.org.br\/wp-content\/uploads\/2022\/05\/Interna-5-300x18.png 300w, https:\/\/radar.ibegesp.org.br\/wp-content\/uploads\/2022\/05\/Interna-5-768x47.png 768w, https:\/\/radar.ibegesp.org.br\/wp-content\/uploads\/2022\/05\/Interna-5-1536x95.png 1536w, https:\/\/radar.ibegesp.org.br\/wp-content\/uploads\/2022\/05\/Interna-5-16x1.png 16w, https:\/\/radar.ibegesp.org.br\/wp-content\/uploads\/2022\/05\/Interna-5.png 1625w\" sizes=\"auto, (max-width: 1024px) 100vw, 1024px\" \/><\/figure>\n\n\n\n<p class=\"wp-block-paragraph\">Alguns estados tamb\u00e9m t\u00eam anunciado o <strong>in\u00edcio do processo de regulamenta\u00e7\u00e3o<\/strong> da Nova Lei de Licita\u00e7\u00f5es.&nbsp;<\/p>\n\n\n\n<p class=\"wp-block-paragraph\">\u00c9 o <strong><a href=\"https:\/\/planejamento.mg.gov.br\/pagina\/logistica\/nova-lei-de-licitacoes-e-contratos\" target=\"_blank\" rel=\"noreferrer noopener\">caso de Minas Gerais<\/a><\/strong>, que em julho\/2021 instituiu o Grupo de Trabalho (GT) da Nova Lei e vem anunciando consultas p\u00fablicas para adequa\u00e7\u00e3o dos procedimentos de compras \u00e0 nova lei. Um <strong>outro exemplo \u00e9 o <a href=\"https:\/\/www.aen.pr.gov.br\/Noticia\/Governador-regulamenta-lei-que-da-mais-transparencia-e-sustentabilidade-contratacoes\" target=\"_blank\" rel=\"noreferrer noopener\">Paran\u00e1<\/a><\/strong>, que publicou um decreto regulamentando a Nova Lei de Licita\u00e7\u00f5es no \u00e2mbito estadual (Decreto Estadual n\u00ba 10.086\/2022).<\/p>\n\n\n\n<p class=\"wp-block-paragraph\">Por fim, a <strong><a href=\"https:\/\/www.al.mt.gov.br\/midia\/texto\/almt-cria-comissao-para-regulamentar-aplicacao-da-nova-lei-de-licitacao-obrigatorias-a-partir-de-abril-de-2023\/visualizar\" target=\"_blank\" rel=\"noreferrer noopener\">Assembleia Legislativa do Mato Grosso<\/a><\/strong>, em abril\/2022, anunciou a cria\u00e7\u00e3o de comiss\u00e3o para fazer os ajustes necess\u00e1rios antes de p\u00f4r em pr\u00e1tica as novas diretrizes da Nova Lei de Licita\u00e7\u00f5es.<\/p>\n\n\n\n<p class=\"wp-block-paragraph\">E a\u00ed, servidor(a), o Estado em que atua j\u00e1 deu o pontap\u00e9 inicial nas regulamenta\u00e7\u00f5es da Nova Lei de Licita\u00e7\u00f5es e Contratos? Que tal seguir os exemplos acima? \ud83d\ude09<\/p>\n\n\n\n<p class=\"wp-block-paragraph\">Ah, e <strong>conte com o IBEGESP<\/strong> para capacitar a sua equipe sobre a Nova Lei neste ano t\u00e3o emblem\u00e1tico. \u00c9 s\u00f3 entrar em contato com a nossa <strong>equipe de relacionamento<\/strong> por meio do <strong><a href=\"https:\/\/ibegesp.org.br\/\" target=\"_blank\" rel=\"noreferrer noopener\">nosso site<\/a><\/strong>!<\/p>\n","protected":false},"excerpt":{"rendered":"<p>Confira as suas principais novidades e os regulamentos publicados at\u00e9 agora No dia 01\/04\/2022, a t\u00e3o celebrada Nova Lei de Licita\u00e7\u00f5es e Contrata\u00e7\u00f5es P\u00fablicas \u2013 Lei n\u00ba 14.133\/2021 \u2013 completou 1 ano de vig\u00eancia. Tendo como principais pilares o planejamento, a padroniza\u00e7\u00e3o, o governo digital, a competitividade e a transpar\u00eancia, o novo regulamento trouxe importantes [&hellip;]<\/p>\n","protected":false},"author":2,"featured_media":4049,"comment_status":"closed","ping_status":"closed","sticky":false,"template":"","format":"standard","meta":{"_acf_changed":false,"_crdt_document":"","inline_featured_image":false,"footnotes":""},"categories":[16],"tags":[180,30,21,255,189],"formato":[4],"autor":[118],"class_list":["post-4043","post","type-post","status-publish","format-standard","has-post-thumbnail","hentry","category-licitacoes-e-contratos","tag-contratacoes-publicas","tag-licitacoes-e-contratos","tag-materias","tag-nllc","tag-nova-lei-de-licitacoes","formato-artigos","autor-isabela-montoro"],"acf":[],"yoast_head":"<!-- This site is optimized with the Yoast SEO plugin v27.2 - https:\/\/yoast.com\/product\/yoast-seo-wordpress\/ -->\n<title>1 ano da Nova Lei de Licita\u00e7\u00f5es e Contratos: o que foi feito at\u00e9 agora?<\/title>\n<meta name=\"description\" content=\"A t\u00e3o celebrada Nova Lei de Licita\u00e7\u00f5es e Contrata\u00e7\u00f5es P\u00fablicas \u2013 Lei n\u00ba 14.133\/2021 \u2013 completou 1 ano de vig\u00eancia. Mas o que foi feito?\" \/>\n<meta name=\"robots\" content=\"index, follow, max-snippet:-1, max-image-preview:large, max-video-preview:-1\" \/>\n<link rel=\"canonical\" href=\"https:\/\/radar.ibegesp.org.br\/1-ano-da-nova-lei-de-licitacoes-e-contratos-o-que-foi-feito-ate-agora\/\" \/>\n<meta property=\"og:locale\" content=\"pt_BR\" \/>\n<meta property=\"og:type\" content=\"article\" \/>\n<meta property=\"og:title\" content=\"1 ano da Nova Lei de Licita\u00e7\u00f5es e Contratos: o que foi feito at\u00e9 agora?\" \/>\n<meta property=\"og:description\" content=\"A t\u00e3o celebrada Nova Lei de Licita\u00e7\u00f5es e Contrata\u00e7\u00f5es P\u00fablicas \u2013 Lei n\u00ba 14.133\/2021 \u2013 completou 1 ano de vig\u00eancia. Mas o que foi feito?\" \/>\n<meta property=\"og:url\" content=\"https:\/\/radar.ibegesp.org.br\/1-ano-da-nova-lei-de-licitacoes-e-contratos-o-que-foi-feito-ate-agora\/\" \/>\n<meta property=\"og:site_name\" content=\"Radar IB\u00ca\" \/>\n<meta property=\"article:published_time\" content=\"2022-05-24T17:13:29+00:00\" \/>\n<meta property=\"article:modified_time\" content=\"2022-05-24T17:13:30+00:00\" \/>\n<meta property=\"og:image\" content=\"https:\/\/radar.ibegesp.org.br\/wp-content\/uploads\/2022\/05\/Banner-1.jpg\" \/>\n\t<meta property=\"og:image:width\" content=\"1920\" \/>\n\t<meta property=\"og:image:height\" content=\"1080\" \/>\n\t<meta property=\"og:image:type\" content=\"image\/jpeg\" \/>\n<meta name=\"author\" content=\"Amanda Tiemi Nakazato\" \/>\n<meta name=\"twitter:card\" content=\"summary_large_image\" \/>\n<meta name=\"twitter:label1\" content=\"Escrito por\" \/>\n\t<meta name=\"twitter:data1\" content=\"Amanda Tiemi Nakazato\" \/>\n\t<meta name=\"twitter:label2\" content=\"Est. tempo de leitura\" \/>\n\t<meta name=\"twitter:data2\" content=\"4 minutos\" \/>\n<script type=\"application\/ld+json\" class=\"yoast-schema-graph\">{\"@context\":\"https:\/\/schema.org\",\"@graph\":[{\"@type\":\"Article\",\"@id\":\"https:\/\/radar.ibegesp.org.br\/1-ano-da-nova-lei-de-licitacoes-e-contratos-o-que-foi-feito-ate-agora\/#article\",\"isPartOf\":{\"@id\":\"https:\/\/radar.ibegesp.org.br\/1-ano-da-nova-lei-de-licitacoes-e-contratos-o-que-foi-feito-ate-agora\/\"},\"author\":{\"name\":\"Amanda Tiemi Nakazato\",\"@id\":\"https:\/\/radar.ibegesp.org.br\/#\/schema\/person\/df6c8e157533f905ca0ffccccac0d976\"},\"headline\":\"1 ano da Nova Lei de Licita\u00e7\u00f5es e Contratos: o que foi feito at\u00e9 agora?\",\"datePublished\":\"2022-05-24T17:13:29+00:00\",\"dateModified\":\"2022-05-24T17:13:30+00:00\",\"mainEntityOfPage\":{\"@id\":\"https:\/\/radar.ibegesp.org.br\/1-ano-da-nova-lei-de-licitacoes-e-contratos-o-que-foi-feito-ate-agora\/\"},\"wordCount\":784,\"publisher\":{\"@id\":\"https:\/\/radar.ibegesp.org.br\/#organization\"},\"image\":{\"@id\":\"https:\/\/radar.ibegesp.org.br\/1-ano-da-nova-lei-de-licitacoes-e-contratos-o-que-foi-feito-ate-agora\/#primaryimage\"},\"thumbnailUrl\":\"https:\/\/radar.ibegesp.org.br\/wp-content\/uploads\/2022\/05\/Banner-1.jpg\",\"keywords\":[\"Contrata\u00e7\u00f5es P\u00fablicas\",\"Licita\u00e7\u00f5es e Contratos\",\"Mat\u00e9rias\",\"NLLC\",\"Nova Lei de Licita\u00e7\u00f5es\"],\"articleSection\":[\"Licita\u00e7\u00f5es e Contratos\"],\"inLanguage\":\"pt-BR\"},{\"@type\":\"WebPage\",\"@id\":\"https:\/\/radar.ibegesp.org.br\/1-ano-da-nova-lei-de-licitacoes-e-contratos-o-que-foi-feito-ate-agora\/\",\"url\":\"https:\/\/radar.ibegesp.org.br\/1-ano-da-nova-lei-de-licitacoes-e-contratos-o-que-foi-feito-ate-agora\/\",\"name\":\"1 ano da Nova Lei de Licita\u00e7\u00f5es e Contratos: o que foi feito at\u00e9 agora?\",\"isPartOf\":{\"@id\":\"https:\/\/radar.ibegesp.org.br\/#website\"},\"primaryImageOfPage\":{\"@id\":\"https:\/\/radar.ibegesp.org.br\/1-ano-da-nova-lei-de-licitacoes-e-contratos-o-que-foi-feito-ate-agora\/#primaryimage\"},\"image\":{\"@id\":\"https:\/\/radar.ibegesp.org.br\/1-ano-da-nova-lei-de-licitacoes-e-contratos-o-que-foi-feito-ate-agora\/#primaryimage\"},\"thumbnailUrl\":\"https:\/\/radar.ibegesp.org.br\/wp-content\/uploads\/2022\/05\/Banner-1.jpg\",\"datePublished\":\"2022-05-24T17:13:29+00:00\",\"dateModified\":\"2022-05-24T17:13:30+00:00\",\"description\":\"A t\u00e3o celebrada Nova Lei de Licita\u00e7\u00f5es e Contrata\u00e7\u00f5es P\u00fablicas \u2013 Lei n\u00ba 14.133\/2021 \u2013 completou 1 ano de vig\u00eancia. Mas o que foi feito?\",\"breadcrumb\":{\"@id\":\"https:\/\/radar.ibegesp.org.br\/1-ano-da-nova-lei-de-licitacoes-e-contratos-o-que-foi-feito-ate-agora\/#breadcrumb\"},\"inLanguage\":\"pt-BR\",\"potentialAction\":[{\"@type\":\"ReadAction\",\"target\":[\"https:\/\/radar.ibegesp.org.br\/1-ano-da-nova-lei-de-licitacoes-e-contratos-o-que-foi-feito-ate-agora\/\"]}]},{\"@type\":\"ImageObject\",\"inLanguage\":\"pt-BR\",\"@id\":\"https:\/\/radar.ibegesp.org.br\/1-ano-da-nova-lei-de-licitacoes-e-contratos-o-que-foi-feito-ate-agora\/#primaryimage\",\"url\":\"https:\/\/radar.ibegesp.org.br\/wp-content\/uploads\/2022\/05\/Banner-1.jpg\",\"contentUrl\":\"https:\/\/radar.ibegesp.org.br\/wp-content\/uploads\/2022\/05\/Banner-1.jpg\",\"width\":1920,\"height\":1080},{\"@type\":\"BreadcrumbList\",\"@id\":\"https:\/\/radar.ibegesp.org.br\/1-ano-da-nova-lei-de-licitacoes-e-contratos-o-que-foi-feito-ate-agora\/#breadcrumb\",\"itemListElement\":[{\"@type\":\"ListItem\",\"position\":1,\"name\":\"Home\",\"item\":\"https:\/\/radar.ibegesp.org.br\/\"},{\"@type\":\"ListItem\",\"position\":2,\"name\":\"1 ano da Nova Lei de Licita\u00e7\u00f5es e Contratos: o que foi feito at\u00e9 agora?\"}]},{\"@type\":\"WebSite\",\"@id\":\"https:\/\/radar.ibegesp.org.br\/#website\",\"url\":\"https:\/\/radar.ibegesp.org.br\/\",\"name\":\"Radar IB\u00ca\",\"description\":\"Contribu\u00edmos para uma gest\u00e3o p\u00fablica mais eficaz e transparente\",\"publisher\":{\"@id\":\"https:\/\/radar.ibegesp.org.br\/#organization\"},\"potentialAction\":[{\"@type\":\"SearchAction\",\"target\":{\"@type\":\"EntryPoint\",\"urlTemplate\":\"https:\/\/radar.ibegesp.org.br\/?s={search_term_string}\"},\"query-input\":{\"@type\":\"PropertyValueSpecification\",\"valueRequired\":true,\"valueName\":\"search_term_string\"}}],\"inLanguage\":\"pt-BR\"},{\"@type\":\"Organization\",\"@id\":\"https:\/\/radar.ibegesp.org.br\/#organization\",\"name\":\"Radar IB\u00ca\",\"url\":\"https:\/\/radar.ibegesp.org.br\/\",\"logo\":{\"@type\":\"ImageObject\",\"inLanguage\":\"pt-BR\",\"@id\":\"https:\/\/radar.ibegesp.org.br\/#\/schema\/logo\/image\/\",\"url\":\"https:\/\/radar.ibegesp.org.br\/wp-content\/uploads\/2021\/08\/logo-header.svg\",\"contentUrl\":\"https:\/\/radar.ibegesp.org.br\/wp-content\/uploads\/2021\/08\/logo-header.svg\",\"width\":1,\"height\":1,\"caption\":\"Radar IB\u00ca\"},\"image\":{\"@id\":\"https:\/\/radar.ibegesp.org.br\/#\/schema\/logo\/image\/\"}},{\"@type\":\"Person\",\"@id\":\"https:\/\/radar.ibegesp.org.br\/#\/schema\/person\/df6c8e157533f905ca0ffccccac0d976\",\"name\":\"Amanda Tiemi Nakazato\",\"image\":{\"@type\":\"ImageObject\",\"inLanguage\":\"pt-BR\",\"@id\":\"https:\/\/secure.gravatar.com\/avatar\/d0020ed989b68569c0bd02f891a2200bdd42d6324a5aa5c4595ade9c69bf81f4?s=96&d=mm&r=g\",\"url\":\"https:\/\/secure.gravatar.com\/avatar\/d0020ed989b68569c0bd02f891a2200bdd42d6324a5aa5c4595ade9c69bf81f4?s=96&d=mm&r=g\",\"contentUrl\":\"https:\/\/secure.gravatar.com\/avatar\/d0020ed989b68569c0bd02f891a2200bdd42d6324a5aa5c4595ade9c69bf81f4?s=96&d=mm&r=g\",\"caption\":\"Amanda Tiemi Nakazato\"},\"url\":\"https:\/\/radar.ibegesp.org.br\/author\/amanda\/\"}]}<\/script>\n<!-- \/ Yoast SEO plugin. -->","yoast_head_json":{"title":"1 ano da Nova Lei de Licita\u00e7\u00f5es e Contratos: o que foi feito at\u00e9 agora?","description":"A t\u00e3o celebrada Nova Lei de Licita\u00e7\u00f5es e Contrata\u00e7\u00f5es P\u00fablicas \u2013 Lei n\u00ba 14.133\/2021 \u2013 completou 1 ano de vig\u00eancia. Mas o que foi feito?","robots":{"index":"index","follow":"follow","max-snippet":"max-snippet:-1","max-image-preview":"max-image-preview:large","max-video-preview":"max-video-preview:-1"},"canonical":"https:\/\/radar.ibegesp.org.br\/1-ano-da-nova-lei-de-licitacoes-e-contratos-o-que-foi-feito-ate-agora\/","og_locale":"pt_BR","og_type":"article","og_title":"1 ano da Nova Lei de Licita\u00e7\u00f5es e Contratos: o que foi feito at\u00e9 agora?","og_description":"A t\u00e3o celebrada Nova Lei de Licita\u00e7\u00f5es e Contrata\u00e7\u00f5es P\u00fablicas \u2013 Lei n\u00ba 14.133\/2021 \u2013 completou 1 ano de vig\u00eancia. Mas o que foi feito?","og_url":"https:\/\/radar.ibegesp.org.br\/1-ano-da-nova-lei-de-licitacoes-e-contratos-o-que-foi-feito-ate-agora\/","og_site_name":"Radar IB\u00ca","article_published_time":"2022-05-24T17:13:29+00:00","article_modified_time":"2022-05-24T17:13:30+00:00","og_image":[{"width":1920,"height":1080,"url":"https:\/\/radar.ibegesp.org.br\/wp-content\/uploads\/2022\/05\/Banner-1.jpg","type":"image\/jpeg"}],"author":"Amanda Tiemi Nakazato","twitter_card":"summary_large_image","twitter_misc":{"Escrito por":"Amanda Tiemi Nakazato","Est. tempo de leitura":"4 minutos"},"schema":{"@context":"https:\/\/schema.org","@graph":[{"@type":"Article","@id":"https:\/\/radar.ibegesp.org.br\/1-ano-da-nova-lei-de-licitacoes-e-contratos-o-que-foi-feito-ate-agora\/#article","isPartOf":{"@id":"https:\/\/radar.ibegesp.org.br\/1-ano-da-nova-lei-de-licitacoes-e-contratos-o-que-foi-feito-ate-agora\/"},"author":{"name":"Amanda Tiemi Nakazato","@id":"https:\/\/radar.ibegesp.org.br\/#\/schema\/person\/df6c8e157533f905ca0ffccccac0d976"},"headline":"1 ano da Nova Lei de Licita\u00e7\u00f5es e Contratos: o que foi feito at\u00e9 agora?","datePublished":"2022-05-24T17:13:29+00:00","dateModified":"2022-05-24T17:13:30+00:00","mainEntityOfPage":{"@id":"https:\/\/radar.ibegesp.org.br\/1-ano-da-nova-lei-de-licitacoes-e-contratos-o-que-foi-feito-ate-agora\/"},"wordCount":784,"publisher":{"@id":"https:\/\/radar.ibegesp.org.br\/#organization"},"image":{"@id":"https:\/\/radar.ibegesp.org.br\/1-ano-da-nova-lei-de-licitacoes-e-contratos-o-que-foi-feito-ate-agora\/#primaryimage"},"thumbnailUrl":"https:\/\/radar.ibegesp.org.br\/wp-content\/uploads\/2022\/05\/Banner-1.jpg","keywords":["Contrata\u00e7\u00f5es P\u00fablicas","Licita\u00e7\u00f5es e Contratos","Mat\u00e9rias","NLLC","Nova Lei de Licita\u00e7\u00f5es"],"articleSection":["Licita\u00e7\u00f5es e Contratos"],"inLanguage":"pt-BR"},{"@type":"WebPage","@id":"https:\/\/radar.ibegesp.org.br\/1-ano-da-nova-lei-de-licitacoes-e-contratos-o-que-foi-feito-ate-agora\/","url":"https:\/\/radar.ibegesp.org.br\/1-ano-da-nova-lei-de-licitacoes-e-contratos-o-que-foi-feito-ate-agora\/","name":"1 ano da Nova Lei de Licita\u00e7\u00f5es e Contratos: o que foi feito at\u00e9 agora?","isPartOf":{"@id":"https:\/\/radar.ibegesp.org.br\/#website"},"primaryImageOfPage":{"@id":"https:\/\/radar.ibegesp.org.br\/1-ano-da-nova-lei-de-licitacoes-e-contratos-o-que-foi-feito-ate-agora\/#primaryimage"},"image":{"@id":"https:\/\/radar.ibegesp.org.br\/1-ano-da-nova-lei-de-licitacoes-e-contratos-o-que-foi-feito-ate-agora\/#primaryimage"},"thumbnailUrl":"https:\/\/radar.ibegesp.org.br\/wp-content\/uploads\/2022\/05\/Banner-1.jpg","datePublished":"2022-05-24T17:13:29+00:00","dateModified":"2022-05-24T17:13:30+00:00","description":"A t\u00e3o celebrada Nova Lei de Licita\u00e7\u00f5es e Contrata\u00e7\u00f5es P\u00fablicas \u2013 Lei n\u00ba 14.133\/2021 \u2013 completou 1 ano de vig\u00eancia. Mas o que foi feito?","breadcrumb":{"@id":"https:\/\/radar.ibegesp.org.br\/1-ano-da-nova-lei-de-licitacoes-e-contratos-o-que-foi-feito-ate-agora\/#breadcrumb"},"inLanguage":"pt-BR","potentialAction":[{"@type":"ReadAction","target":["https:\/\/radar.ibegesp.org.br\/1-ano-da-nova-lei-de-licitacoes-e-contratos-o-que-foi-feito-ate-agora\/"]}]},{"@type":"ImageObject","inLanguage":"pt-BR","@id":"https:\/\/radar.ibegesp.org.br\/1-ano-da-nova-lei-de-licitacoes-e-contratos-o-que-foi-feito-ate-agora\/#primaryimage","url":"https:\/\/radar.ibegesp.org.br\/wp-content\/uploads\/2022\/05\/Banner-1.jpg","contentUrl":"https:\/\/radar.ibegesp.org.br\/wp-content\/uploads\/2022\/05\/Banner-1.jpg","width":1920,"height":1080},{"@type":"BreadcrumbList","@id":"https:\/\/radar.ibegesp.org.br\/1-ano-da-nova-lei-de-licitacoes-e-contratos-o-que-foi-feito-ate-agora\/#breadcrumb","itemListElement":[{"@type":"ListItem","position":1,"name":"Home","item":"https:\/\/radar.ibegesp.org.br\/"},{"@type":"ListItem","position":2,"name":"1 ano da Nova Lei de Licita\u00e7\u00f5es e Contratos: o que foi feito at\u00e9 agora?"}]},{"@type":"WebSite","@id":"https:\/\/radar.ibegesp.org.br\/#website","url":"https:\/\/radar.ibegesp.org.br\/","name":"Radar IB\u00ca","description":"Contribu\u00edmos para uma gest\u00e3o p\u00fablica mais eficaz e transparente","publisher":{"@id":"https:\/\/radar.ibegesp.org.br\/#organization"},"potentialAction":[{"@type":"SearchAction","target":{"@type":"EntryPoint","urlTemplate":"https:\/\/radar.ibegesp.org.br\/?s={search_term_string}"},"query-input":{"@type":"PropertyValueSpecification","valueRequired":true,"valueName":"search_term_string"}}],"inLanguage":"pt-BR"},{"@type":"Organization","@id":"https:\/\/radar.ibegesp.org.br\/#organization","name":"Radar IB\u00ca","url":"https:\/\/radar.ibegesp.org.br\/","logo":{"@type":"ImageObject","inLanguage":"pt-BR","@id":"https:\/\/radar.ibegesp.org.br\/#\/schema\/logo\/image\/","url":"https:\/\/radar.ibegesp.org.br\/wp-content\/uploads\/2021\/08\/logo-header.svg","contentUrl":"https:\/\/radar.ibegesp.org.br\/wp-content\/uploads\/2021\/08\/logo-header.svg","width":1,"height":1,"caption":"Radar IB\u00ca"},"image":{"@id":"https:\/\/radar.ibegesp.org.br\/#\/schema\/logo\/image\/"}},{"@type":"Person","@id":"https:\/\/radar.ibegesp.org.br\/#\/schema\/person\/df6c8e157533f905ca0ffccccac0d976","name":"Amanda Tiemi Nakazato","image":{"@type":"ImageObject","inLanguage":"pt-BR","@id":"https:\/\/secure.gravatar.com\/avatar\/d0020ed989b68569c0bd02f891a2200bdd42d6324a5aa5c4595ade9c69bf81f4?s=96&d=mm&r=g","url":"https:\/\/secure.gravatar.com\/avatar\/d0020ed989b68569c0bd02f891a2200bdd42d6324a5aa5c4595ade9c69bf81f4?s=96&d=mm&r=g","contentUrl":"https:\/\/secure.gravatar.com\/avatar\/d0020ed989b68569c0bd02f891a2200bdd42d6324a5aa5c4595ade9c69bf81f4?s=96&d=mm&r=g","caption":"Amanda Tiemi Nakazato"},"url":"https:\/\/radar.ibegesp.org.br\/author\/amanda\/"}]}},"jetpack_featured_media_url":"https:\/\/radar.ibegesp.org.br\/wp-content\/uploads\/2022\/05\/Banner-1.jpg","_links":{"self":[{"href":"https:\/\/radar.ibegesp.org.br\/api\/wp\/v2\/posts\/4043","targetHints":{"allow":["GET"]}}],"collection":[{"href":"https:\/\/radar.ibegesp.org.br\/api\/wp\/v2\/posts"}],"about":[{"href":"https:\/\/radar.ibegesp.org.br\/api\/wp\/v2\/types\/post"}],"author":[{"embeddable":true,"href":"https:\/\/radar.ibegesp.org.br\/api\/wp\/v2\/users\/2"}],"replies":[{"embeddable":true,"href":"https:\/\/radar.ibegesp.org.br\/api\/wp\/v2\/comments?post=4043"}],"version-history":[{"count":0,"href":"https:\/\/radar.ibegesp.org.br\/api\/wp\/v2\/posts\/4043\/revisions"}],"wp:featuredmedia":[{"embeddable":true,"href":"https:\/\/radar.ibegesp.org.br\/api\/wp\/v2\/media\/4049"}],"wp:attachment":[{"href":"https:\/\/radar.ibegesp.org.br\/api\/wp\/v2\/media?parent=4043"}],"wp:term":[{"taxonomy":"category","embeddable":true,"href":"https:\/\/radar.ibegesp.org.br\/api\/wp\/v2\/categories?post=4043"},{"taxonomy":"post_tag","embeddable":true,"href":"https:\/\/radar.ibegesp.org.br\/api\/wp\/v2\/tags?post=4043"},{"taxonomy":"formato","embeddable":true,"href":"https:\/\/radar.ibegesp.org.br\/api\/wp\/v2\/formato?post=4043"},{"taxonomy":"autor","embeddable":true,"href":"https:\/\/radar.ibegesp.org.br\/api\/wp\/v2\/autor?post=4043"}],"curies":[{"name":"wp","href":"https:\/\/api.w.org\/{rel}","templated":true}]}}