{"id":4223,"date":"2022-11-29T14:00:00","date_gmt":"2022-11-29T17:00:00","guid":{"rendered":"https:\/\/radar.ibegesp.org.br\/?p=4223"},"modified":"2022-12-06T17:52:13","modified_gmt":"2022-12-06T20:52:13","slug":"a-nova-lei-de-improbidade-administrativa-maior-flexibilizacao-ou-menor-injustica","status":"publish","type":"post","link":"https:\/\/radar.ibegesp.org.br\/a-nova-lei-de-improbidade-administrativa-maior-flexibilizacao-ou-menor-injustica\/","title":{"rendered":"A Nova Lei de Improbidade Administrativa: Maior Flexibiliza\u00e7\u00e3o ou Menor Injusti\u00e7a?"},"content":{"rendered":"\n<p class=\"has-text-align-right wp-block-paragraph\">*Artigo de opini\u00e3o<\/p>\n\n\n\n<h2 class=\"wp-block-heading\" id=\"h-entenda-as-mudan-as-com-a-nova-lei-de-improbidade-administrativa-e-suas-implica-es\">Entenda as mudan\u00e7as com a Nova Lei de Improbidade Administrativa e suas implica\u00e7\u00f5es<\/h2>\n\n\n\n<p class=\"wp-block-paragraph\">Entrou em vigor em outubro de 2021 a <strong>nova Lei de Improbidade Administrativa<\/strong> (Lei Federal 14230\/2021) com grandes mudan\u00e7as, o que gerou discuss\u00f5es sobre o tema. E afinal de contas, <strong>a nova Lei flexibilizou ou tornou mais justo o julgamento?<\/strong><\/p>\n\n\n\n<p class=\"wp-block-paragraph\">A principal mudan\u00e7a com o advento da nova Lei \u00e9 que, a partir dela, para estar configurada a improbidade administrativa \u00e9 necess\u00e1rio <strong>haver o dolo<\/strong>; enquanto na legisla\u00e7\u00e3o anterior, a improbidade j\u00e1 era caracterizada pela simples <strong>imprud\u00eancia<\/strong>, <strong>imper\u00edcia<\/strong> ou <strong>neglig\u00eancia<\/strong>. A prop\u00f3sito, sabe a diferen\u00e7a entre os tr\u00eas termos? Se n\u00e3o, vamos olhar cada um.<\/p>\n\n\n\n<p class=\"wp-block-paragraph\">A <strong>Imprud\u00eancia<\/strong> ocorre quando o agente, apesar de n\u00e3o se omitir, <strong>n\u00e3o age de forma cautelosa<\/strong>. Aqui h\u00e1 a a\u00e7\u00e3o, mas de forma diversa da que deveria ocorrer. Por exemplo, o motorista de determinada reparti\u00e7\u00e3o p\u00fablica que se atrasa ao sair para uma viagem e quer \u201cdescontar\u201d esse atraso na rodovia, desrespeitando os limites de velocidade e demais sinaliza\u00e7\u00f5es com o objetivo de cortar caminho.<\/p>\n\n\n\n<p class=\"wp-block-paragraph\">Na <strong>Imper\u00edcia<\/strong>, \u00e9 latente a <strong>falta de forma\u00e7\u00e3o t\u00e9cnica ou pr\u00e1tica<\/strong> para o correto desempenho da atividade a ser exercida. Por exemplo, imaginemos que determinada reparti\u00e7\u00e3o p\u00fablica contrate servidores de n\u00edvel m\u00e9dio para atuarem como fiscais, por\u00e9m n\u00e3o os capacita nem quanto \u00e0 legisla\u00e7\u00e3o em vigor nem quanto o <em>modus operandi<\/em>, gerando inseguran\u00e7a jur\u00eddica \u00e0s autua\u00e7\u00f5es e d\u00favidas \u00e0 compet\u00eancia dos referidos servidores.<\/p>\n\n\n\n<p class=\"wp-block-paragraph\">J\u00e1 na <strong>Neglig\u00eancia<\/strong>, o servidor <strong>deixa de tomar a atitude esperada<\/strong> para a ocasi\u00e3o. Por exemplo, suponha que ao retirar um documento na reparti\u00e7\u00e3o A, o cidad\u00e3o deve assinar um livro de protocolo; no entanto, ele consegue retirar o documento sem assinar. Nesse caso, o agente p\u00fablico que liberou o documento sem colher a assinatura no livro de protocolo foi imprudente por agir de forma descuidada aos processos previstos no servi\u00e7o.<\/p>\n\n\n\n<figure class=\"wp-block-image size-large\"><img loading=\"lazy\" decoding=\"async\" width=\"1024\" height=\"397\" src=\"https:\/\/radar.ibegesp.org.br\/wp-content\/uploads\/2022\/11\/Interna-3-1024x397.png\" alt=\"\" class=\"wp-image-4224\" srcset=\"https:\/\/radar.ibegesp.org.br\/wp-content\/uploads\/2022\/11\/Interna-3-1024x397.png 1024w, https:\/\/radar.ibegesp.org.br\/wp-content\/uploads\/2022\/11\/Interna-3-300x116.png 300w, https:\/\/radar.ibegesp.org.br\/wp-content\/uploads\/2022\/11\/Interna-3-768x298.png 768w, https:\/\/radar.ibegesp.org.br\/wp-content\/uploads\/2022\/11\/Interna-3-1536x595.png 1536w, https:\/\/radar.ibegesp.org.br\/wp-content\/uploads\/2022\/11\/Interna-3-16x6.png 16w, https:\/\/radar.ibegesp.org.br\/wp-content\/uploads\/2022\/11\/Interna-3.png 1799w\" sizes=\"auto, (max-width: 1024px) 100vw, 1024px\" \/><\/figure>\n\n\n\n<p class=\"wp-block-paragraph\">Todas essas situa\u00e7\u00f5es geram, no Direito Civil, a <strong>Culpa<\/strong> que \u00e9 definida como produto da Imprud\u00eancia, da Imper\u00edcia ou da Neglig\u00eancia. \u00c9 o que ouvimos quando acontece algum acidente com v\u00edtima fatal: \u2018Fulano de Tal foi indiciado por homic\u00eddio culposo no acidente ocorrido ano passado, pois atropelou um pedestre que atravessou a rodovia e n\u00e3o conseguiu parar a tempo. O motorista n\u00e3o queria matar o pedestre; entretanto o fez, mas sem inten\u00e7\u00e3o.\u2019&nbsp;<\/p>\n\n\n\n<p class=\"wp-block-paragraph\">Ent\u00e3o, enquanto na <strong>Culpa n\u00e3o h\u00e1 inten\u00e7\u00e3o do ato<\/strong>, o <strong>Dolo \u00e9 a inten\u00e7\u00e3o pura e literal<\/strong>. \u00c9 o fruto da vontade e do desejo.&nbsp;<\/p>\n\n\n\n<p class=\"wp-block-paragraph\">Dito isto, surge a <strong>d\u00favida<\/strong>: Como definir quais atos s\u00e3o dolosos e quais s\u00e3o culposos? Como julgar de forma clara sem cair em subjetividades? Bom, primeiro devemos nos atentar ao fato de que a pr\u00f3pria <strong>Lei de Improbidade Administrativa<\/strong> elenca os <strong>casos dolosos<\/strong>, ainda que em algumas situa\u00e7\u00f5es possam ocorrer margens \u00e0 interpreta\u00e7\u00e3o sobre a exist\u00eancia do dolo ou da mera culpa.<\/p>\n\n\n\n<p class=\"wp-block-paragraph\">Um exemplo que nos ajuda a compreender \u00e9 o caso do agente p\u00fablico que deixa de prestar contas quando est\u00e1 obrigado a faz\u00ea-lo; mas apenas por perder o prazo previsto em lei. A intempestividade da referida presta\u00e7\u00e3o de contas \u00e9 caso de <strong>neglig\u00eancia<\/strong>, portanto, <strong>culpa<\/strong>. Agora, se esse atraso tinha na verdade <strong>inten\u00e7\u00f5es<\/strong> de esconder irregularidades, ent\u00e3o h\u00e1 o <strong>dolo<\/strong>, ou seja, a inten\u00e7\u00e3o de causar danos ao er\u00e1rio. Outro exemplo de dolo aplicado \u00e0 Administra\u00e7\u00e3o P\u00fablica \u00e9 o <strong>nepotismo<\/strong>. Al\u00e9m de ser crime previsto na Lei de Improbidade Administrativa, a a\u00e7\u00e3o de nomear o parente em cargo de confian\u00e7a deixa clara a inten\u00e7\u00e3o do agente p\u00fablico.<\/p>\n\n\n\n<p class=\"wp-block-paragraph\">Respondendo, finalmente, \u00e0 primeira pergunta deste artigo, houve, sim, certa <strong>flexibiliza\u00e7\u00e3o<\/strong> em rela\u00e7\u00e3o \u00e0 Lei anterior, principalmente em <strong>n\u00e3o considerar a\u00e7\u00f5es culposas como atos de improbidade<\/strong>. Outro ponto que merece destaque aqui \u00e9 que \u201cem casos de menor ofensa \u00e0 administra\u00e7\u00e3o p\u00fablica, a pena poder\u00e1 ser limitada \u00e0 aplica\u00e7\u00e3o de multa, sem preju\u00edzo do ressarcimento do dano\u201d (Ag\u00eancia C\u00e2mara de Not\u00edcias), entre outras medidas.<\/p>\n\n\n\n<p class=\"wp-block-paragraph\">Apesar dessa flexibilidade que a nova Lei nos trouxe, \u00e9 importante lembrar que os casos previstos nela s\u00e3o, na maioria, <strong>categ\u00f3ricos e inflex\u00edveis<\/strong>. Podemos, sem d\u00favida, verificar que essa nova Lei \u00e9 a tentativa de <strong>diminuir<\/strong> as \u201cinjusti\u00e7as\u201d com <strong>exonera\u00e7\u00f5es<\/strong> causadas por improbidade. A \u00fanica certeza que devemos buscar \u00e9 a de que apesar de mais flex\u00edvel e menos injusta, devemos buscar realizar nossas a\u00e7\u00f5es enquanto agentes p\u00fablicos com o <strong>maior grau de compet\u00eancia<\/strong> poss\u00edvel, exatamente para minimizarmos os erros e conseguirmos <strong>atingir os Princ\u00edpios da Administra\u00e7\u00e3o P\u00fablica<\/strong>.<\/p>\n\n\n\n<p class=\"wp-block-paragraph\"><strong>Bibliografia<\/strong>:&nbsp;<\/p>\n\n\n\n<p class=\"wp-block-paragraph\">AG\u00caNCIA C\u00c2MARA DE NOT\u00cdCIAS. Mudan\u00e7as na Lei de Improbidade Administrativa entram em vigor; 26\/10\/2021; Dispon\u00edvel em &lt; <a href=\"https:\/\/www.camara.leg.br\/noticias\/820702-mudancas-na-lei-de-improbidade-administrativa-entram-%20em-vigor.htm\">https:\/\/www.camara.leg.br\/noticias\/820702-mudancas-na-lei-de-improbidade-administrativa-entram- em-vigor.htm<\/a> &gt;. Acesso em: 03 de out. de 2022.<\/p>\n\n\n\n<p class=\"wp-block-paragraph\">PLANALTO. Lei 14230 de 2021. Dispon\u00edvel em &lt; <a href=\"http:\/\/www.planalto.gov.br\/ccivil_03\/_Ato2019-2022\/2021\/Lei\/L14230.htm\">http:\/\/www.planalto.gov.br\/ccivil_03\/_Ato2019-2022\/2021\/Lei\/L14230.htm<\/a> &gt;. Acesso em: 03 de out. de 2022.<\/p>\n\n\n\n<p class=\"wp-block-paragraph\">FEMPAR. Not\u00edcias. Entenda a diferen\u00e7a entre neglig\u00eancia, imprud\u00eancia e imper\u00edcia. Dispon\u00edvel em &lt; <a href=\"https:\/\/femparpr.org.br\/site\/2021\/06\/09\/entenda-diferenca-entre-negligencia-imprudencia-e-impericia\/\">https:\/\/femparpr.org.br\/site\/2021\/06\/09\/entenda-diferenca-entre-negligencia-imprudencia-e-impericia\/<\/a> >. Acesso em: 03 de out. de 2022.<\/p>\n\n\n\n<hr class=\"wp-block-separator has-alpha-channel-opacity\"\/>\n\n\n\n<p class=\"wp-block-paragraph\">*Os artigos aqui divulgados s\u00e3o enviados pelos redatores volunt\u00e1rios da plataforma. Assim, o Radar IBEGESP n\u00e3o se responsabiliza por nenhuma opini\u00e3o pessoal aqui emitida, sendo o conte\u00fado de inteira responsabilidade dos autores da publica\u00e7\u00e3o.<\/p>\n","protected":false},"excerpt":{"rendered":"<p>*Artigo de opini\u00e3o Entenda as mudan\u00e7as com a Nova Lei de Improbidade Administrativa e suas implica\u00e7\u00f5es Entrou em vigor em outubro de 2021 a nova Lei de Improbidade Administrativa (Lei Federal 14230\/2021) com grandes mudan\u00e7as, o que gerou discuss\u00f5es sobre o tema. E afinal de contas, a nova Lei flexibilizou ou tornou mais justo o [&hellip;]<\/p>\n","protected":false},"author":2,"featured_media":4225,"comment_status":"closed","ping_status":"closed","sticky":false,"template":"","format":"standard","meta":{"_acf_changed":false,"_crdt_document":"","inline_featured_image":false,"footnotes":""},"categories":[14],"tags":[25,373,372],"formato":[4],"autor":[325],"class_list":["post-4223","post","type-post","status-publish","format-standard","has-post-thumbnail","hentry","category-administracao-publica-e-direito-administrativo","tag-gestao-publica","tag-legislacao","tag-nova-lei-de-improbidade-administrativa","formato-artigos","autor-jorge-wellington-barreto-rodrigues"],"acf":[],"yoast_head":"<!-- This site is optimized with the Yoast SEO plugin v27.2 - https:\/\/yoast.com\/product\/yoast-seo-wordpress\/ -->\n<title>A Nova Lei de Improbidade Administrativa: Maior Flexibiliza\u00e7\u00e3o ou Menor Injusti\u00e7a?<\/title>\n<meta name=\"description\" content=\"Entenda as mudan\u00e7as com a Nova Lei de Improbidade Administrativa e suas implica\u00e7\u00f5es: mais justa ou mais flex\u00edvel?\" \/>\n<meta name=\"robots\" content=\"index, follow, max-snippet:-1, max-image-preview:large, max-video-preview:-1\" \/>\n<link rel=\"canonical\" href=\"https:\/\/radar.ibegesp.org.br\/a-nova-lei-de-improbidade-administrativa-maior-flexibilizacao-ou-menor-injustica\/\" \/>\n<meta property=\"og:locale\" content=\"pt_BR\" \/>\n<meta property=\"og:type\" content=\"article\" \/>\n<meta property=\"og:title\" content=\"A Nova Lei de Improbidade Administrativa: Maior Flexibiliza\u00e7\u00e3o ou Menor Injusti\u00e7a?\" \/>\n<meta property=\"og:description\" content=\"Entenda as mudan\u00e7as com a Nova Lei de Improbidade Administrativa e suas implica\u00e7\u00f5es: mais justa ou mais flex\u00edvel?\" \/>\n<meta property=\"og:url\" content=\"https:\/\/radar.ibegesp.org.br\/a-nova-lei-de-improbidade-administrativa-maior-flexibilizacao-ou-menor-injustica\/\" \/>\n<meta property=\"og:site_name\" content=\"Radar IB\u00ca\" \/>\n<meta property=\"article:published_time\" content=\"2022-11-29T17:00:00+00:00\" \/>\n<meta property=\"article:modified_time\" content=\"2022-12-06T20:52:13+00:00\" \/>\n<meta property=\"og:image\" content=\"https:\/\/radar.ibegesp.org.br\/wp-content\/uploads\/2022\/11\/Banner-1.jpg\" \/>\n\t<meta property=\"og:image:width\" content=\"1920\" \/>\n\t<meta property=\"og:image:height\" content=\"1080\" \/>\n\t<meta property=\"og:image:type\" content=\"image\/jpeg\" \/>\n<meta name=\"author\" content=\"Amanda Tiemi Nakazato\" \/>\n<meta name=\"twitter:card\" content=\"summary_large_image\" \/>\n<meta name=\"twitter:label1\" content=\"Escrito por\" \/>\n\t<meta name=\"twitter:data1\" content=\"Amanda Tiemi Nakazato\" \/>\n\t<meta name=\"twitter:label2\" content=\"Est. tempo de leitura\" \/>\n\t<meta name=\"twitter:data2\" content=\"4 minutos\" \/>\n<script type=\"application\/ld+json\" class=\"yoast-schema-graph\">{\"@context\":\"https:\/\/schema.org\",\"@graph\":[{\"@type\":\"Article\",\"@id\":\"https:\/\/radar.ibegesp.org.br\/a-nova-lei-de-improbidade-administrativa-maior-flexibilizacao-ou-menor-injustica\/#article\",\"isPartOf\":{\"@id\":\"https:\/\/radar.ibegesp.org.br\/a-nova-lei-de-improbidade-administrativa-maior-flexibilizacao-ou-menor-injustica\/\"},\"author\":{\"name\":\"Amanda Tiemi Nakazato\",\"@id\":\"https:\/\/radar.ibegesp.org.br\/#\/schema\/person\/df6c8e157533f905ca0ffccccac0d976\"},\"headline\":\"A Nova Lei de Improbidade Administrativa: Maior Flexibiliza\u00e7\u00e3o ou Menor Injusti\u00e7a?\",\"datePublished\":\"2022-11-29T17:00:00+00:00\",\"dateModified\":\"2022-12-06T20:52:13+00:00\",\"mainEntityOfPage\":{\"@id\":\"https:\/\/radar.ibegesp.org.br\/a-nova-lei-de-improbidade-administrativa-maior-flexibilizacao-ou-menor-injustica\/\"},\"wordCount\":955,\"publisher\":{\"@id\":\"https:\/\/radar.ibegesp.org.br\/#organization\"},\"image\":{\"@id\":\"https:\/\/radar.ibegesp.org.br\/a-nova-lei-de-improbidade-administrativa-maior-flexibilizacao-ou-menor-injustica\/#primaryimage\"},\"thumbnailUrl\":\"https:\/\/radar.ibegesp.org.br\/wp-content\/uploads\/2022\/11\/Banner-1.jpg\",\"keywords\":[\"Gest\u00e3o P\u00fablica\",\"Legisla\u00e7\u00e3o\",\"Nova Lei de Improbidade Administrativa\"],\"articleSection\":[\"Administra\u00e7\u00e3o P\u00fablica e Direito Administrativo\"],\"inLanguage\":\"pt-BR\"},{\"@type\":\"WebPage\",\"@id\":\"https:\/\/radar.ibegesp.org.br\/a-nova-lei-de-improbidade-administrativa-maior-flexibilizacao-ou-menor-injustica\/\",\"url\":\"https:\/\/radar.ibegesp.org.br\/a-nova-lei-de-improbidade-administrativa-maior-flexibilizacao-ou-menor-injustica\/\",\"name\":\"A Nova Lei de Improbidade Administrativa: Maior Flexibiliza\u00e7\u00e3o ou Menor Injusti\u00e7a?\",\"isPartOf\":{\"@id\":\"https:\/\/radar.ibegesp.org.br\/#website\"},\"primaryImageOfPage\":{\"@id\":\"https:\/\/radar.ibegesp.org.br\/a-nova-lei-de-improbidade-administrativa-maior-flexibilizacao-ou-menor-injustica\/#primaryimage\"},\"image\":{\"@id\":\"https:\/\/radar.ibegesp.org.br\/a-nova-lei-de-improbidade-administrativa-maior-flexibilizacao-ou-menor-injustica\/#primaryimage\"},\"thumbnailUrl\":\"https:\/\/radar.ibegesp.org.br\/wp-content\/uploads\/2022\/11\/Banner-1.jpg\",\"datePublished\":\"2022-11-29T17:00:00+00:00\",\"dateModified\":\"2022-12-06T20:52:13+00:00\",\"description\":\"Entenda as mudan\u00e7as com a Nova Lei de Improbidade Administrativa e suas implica\u00e7\u00f5es: mais justa ou mais flex\u00edvel?\",\"breadcrumb\":{\"@id\":\"https:\/\/radar.ibegesp.org.br\/a-nova-lei-de-improbidade-administrativa-maior-flexibilizacao-ou-menor-injustica\/#breadcrumb\"},\"inLanguage\":\"pt-BR\",\"potentialAction\":[{\"@type\":\"ReadAction\",\"target\":[\"https:\/\/radar.ibegesp.org.br\/a-nova-lei-de-improbidade-administrativa-maior-flexibilizacao-ou-menor-injustica\/\"]}]},{\"@type\":\"ImageObject\",\"inLanguage\":\"pt-BR\",\"@id\":\"https:\/\/radar.ibegesp.org.br\/a-nova-lei-de-improbidade-administrativa-maior-flexibilizacao-ou-menor-injustica\/#primaryimage\",\"url\":\"https:\/\/radar.ibegesp.org.br\/wp-content\/uploads\/2022\/11\/Banner-1.jpg\",\"contentUrl\":\"https:\/\/radar.ibegesp.org.br\/wp-content\/uploads\/2022\/11\/Banner-1.jpg\",\"width\":1920,\"height\":1080},{\"@type\":\"BreadcrumbList\",\"@id\":\"https:\/\/radar.ibegesp.org.br\/a-nova-lei-de-improbidade-administrativa-maior-flexibilizacao-ou-menor-injustica\/#breadcrumb\",\"itemListElement\":[{\"@type\":\"ListItem\",\"position\":1,\"name\":\"Home\",\"item\":\"https:\/\/radar.ibegesp.org.br\/\"},{\"@type\":\"ListItem\",\"position\":2,\"name\":\"A Nova Lei de Improbidade Administrativa: Maior Flexibiliza\u00e7\u00e3o ou Menor Injusti\u00e7a?\"}]},{\"@type\":\"WebSite\",\"@id\":\"https:\/\/radar.ibegesp.org.br\/#website\",\"url\":\"https:\/\/radar.ibegesp.org.br\/\",\"name\":\"Radar IB\u00ca\",\"description\":\"Contribu\u00edmos para uma gest\u00e3o p\u00fablica mais eficaz e transparente\",\"publisher\":{\"@id\":\"https:\/\/radar.ibegesp.org.br\/#organization\"},\"potentialAction\":[{\"@type\":\"SearchAction\",\"target\":{\"@type\":\"EntryPoint\",\"urlTemplate\":\"https:\/\/radar.ibegesp.org.br\/?s={search_term_string}\"},\"query-input\":{\"@type\":\"PropertyValueSpecification\",\"valueRequired\":true,\"valueName\":\"search_term_string\"}}],\"inLanguage\":\"pt-BR\"},{\"@type\":\"Organization\",\"@id\":\"https:\/\/radar.ibegesp.org.br\/#organization\",\"name\":\"Radar IB\u00ca\",\"url\":\"https:\/\/radar.ibegesp.org.br\/\",\"logo\":{\"@type\":\"ImageObject\",\"inLanguage\":\"pt-BR\",\"@id\":\"https:\/\/radar.ibegesp.org.br\/#\/schema\/logo\/image\/\",\"url\":\"https:\/\/radar.ibegesp.org.br\/wp-content\/uploads\/2021\/08\/logo-header.svg\",\"contentUrl\":\"https:\/\/radar.ibegesp.org.br\/wp-content\/uploads\/2021\/08\/logo-header.svg\",\"width\":1,\"height\":1,\"caption\":\"Radar IB\u00ca\"},\"image\":{\"@id\":\"https:\/\/radar.ibegesp.org.br\/#\/schema\/logo\/image\/\"}},{\"@type\":\"Person\",\"@id\":\"https:\/\/radar.ibegesp.org.br\/#\/schema\/person\/df6c8e157533f905ca0ffccccac0d976\",\"name\":\"Amanda Tiemi Nakazato\",\"image\":{\"@type\":\"ImageObject\",\"inLanguage\":\"pt-BR\",\"@id\":\"https:\/\/secure.gravatar.com\/avatar\/d0020ed989b68569c0bd02f891a2200bdd42d6324a5aa5c4595ade9c69bf81f4?s=96&d=mm&r=g\",\"url\":\"https:\/\/secure.gravatar.com\/avatar\/d0020ed989b68569c0bd02f891a2200bdd42d6324a5aa5c4595ade9c69bf81f4?s=96&d=mm&r=g\",\"contentUrl\":\"https:\/\/secure.gravatar.com\/avatar\/d0020ed989b68569c0bd02f891a2200bdd42d6324a5aa5c4595ade9c69bf81f4?s=96&d=mm&r=g\",\"caption\":\"Amanda Tiemi Nakazato\"},\"url\":\"https:\/\/radar.ibegesp.org.br\/author\/amanda\/\"}]}<\/script>\n<!-- \/ Yoast SEO plugin. -->","yoast_head_json":{"title":"A Nova Lei de Improbidade Administrativa: Maior Flexibiliza\u00e7\u00e3o ou Menor Injusti\u00e7a?","description":"Entenda as mudan\u00e7as com a Nova Lei de Improbidade Administrativa e suas implica\u00e7\u00f5es: mais justa ou mais flex\u00edvel?","robots":{"index":"index","follow":"follow","max-snippet":"max-snippet:-1","max-image-preview":"max-image-preview:large","max-video-preview":"max-video-preview:-1"},"canonical":"https:\/\/radar.ibegesp.org.br\/a-nova-lei-de-improbidade-administrativa-maior-flexibilizacao-ou-menor-injustica\/","og_locale":"pt_BR","og_type":"article","og_title":"A Nova Lei de Improbidade Administrativa: Maior Flexibiliza\u00e7\u00e3o ou Menor Injusti\u00e7a?","og_description":"Entenda as mudan\u00e7as com a Nova Lei de Improbidade Administrativa e suas implica\u00e7\u00f5es: mais justa ou mais flex\u00edvel?","og_url":"https:\/\/radar.ibegesp.org.br\/a-nova-lei-de-improbidade-administrativa-maior-flexibilizacao-ou-menor-injustica\/","og_site_name":"Radar IB\u00ca","article_published_time":"2022-11-29T17:00:00+00:00","article_modified_time":"2022-12-06T20:52:13+00:00","og_image":[{"width":1920,"height":1080,"url":"https:\/\/radar.ibegesp.org.br\/wp-content\/uploads\/2022\/11\/Banner-1.jpg","type":"image\/jpeg"}],"author":"Amanda Tiemi Nakazato","twitter_card":"summary_large_image","twitter_misc":{"Escrito por":"Amanda Tiemi Nakazato","Est. tempo de leitura":"4 minutos"},"schema":{"@context":"https:\/\/schema.org","@graph":[{"@type":"Article","@id":"https:\/\/radar.ibegesp.org.br\/a-nova-lei-de-improbidade-administrativa-maior-flexibilizacao-ou-menor-injustica\/#article","isPartOf":{"@id":"https:\/\/radar.ibegesp.org.br\/a-nova-lei-de-improbidade-administrativa-maior-flexibilizacao-ou-menor-injustica\/"},"author":{"name":"Amanda Tiemi Nakazato","@id":"https:\/\/radar.ibegesp.org.br\/#\/schema\/person\/df6c8e157533f905ca0ffccccac0d976"},"headline":"A Nova Lei de Improbidade Administrativa: Maior Flexibiliza\u00e7\u00e3o ou Menor Injusti\u00e7a?","datePublished":"2022-11-29T17:00:00+00:00","dateModified":"2022-12-06T20:52:13+00:00","mainEntityOfPage":{"@id":"https:\/\/radar.ibegesp.org.br\/a-nova-lei-de-improbidade-administrativa-maior-flexibilizacao-ou-menor-injustica\/"},"wordCount":955,"publisher":{"@id":"https:\/\/radar.ibegesp.org.br\/#organization"},"image":{"@id":"https:\/\/radar.ibegesp.org.br\/a-nova-lei-de-improbidade-administrativa-maior-flexibilizacao-ou-menor-injustica\/#primaryimage"},"thumbnailUrl":"https:\/\/radar.ibegesp.org.br\/wp-content\/uploads\/2022\/11\/Banner-1.jpg","keywords":["Gest\u00e3o P\u00fablica","Legisla\u00e7\u00e3o","Nova Lei de Improbidade Administrativa"],"articleSection":["Administra\u00e7\u00e3o P\u00fablica e Direito Administrativo"],"inLanguage":"pt-BR"},{"@type":"WebPage","@id":"https:\/\/radar.ibegesp.org.br\/a-nova-lei-de-improbidade-administrativa-maior-flexibilizacao-ou-menor-injustica\/","url":"https:\/\/radar.ibegesp.org.br\/a-nova-lei-de-improbidade-administrativa-maior-flexibilizacao-ou-menor-injustica\/","name":"A Nova Lei de Improbidade Administrativa: Maior Flexibiliza\u00e7\u00e3o ou Menor Injusti\u00e7a?","isPartOf":{"@id":"https:\/\/radar.ibegesp.org.br\/#website"},"primaryImageOfPage":{"@id":"https:\/\/radar.ibegesp.org.br\/a-nova-lei-de-improbidade-administrativa-maior-flexibilizacao-ou-menor-injustica\/#primaryimage"},"image":{"@id":"https:\/\/radar.ibegesp.org.br\/a-nova-lei-de-improbidade-administrativa-maior-flexibilizacao-ou-menor-injustica\/#primaryimage"},"thumbnailUrl":"https:\/\/radar.ibegesp.org.br\/wp-content\/uploads\/2022\/11\/Banner-1.jpg","datePublished":"2022-11-29T17:00:00+00:00","dateModified":"2022-12-06T20:52:13+00:00","description":"Entenda as mudan\u00e7as com a Nova Lei de Improbidade Administrativa e suas implica\u00e7\u00f5es: mais justa ou mais flex\u00edvel?","breadcrumb":{"@id":"https:\/\/radar.ibegesp.org.br\/a-nova-lei-de-improbidade-administrativa-maior-flexibilizacao-ou-menor-injustica\/#breadcrumb"},"inLanguage":"pt-BR","potentialAction":[{"@type":"ReadAction","target":["https:\/\/radar.ibegesp.org.br\/a-nova-lei-de-improbidade-administrativa-maior-flexibilizacao-ou-menor-injustica\/"]}]},{"@type":"ImageObject","inLanguage":"pt-BR","@id":"https:\/\/radar.ibegesp.org.br\/a-nova-lei-de-improbidade-administrativa-maior-flexibilizacao-ou-menor-injustica\/#primaryimage","url":"https:\/\/radar.ibegesp.org.br\/wp-content\/uploads\/2022\/11\/Banner-1.jpg","contentUrl":"https:\/\/radar.ibegesp.org.br\/wp-content\/uploads\/2022\/11\/Banner-1.jpg","width":1920,"height":1080},{"@type":"BreadcrumbList","@id":"https:\/\/radar.ibegesp.org.br\/a-nova-lei-de-improbidade-administrativa-maior-flexibilizacao-ou-menor-injustica\/#breadcrumb","itemListElement":[{"@type":"ListItem","position":1,"name":"Home","item":"https:\/\/radar.ibegesp.org.br\/"},{"@type":"ListItem","position":2,"name":"A Nova Lei de Improbidade Administrativa: Maior Flexibiliza\u00e7\u00e3o ou Menor Injusti\u00e7a?"}]},{"@type":"WebSite","@id":"https:\/\/radar.ibegesp.org.br\/#website","url":"https:\/\/radar.ibegesp.org.br\/","name":"Radar IB\u00ca","description":"Contribu\u00edmos para uma gest\u00e3o p\u00fablica mais eficaz e transparente","publisher":{"@id":"https:\/\/radar.ibegesp.org.br\/#organization"},"potentialAction":[{"@type":"SearchAction","target":{"@type":"EntryPoint","urlTemplate":"https:\/\/radar.ibegesp.org.br\/?s={search_term_string}"},"query-input":{"@type":"PropertyValueSpecification","valueRequired":true,"valueName":"search_term_string"}}],"inLanguage":"pt-BR"},{"@type":"Organization","@id":"https:\/\/radar.ibegesp.org.br\/#organization","name":"Radar IB\u00ca","url":"https:\/\/radar.ibegesp.org.br\/","logo":{"@type":"ImageObject","inLanguage":"pt-BR","@id":"https:\/\/radar.ibegesp.org.br\/#\/schema\/logo\/image\/","url":"https:\/\/radar.ibegesp.org.br\/wp-content\/uploads\/2021\/08\/logo-header.svg","contentUrl":"https:\/\/radar.ibegesp.org.br\/wp-content\/uploads\/2021\/08\/logo-header.svg","width":1,"height":1,"caption":"Radar IB\u00ca"},"image":{"@id":"https:\/\/radar.ibegesp.org.br\/#\/schema\/logo\/image\/"}},{"@type":"Person","@id":"https:\/\/radar.ibegesp.org.br\/#\/schema\/person\/df6c8e157533f905ca0ffccccac0d976","name":"Amanda Tiemi Nakazato","image":{"@type":"ImageObject","inLanguage":"pt-BR","@id":"https:\/\/secure.gravatar.com\/avatar\/d0020ed989b68569c0bd02f891a2200bdd42d6324a5aa5c4595ade9c69bf81f4?s=96&d=mm&r=g","url":"https:\/\/secure.gravatar.com\/avatar\/d0020ed989b68569c0bd02f891a2200bdd42d6324a5aa5c4595ade9c69bf81f4?s=96&d=mm&r=g","contentUrl":"https:\/\/secure.gravatar.com\/avatar\/d0020ed989b68569c0bd02f891a2200bdd42d6324a5aa5c4595ade9c69bf81f4?s=96&d=mm&r=g","caption":"Amanda Tiemi Nakazato"},"url":"https:\/\/radar.ibegesp.org.br\/author\/amanda\/"}]}},"jetpack_featured_media_url":"https:\/\/radar.ibegesp.org.br\/wp-content\/uploads\/2022\/11\/Banner-1.jpg","_links":{"self":[{"href":"https:\/\/radar.ibegesp.org.br\/api\/wp\/v2\/posts\/4223","targetHints":{"allow":["GET"]}}],"collection":[{"href":"https:\/\/radar.ibegesp.org.br\/api\/wp\/v2\/posts"}],"about":[{"href":"https:\/\/radar.ibegesp.org.br\/api\/wp\/v2\/types\/post"}],"author":[{"embeddable":true,"href":"https:\/\/radar.ibegesp.org.br\/api\/wp\/v2\/users\/2"}],"replies":[{"embeddable":true,"href":"https:\/\/radar.ibegesp.org.br\/api\/wp\/v2\/comments?post=4223"}],"version-history":[{"count":0,"href":"https:\/\/radar.ibegesp.org.br\/api\/wp\/v2\/posts\/4223\/revisions"}],"wp:featuredmedia":[{"embeddable":true,"href":"https:\/\/radar.ibegesp.org.br\/api\/wp\/v2\/media\/4225"}],"wp:attachment":[{"href":"https:\/\/radar.ibegesp.org.br\/api\/wp\/v2\/media?parent=4223"}],"wp:term":[{"taxonomy":"category","embeddable":true,"href":"https:\/\/radar.ibegesp.org.br\/api\/wp\/v2\/categories?post=4223"},{"taxonomy":"post_tag","embeddable":true,"href":"https:\/\/radar.ibegesp.org.br\/api\/wp\/v2\/tags?post=4223"},{"taxonomy":"formato","embeddable":true,"href":"https:\/\/radar.ibegesp.org.br\/api\/wp\/v2\/formato?post=4223"},{"taxonomy":"autor","embeddable":true,"href":"https:\/\/radar.ibegesp.org.br\/api\/wp\/v2\/autor?post=4223"}],"curies":[{"name":"wp","href":"https:\/\/api.w.org\/{rel}","templated":true}]}}