{"id":4557,"date":"2023-12-14T14:23:46","date_gmt":"2023-12-14T17:23:46","guid":{"rendered":"https:\/\/radar.ibegesp.org.br\/?p=4557"},"modified":"2023-12-14T14:23:47","modified_gmt":"2023-12-14T17:23:47","slug":"quem-e-a-comissao-de-contratacao-na-nllc","status":"publish","type":"post","link":"https:\/\/radar.ibegesp.org.br\/quem-e-a-comissao-de-contratacao-na-nllc\/","title":{"rendered":"Quem \u00e9 a comiss\u00e3o de contrata\u00e7\u00e3o na NLLC?"},"content":{"rendered":"\n<p class=\"has-text-align-right wp-block-paragraph\">*Artigo de opini\u00e3o<\/p>\n\n\n\n<h2 class=\"wp-block-heading\" id=\"h-saiba-o-que-e-como-formada-a-comiss-o-de-contrata-o\">Saiba o que \u00e9 e como \u00e9 formada a comiss\u00e3o de contrata\u00e7\u00e3o<\/h2>\n\n\n\n<blockquote class=\"wp-block-quote has-text-align-center is-style-default is-layout-flow wp-block-quote-is-layout-flow\">\n<p class=\"wp-block-paragraph\"><em>Este conte\u00fado faz parte do centro de estudos\u00a0<a href=\"https:\/\/ibegesp.org.br\/educacao\/\">Licita\u00e7\u00f5es e Contratos<\/a>\u00a0do IB\u00ca<\/em><\/p>\n<\/blockquote>\n\n\n\n<p class=\"wp-block-paragraph\">Uma <strong>comiss\u00e3o<\/strong> tem por fun\u00e7\u00e3o b\u00e1sica conduzir atividade de maior complexidade, distribuindo entre dois ou mais agentes p\u00fablicos a responsabilidade pela <strong>condu\u00e7\u00e3o<\/strong> e pela <strong>tomada de decis\u00e3o<\/strong>. Mas em quais casos a NLLC determinou a sua cria\u00e7\u00e3o e, nestes casos, como dever\u00e1 ser composta?<\/p>\n\n\n\n<p class=\"wp-block-paragraph\">A NLLC traz em seu art. 8\u00ba \u00a7 2\u00ba a figura da comiss\u00e3o de contrata\u00e7\u00e3o quando a licita\u00e7\u00e3o envolver <strong>bens ou servi\u00e7os especiais<\/strong> para substitui\u00e7\u00e3o do agente de contrata\u00e7\u00e3o. A comiss\u00e3o de contrata\u00e7\u00e3o ser\u00e1 composta por, no m\u00ednimo, <strong>3 membros<\/strong> que responder\u00e3o solidariamente por todos os atos praticados, ressalvado o membro que expressar posi\u00e7\u00e3o individual divergente fundamentada e registrada em ata lavrada na reuni\u00e3o em que houver sido tomada a decis\u00e3o.<\/p>\n\n\n\n<p class=\"wp-block-paragraph\">Importante destacar que <strong>bens e servi\u00e7os especiais <\/strong>s\u00e3o aqueles que, por sua alta heterogeneidade ou complexidade, n\u00e3o podem ser objetivamente definidos pelo edital atrav\u00e9s de especifica\u00e7\u00f5es usuais de mercado, conforme preceitua o inciso XIII do art. 6\u00ba da NLLC e que tais objetos contratuais ser\u00e3o licitados por interm\u00e9dio da <strong>modalidade Concorr\u00eancia<\/strong>.<\/p>\n\n\n\n<p class=\"wp-block-paragraph\">A Nova Lei de Licita\u00e7\u00f5es define, em seu art. 6\u00ba, inciso L, que a <strong>Comiss\u00e3o de Contrata\u00e7\u00e3o<\/strong> \u00e9 um \u201cconjunto de agentes p\u00fablicos indicados pela Administra\u00e7\u00e3o, em car\u00e1ter permanente ou especial, com a fun\u00e7\u00e3o de receber, examinar e julgar documentos relativos \u00e0s licita\u00e7\u00f5es e aos procedimentos auxiliares\u201d.<\/p>\n\n\n\n<p class=\"wp-block-paragraph\">Logo, todos os <strong>procedimentos auxiliares<\/strong> ser\u00e3o conduzidos por uma comiss\u00e3o de contrata\u00e7\u00e3o e n\u00e3o por um agente de contrata\u00e7\u00e3o? Como ser\u00e1 que os <strong>pequenos \u00f3rg\u00e3os <\/strong>ir\u00e3o resolver essa quest\u00e3o, se possui <strong>n\u00famero limitado de servidores<\/strong>?<\/p>\n\n\n\n<p class=\"wp-block-paragraph\">Lembrando que no art. 78 da NLLC est\u00e1 o sistema de registro de pre\u00e7os definido como um procedimento auxiliar, procedimento este muito utilizado pelos \u00f3rg\u00e3os p\u00fablicos. Para essa quest\u00e3o poder\u00edamos utilizar o \u00a7 1\u00ba, do art. 78, o qual prev\u00ea a regulamenta\u00e7\u00e3o em cada \u00f3rg\u00e3o se seria uma<strong> comiss\u00e3o de contrata\u00e7\u00e3o<\/strong> ou um <strong>agente de contrata\u00e7\u00e3o<\/strong> para conduzir os procedimentos auxiliares.<\/p>\n\n\n\n<p class=\"wp-block-paragraph\">Para a nova modalidade de licita\u00e7\u00e3o denominada <strong>Di\u00e1logo Competitivo<\/strong>, a Lei 14.133\/21 determina a forma\u00e7\u00e3o da <strong>comiss\u00e3o de contrata\u00e7\u00e3o<\/strong>, afastando a possibilidade da sua condu\u00e7\u00e3o pelo agente de contrata\u00e7\u00e3o. De acordo com o disposto no art. 32, \u00a7 1\u00ba, XI, em sua composi\u00e7\u00e3o, dever\u00e1 conter pelo menos 3&nbsp; servidores efetivos ou empregados p\u00fablicos que perten\u00e7am aos <strong>quadros permanentes<\/strong> da Administra\u00e7\u00e3o.&nbsp;<\/p>\n\n\n\n<p class=\"wp-block-paragraph\">Para ilustrarmos as figuras do agente de contrata\u00e7\u00e3o, da comiss\u00e3o de contrata\u00e7\u00e3o, vide a imagem abaixo:<\/p>\n\n\n\n<figure class=\"wp-block-image size-large is-resized\"><img loading=\"lazy\" decoding=\"async\" width=\"1024\" height=\"576\" src=\"https:\/\/radar.ibegesp.org.br\/wp-content\/uploads\/2023\/12\/Interna-2-1024x576.png\" alt=\"\" class=\"wp-image-4558\" style=\"aspect-ratio:1.7777777777777777;width:843px;height:auto\" srcset=\"https:\/\/radar.ibegesp.org.br\/wp-content\/uploads\/2023\/12\/Interna-2-1024x576.png 1024w, https:\/\/radar.ibegesp.org.br\/wp-content\/uploads\/2023\/12\/Interna-2-300x169.png 300w, https:\/\/radar.ibegesp.org.br\/wp-content\/uploads\/2023\/12\/Interna-2-768x432.png 768w, https:\/\/radar.ibegesp.org.br\/wp-content\/uploads\/2023\/12\/Interna-2-1536x864.png 1536w, https:\/\/radar.ibegesp.org.br\/wp-content\/uploads\/2023\/12\/Interna-2-16x9.png 16w, https:\/\/radar.ibegesp.org.br\/wp-content\/uploads\/2023\/12\/Interna-2.png 1920w\" sizes=\"auto, (max-width: 1024px) 100vw, 1024px\" \/><\/figure>\n\n\n\n<p class=\"has-text-align-center wp-block-paragraph\">Fonte: Elaborado pela autora, com base na Lei 14.133\/2021<\/p>\n\n\n\n<p class=\"wp-block-paragraph\">Ainda resta a d\u00favida: <strong>quem deve compor a comiss\u00e3o de contrata\u00e7\u00e3o?<\/strong> Somente possuidor de v\u00ednculo efetivo \u00e0 semelhan\u00e7a do agente de contrata\u00e7\u00e3o?<\/p>\n\n\n\n<p class=\"wp-block-paragraph\">Para responder \u00e0 pergunta ora proposta, leva-nos aos mencionados requisitos do art. 7\u00ba, dispositivo expressamente citado no art. 8\u00ba como condi\u00e7\u00e3o para a forma\u00e7\u00e3o da citada comiss\u00e3o de contrata\u00e7\u00e3o.<\/p>\n\n\n\n<p class=\"wp-block-paragraph\">Verifica-se, especialmente do inciso I do art. 7\u00ba, que a <strong>composi\u00e7\u00e3o<\/strong> da comiss\u00e3o de contrata\u00e7\u00e3o, substituta do agente de contrata\u00e7\u00e3o em licita\u00e7\u00f5es de bens e servi\u00e7os complexos, \u00e9 composta por <strong>agentes p\u00fablicos<\/strong>, conforme definido no inciso V do art. 6\u00ba como o \u201cindiv\u00edduo que, em virtude de elei\u00e7\u00e3o, nomea\u00e7\u00e3o, designa\u00e7\u00e3o, contrata\u00e7\u00e3o ou qualquer outra forma de investidura ou v\u00ednculo, exerce mandato, cargo emprego ou fun\u00e7\u00e3o\u201d.&nbsp;<\/p>\n\n\n\n<p class=\"wp-block-paragraph\">Ressalta-se a import\u00e2ncia de que possuam as <strong>compet\u00eancias <\/strong>relacionadas a licita\u00e7\u00f5es e contratos atrav\u00e9s de forma\u00e7\u00e3o compat\u00edvel ou qualifica\u00e7\u00e3o atestada por <strong>certifica\u00e7\u00e3o profissional,<\/strong> fruto da gest\u00e3o por compet\u00eancias promovida pela autoridade m\u00e1xima da organiza\u00e7\u00e3o e ensejadora da profissionaliza\u00e7\u00e3o das contrata\u00e7\u00f5es p\u00fablicas.<\/p>\n\n\n\n<p class=\"wp-block-paragraph\">Portanto, \u00e9 importante que os gestores definam em seus regulamentos as <strong>regras<\/strong> relativas \u00e0 atua\u00e7\u00e3o do agente de contrata\u00e7\u00e3o e da equipe de apoio, ao funcionamento da <strong>comiss\u00e3o de contrata\u00e7\u00e3o<\/strong> e \u00e0 <strong>atua\u00e7\u00e3o de fiscais e gestores de contratos<\/strong>, conforme disposto no \u00a7 3\u00ba do art. 8\u00ba da NLLC.<\/p>\n\n\n\n<p class=\"wp-block-paragraph\">Gostou do assunto?<\/p>\n\n\n\n<p class=\"wp-block-paragraph\">Saiba mais: <a href=\"https:\/\/www.planalto.gov.br\/ccivil_03\/_ato2019-2022\/2021\/lei\/l14133.htm\">https:\/\/www.planalto.gov.br\/ccivil_03\/_ato2019-2022\/2021\/lei\/l14133.htm<\/a>\u00a0<\/p>\n\n\n\n<p class=\"wp-block-paragraph\">Deixe seu coment\u00e1rio, curta a publica\u00e7\u00e3o e compartilhe em suas redes sociais.<\/p>\n\n\n\n<p class=\"wp-block-paragraph\">Autora: Jaqueline Martinez de Oliva<\/p>\n\n\n\n<hr class=\"wp-block-separator has-alpha-channel-opacity\"\/>\n\n\n\n<p class=\"wp-block-paragraph\">*Os artigos aqui divulgados s\u00e3o enviados pelos redatores volunt\u00e1rios da plataforma. Assim, o Radar IBEGESP n\u00e3o se responsabiliza por nenhuma opini\u00e3o pessoal aqui emitida, sendo o conte\u00fado de inteira responsabilidade dos autores da publica\u00e7\u00e3o.<\/p>\n","protected":false},"excerpt":{"rendered":"<p>*Artigo de opini\u00e3o Saiba o que \u00e9 e como \u00e9 formada a comiss\u00e3o de contrata\u00e7\u00e3o Este conte\u00fado faz parte do centro de estudos\u00a0Licita\u00e7\u00f5es e Contratos\u00a0do IB\u00ca Uma comiss\u00e3o tem por fun\u00e7\u00e3o b\u00e1sica conduzir atividade de maior complexidade, distribuindo entre dois ou mais agentes p\u00fablicos a responsabilidade pela condu\u00e7\u00e3o e pela tomada de decis\u00e3o. Mas em [&hellip;]<\/p>\n","protected":false},"author":2,"featured_media":4559,"comment_status":"closed","ping_status":"closed","sticky":false,"template":"","format":"standard","meta":{"_acf_changed":false,"_crdt_document":"","inline_featured_image":false,"footnotes":""},"categories":[16],"tags":[],"formato":[4],"autor":[466],"class_list":["post-4557","post","type-post","status-publish","format-standard","has-post-thumbnail","hentry","category-licitacoes-e-contratos","formato-artigos","autor-jaqueline-martinez-de-oliva"],"acf":[],"yoast_head":"<!-- This site is optimized with the Yoast SEO plugin v27.2 - https:\/\/yoast.com\/product\/yoast-seo-wordpress\/ -->\n<title>Quem \u00e9 a comiss\u00e3o de contrata\u00e7\u00e3o na NLLC? - Radar IB\u00ca<\/title>\n<meta name=\"description\" content=\"Saiba as fun\u00e7\u00f5es da comiss\u00e3o de contrata\u00e7\u00e3o e quem a Nova Lei de Licita\u00e7\u00f5es define para comp\u00f4-la. Continue lendo em Radar IBEGESP!\" \/>\n<meta name=\"robots\" content=\"index, follow, max-snippet:-1, max-image-preview:large, max-video-preview:-1\" \/>\n<link rel=\"canonical\" href=\"https:\/\/radar.ibegesp.org.br\/quem-e-a-comissao-de-contratacao-na-nllc\/\" \/>\n<meta property=\"og:locale\" content=\"pt_BR\" \/>\n<meta property=\"og:type\" content=\"article\" \/>\n<meta property=\"og:title\" content=\"Quem \u00e9 a comiss\u00e3o de contrata\u00e7\u00e3o na NLLC? - Radar IB\u00ca\" \/>\n<meta property=\"og:description\" content=\"Saiba as fun\u00e7\u00f5es da comiss\u00e3o de contrata\u00e7\u00e3o e quem a Nova Lei de Licita\u00e7\u00f5es define para comp\u00f4-la. Continue lendo em Radar IBEGESP!\" \/>\n<meta property=\"og:url\" content=\"https:\/\/radar.ibegesp.org.br\/quem-e-a-comissao-de-contratacao-na-nllc\/\" \/>\n<meta property=\"og:site_name\" content=\"Radar IB\u00ca\" \/>\n<meta property=\"article:published_time\" content=\"2023-12-14T17:23:46+00:00\" \/>\n<meta property=\"article:modified_time\" content=\"2023-12-14T17:23:47+00:00\" \/>\n<meta property=\"og:image\" content=\"https:\/\/radar.ibegesp.org.br\/wp-content\/uploads\/2023\/12\/Banner-3.jpg\" \/>\n\t<meta property=\"og:image:width\" content=\"1920\" \/>\n\t<meta property=\"og:image:height\" content=\"1080\" \/>\n\t<meta property=\"og:image:type\" content=\"image\/jpeg\" \/>\n<meta name=\"author\" content=\"Amanda Tiemi Nakazato\" \/>\n<meta name=\"twitter:card\" content=\"summary_large_image\" \/>\n<meta name=\"twitter:label1\" content=\"Escrito por\" \/>\n\t<meta name=\"twitter:data1\" content=\"Amanda Tiemi Nakazato\" \/>\n\t<meta name=\"twitter:label2\" content=\"Est. tempo de leitura\" \/>\n\t<meta name=\"twitter:data2\" content=\"4 minutos\" \/>\n<script type=\"application\/ld+json\" class=\"yoast-schema-graph\">{\"@context\":\"https:\/\/schema.org\",\"@graph\":[{\"@type\":\"Article\",\"@id\":\"https:\/\/radar.ibegesp.org.br\/quem-e-a-comissao-de-contratacao-na-nllc\/#article\",\"isPartOf\":{\"@id\":\"https:\/\/radar.ibegesp.org.br\/quem-e-a-comissao-de-contratacao-na-nllc\/\"},\"author\":{\"name\":\"Amanda Tiemi Nakazato\",\"@id\":\"https:\/\/radar.ibegesp.org.br\/#\/schema\/person\/df6c8e157533f905ca0ffccccac0d976\"},\"headline\":\"Quem \u00e9 a comiss\u00e3o de contrata\u00e7\u00e3o na NLLC?\",\"datePublished\":\"2023-12-14T17:23:46+00:00\",\"dateModified\":\"2023-12-14T17:23:47+00:00\",\"mainEntityOfPage\":{\"@id\":\"https:\/\/radar.ibegesp.org.br\/quem-e-a-comissao-de-contratacao-na-nllc\/\"},\"wordCount\":801,\"publisher\":{\"@id\":\"https:\/\/radar.ibegesp.org.br\/#organization\"},\"image\":{\"@id\":\"https:\/\/radar.ibegesp.org.br\/quem-e-a-comissao-de-contratacao-na-nllc\/#primaryimage\"},\"thumbnailUrl\":\"https:\/\/radar.ibegesp.org.br\/wp-content\/uploads\/2023\/12\/Banner-3.jpg\",\"articleSection\":[\"Licita\u00e7\u00f5es e Contratos\"],\"inLanguage\":\"pt-BR\"},{\"@type\":\"WebPage\",\"@id\":\"https:\/\/radar.ibegesp.org.br\/quem-e-a-comissao-de-contratacao-na-nllc\/\",\"url\":\"https:\/\/radar.ibegesp.org.br\/quem-e-a-comissao-de-contratacao-na-nllc\/\",\"name\":\"Quem \u00e9 a comiss\u00e3o de contrata\u00e7\u00e3o na NLLC? - Radar IB\u00ca\",\"isPartOf\":{\"@id\":\"https:\/\/radar.ibegesp.org.br\/#website\"},\"primaryImageOfPage\":{\"@id\":\"https:\/\/radar.ibegesp.org.br\/quem-e-a-comissao-de-contratacao-na-nllc\/#primaryimage\"},\"image\":{\"@id\":\"https:\/\/radar.ibegesp.org.br\/quem-e-a-comissao-de-contratacao-na-nllc\/#primaryimage\"},\"thumbnailUrl\":\"https:\/\/radar.ibegesp.org.br\/wp-content\/uploads\/2023\/12\/Banner-3.jpg\",\"datePublished\":\"2023-12-14T17:23:46+00:00\",\"dateModified\":\"2023-12-14T17:23:47+00:00\",\"description\":\"Saiba as fun\u00e7\u00f5es da comiss\u00e3o de contrata\u00e7\u00e3o e quem a Nova Lei de Licita\u00e7\u00f5es define para comp\u00f4-la. Continue lendo em Radar IBEGESP!\",\"breadcrumb\":{\"@id\":\"https:\/\/radar.ibegesp.org.br\/quem-e-a-comissao-de-contratacao-na-nllc\/#breadcrumb\"},\"inLanguage\":\"pt-BR\",\"potentialAction\":[{\"@type\":\"ReadAction\",\"target\":[\"https:\/\/radar.ibegesp.org.br\/quem-e-a-comissao-de-contratacao-na-nllc\/\"]}]},{\"@type\":\"ImageObject\",\"inLanguage\":\"pt-BR\",\"@id\":\"https:\/\/radar.ibegesp.org.br\/quem-e-a-comissao-de-contratacao-na-nllc\/#primaryimage\",\"url\":\"https:\/\/radar.ibegesp.org.br\/wp-content\/uploads\/2023\/12\/Banner-3.jpg\",\"contentUrl\":\"https:\/\/radar.ibegesp.org.br\/wp-content\/uploads\/2023\/12\/Banner-3.jpg\",\"width\":1920,\"height\":1080},{\"@type\":\"BreadcrumbList\",\"@id\":\"https:\/\/radar.ibegesp.org.br\/quem-e-a-comissao-de-contratacao-na-nllc\/#breadcrumb\",\"itemListElement\":[{\"@type\":\"ListItem\",\"position\":1,\"name\":\"Home\",\"item\":\"https:\/\/radar.ibegesp.org.br\/\"},{\"@type\":\"ListItem\",\"position\":2,\"name\":\"Quem \u00e9 a comiss\u00e3o de contrata\u00e7\u00e3o na NLLC?\"}]},{\"@type\":\"WebSite\",\"@id\":\"https:\/\/radar.ibegesp.org.br\/#website\",\"url\":\"https:\/\/radar.ibegesp.org.br\/\",\"name\":\"Radar IB\u00ca\",\"description\":\"Contribu\u00edmos para uma gest\u00e3o p\u00fablica mais eficaz e transparente\",\"publisher\":{\"@id\":\"https:\/\/radar.ibegesp.org.br\/#organization\"},\"potentialAction\":[{\"@type\":\"SearchAction\",\"target\":{\"@type\":\"EntryPoint\",\"urlTemplate\":\"https:\/\/radar.ibegesp.org.br\/?s={search_term_string}\"},\"query-input\":{\"@type\":\"PropertyValueSpecification\",\"valueRequired\":true,\"valueName\":\"search_term_string\"}}],\"inLanguage\":\"pt-BR\"},{\"@type\":\"Organization\",\"@id\":\"https:\/\/radar.ibegesp.org.br\/#organization\",\"name\":\"Radar IB\u00ca\",\"url\":\"https:\/\/radar.ibegesp.org.br\/\",\"logo\":{\"@type\":\"ImageObject\",\"inLanguage\":\"pt-BR\",\"@id\":\"https:\/\/radar.ibegesp.org.br\/#\/schema\/logo\/image\/\",\"url\":\"https:\/\/radar.ibegesp.org.br\/wp-content\/uploads\/2021\/08\/logo-header.svg\",\"contentUrl\":\"https:\/\/radar.ibegesp.org.br\/wp-content\/uploads\/2021\/08\/logo-header.svg\",\"width\":1,\"height\":1,\"caption\":\"Radar IB\u00ca\"},\"image\":{\"@id\":\"https:\/\/radar.ibegesp.org.br\/#\/schema\/logo\/image\/\"}},{\"@type\":\"Person\",\"@id\":\"https:\/\/radar.ibegesp.org.br\/#\/schema\/person\/df6c8e157533f905ca0ffccccac0d976\",\"name\":\"Amanda Tiemi Nakazato\",\"image\":{\"@type\":\"ImageObject\",\"inLanguage\":\"pt-BR\",\"@id\":\"https:\/\/secure.gravatar.com\/avatar\/d0020ed989b68569c0bd02f891a2200bdd42d6324a5aa5c4595ade9c69bf81f4?s=96&d=mm&r=g\",\"url\":\"https:\/\/secure.gravatar.com\/avatar\/d0020ed989b68569c0bd02f891a2200bdd42d6324a5aa5c4595ade9c69bf81f4?s=96&d=mm&r=g\",\"contentUrl\":\"https:\/\/secure.gravatar.com\/avatar\/d0020ed989b68569c0bd02f891a2200bdd42d6324a5aa5c4595ade9c69bf81f4?s=96&d=mm&r=g\",\"caption\":\"Amanda Tiemi Nakazato\"},\"url\":\"https:\/\/radar.ibegesp.org.br\/author\/amanda\/\"}]}<\/script>\n<!-- \/ Yoast SEO plugin. -->","yoast_head_json":{"title":"Quem \u00e9 a comiss\u00e3o de contrata\u00e7\u00e3o na NLLC? - Radar IB\u00ca","description":"Saiba as fun\u00e7\u00f5es da comiss\u00e3o de contrata\u00e7\u00e3o e quem a Nova Lei de Licita\u00e7\u00f5es define para comp\u00f4-la. Continue lendo em Radar IBEGESP!","robots":{"index":"index","follow":"follow","max-snippet":"max-snippet:-1","max-image-preview":"max-image-preview:large","max-video-preview":"max-video-preview:-1"},"canonical":"https:\/\/radar.ibegesp.org.br\/quem-e-a-comissao-de-contratacao-na-nllc\/","og_locale":"pt_BR","og_type":"article","og_title":"Quem \u00e9 a comiss\u00e3o de contrata\u00e7\u00e3o na NLLC? - Radar IB\u00ca","og_description":"Saiba as fun\u00e7\u00f5es da comiss\u00e3o de contrata\u00e7\u00e3o e quem a Nova Lei de Licita\u00e7\u00f5es define para comp\u00f4-la. Continue lendo em Radar IBEGESP!","og_url":"https:\/\/radar.ibegesp.org.br\/quem-e-a-comissao-de-contratacao-na-nllc\/","og_site_name":"Radar IB\u00ca","article_published_time":"2023-12-14T17:23:46+00:00","article_modified_time":"2023-12-14T17:23:47+00:00","og_image":[{"width":1920,"height":1080,"url":"https:\/\/radar.ibegesp.org.br\/wp-content\/uploads\/2023\/12\/Banner-3.jpg","type":"image\/jpeg"}],"author":"Amanda Tiemi Nakazato","twitter_card":"summary_large_image","twitter_misc":{"Escrito por":"Amanda Tiemi Nakazato","Est. tempo de leitura":"4 minutos"},"schema":{"@context":"https:\/\/schema.org","@graph":[{"@type":"Article","@id":"https:\/\/radar.ibegesp.org.br\/quem-e-a-comissao-de-contratacao-na-nllc\/#article","isPartOf":{"@id":"https:\/\/radar.ibegesp.org.br\/quem-e-a-comissao-de-contratacao-na-nllc\/"},"author":{"name":"Amanda Tiemi Nakazato","@id":"https:\/\/radar.ibegesp.org.br\/#\/schema\/person\/df6c8e157533f905ca0ffccccac0d976"},"headline":"Quem \u00e9 a comiss\u00e3o de contrata\u00e7\u00e3o na NLLC?","datePublished":"2023-12-14T17:23:46+00:00","dateModified":"2023-12-14T17:23:47+00:00","mainEntityOfPage":{"@id":"https:\/\/radar.ibegesp.org.br\/quem-e-a-comissao-de-contratacao-na-nllc\/"},"wordCount":801,"publisher":{"@id":"https:\/\/radar.ibegesp.org.br\/#organization"},"image":{"@id":"https:\/\/radar.ibegesp.org.br\/quem-e-a-comissao-de-contratacao-na-nllc\/#primaryimage"},"thumbnailUrl":"https:\/\/radar.ibegesp.org.br\/wp-content\/uploads\/2023\/12\/Banner-3.jpg","articleSection":["Licita\u00e7\u00f5es e Contratos"],"inLanguage":"pt-BR"},{"@type":"WebPage","@id":"https:\/\/radar.ibegesp.org.br\/quem-e-a-comissao-de-contratacao-na-nllc\/","url":"https:\/\/radar.ibegesp.org.br\/quem-e-a-comissao-de-contratacao-na-nllc\/","name":"Quem \u00e9 a comiss\u00e3o de contrata\u00e7\u00e3o na NLLC? - Radar IB\u00ca","isPartOf":{"@id":"https:\/\/radar.ibegesp.org.br\/#website"},"primaryImageOfPage":{"@id":"https:\/\/radar.ibegesp.org.br\/quem-e-a-comissao-de-contratacao-na-nllc\/#primaryimage"},"image":{"@id":"https:\/\/radar.ibegesp.org.br\/quem-e-a-comissao-de-contratacao-na-nllc\/#primaryimage"},"thumbnailUrl":"https:\/\/radar.ibegesp.org.br\/wp-content\/uploads\/2023\/12\/Banner-3.jpg","datePublished":"2023-12-14T17:23:46+00:00","dateModified":"2023-12-14T17:23:47+00:00","description":"Saiba as fun\u00e7\u00f5es da comiss\u00e3o de contrata\u00e7\u00e3o e quem a Nova Lei de Licita\u00e7\u00f5es define para comp\u00f4-la. Continue lendo em Radar IBEGESP!","breadcrumb":{"@id":"https:\/\/radar.ibegesp.org.br\/quem-e-a-comissao-de-contratacao-na-nllc\/#breadcrumb"},"inLanguage":"pt-BR","potentialAction":[{"@type":"ReadAction","target":["https:\/\/radar.ibegesp.org.br\/quem-e-a-comissao-de-contratacao-na-nllc\/"]}]},{"@type":"ImageObject","inLanguage":"pt-BR","@id":"https:\/\/radar.ibegesp.org.br\/quem-e-a-comissao-de-contratacao-na-nllc\/#primaryimage","url":"https:\/\/radar.ibegesp.org.br\/wp-content\/uploads\/2023\/12\/Banner-3.jpg","contentUrl":"https:\/\/radar.ibegesp.org.br\/wp-content\/uploads\/2023\/12\/Banner-3.jpg","width":1920,"height":1080},{"@type":"BreadcrumbList","@id":"https:\/\/radar.ibegesp.org.br\/quem-e-a-comissao-de-contratacao-na-nllc\/#breadcrumb","itemListElement":[{"@type":"ListItem","position":1,"name":"Home","item":"https:\/\/radar.ibegesp.org.br\/"},{"@type":"ListItem","position":2,"name":"Quem \u00e9 a comiss\u00e3o de contrata\u00e7\u00e3o na NLLC?"}]},{"@type":"WebSite","@id":"https:\/\/radar.ibegesp.org.br\/#website","url":"https:\/\/radar.ibegesp.org.br\/","name":"Radar IB\u00ca","description":"Contribu\u00edmos para uma gest\u00e3o p\u00fablica mais eficaz e transparente","publisher":{"@id":"https:\/\/radar.ibegesp.org.br\/#organization"},"potentialAction":[{"@type":"SearchAction","target":{"@type":"EntryPoint","urlTemplate":"https:\/\/radar.ibegesp.org.br\/?s={search_term_string}"},"query-input":{"@type":"PropertyValueSpecification","valueRequired":true,"valueName":"search_term_string"}}],"inLanguage":"pt-BR"},{"@type":"Organization","@id":"https:\/\/radar.ibegesp.org.br\/#organization","name":"Radar IB\u00ca","url":"https:\/\/radar.ibegesp.org.br\/","logo":{"@type":"ImageObject","inLanguage":"pt-BR","@id":"https:\/\/radar.ibegesp.org.br\/#\/schema\/logo\/image\/","url":"https:\/\/radar.ibegesp.org.br\/wp-content\/uploads\/2021\/08\/logo-header.svg","contentUrl":"https:\/\/radar.ibegesp.org.br\/wp-content\/uploads\/2021\/08\/logo-header.svg","width":1,"height":1,"caption":"Radar IB\u00ca"},"image":{"@id":"https:\/\/radar.ibegesp.org.br\/#\/schema\/logo\/image\/"}},{"@type":"Person","@id":"https:\/\/radar.ibegesp.org.br\/#\/schema\/person\/df6c8e157533f905ca0ffccccac0d976","name":"Amanda Tiemi Nakazato","image":{"@type":"ImageObject","inLanguage":"pt-BR","@id":"https:\/\/secure.gravatar.com\/avatar\/d0020ed989b68569c0bd02f891a2200bdd42d6324a5aa5c4595ade9c69bf81f4?s=96&d=mm&r=g","url":"https:\/\/secure.gravatar.com\/avatar\/d0020ed989b68569c0bd02f891a2200bdd42d6324a5aa5c4595ade9c69bf81f4?s=96&d=mm&r=g","contentUrl":"https:\/\/secure.gravatar.com\/avatar\/d0020ed989b68569c0bd02f891a2200bdd42d6324a5aa5c4595ade9c69bf81f4?s=96&d=mm&r=g","caption":"Amanda Tiemi Nakazato"},"url":"https:\/\/radar.ibegesp.org.br\/author\/amanda\/"}]}},"jetpack_featured_media_url":"https:\/\/radar.ibegesp.org.br\/wp-content\/uploads\/2023\/12\/Banner-3.jpg","_links":{"self":[{"href":"https:\/\/radar.ibegesp.org.br\/api\/wp\/v2\/posts\/4557","targetHints":{"allow":["GET"]}}],"collection":[{"href":"https:\/\/radar.ibegesp.org.br\/api\/wp\/v2\/posts"}],"about":[{"href":"https:\/\/radar.ibegesp.org.br\/api\/wp\/v2\/types\/post"}],"author":[{"embeddable":true,"href":"https:\/\/radar.ibegesp.org.br\/api\/wp\/v2\/users\/2"}],"replies":[{"embeddable":true,"href":"https:\/\/radar.ibegesp.org.br\/api\/wp\/v2\/comments?post=4557"}],"version-history":[{"count":0,"href":"https:\/\/radar.ibegesp.org.br\/api\/wp\/v2\/posts\/4557\/revisions"}],"wp:featuredmedia":[{"embeddable":true,"href":"https:\/\/radar.ibegesp.org.br\/api\/wp\/v2\/media\/4559"}],"wp:attachment":[{"href":"https:\/\/radar.ibegesp.org.br\/api\/wp\/v2\/media?parent=4557"}],"wp:term":[{"taxonomy":"category","embeddable":true,"href":"https:\/\/radar.ibegesp.org.br\/api\/wp\/v2\/categories?post=4557"},{"taxonomy":"post_tag","embeddable":true,"href":"https:\/\/radar.ibegesp.org.br\/api\/wp\/v2\/tags?post=4557"},{"taxonomy":"formato","embeddable":true,"href":"https:\/\/radar.ibegesp.org.br\/api\/wp\/v2\/formato?post=4557"},{"taxonomy":"autor","embeddable":true,"href":"https:\/\/radar.ibegesp.org.br\/api\/wp\/v2\/autor?post=4557"}],"curies":[{"name":"wp","href":"https:\/\/api.w.org\/{rel}","templated":true}]}}