{"id":4678,"date":"2024-03-26T12:50:28","date_gmt":"2024-03-26T15:50:28","guid":{"rendered":"https:\/\/radar.ibegesp.org.br\/?p=4678"},"modified":"2024-03-26T12:50:32","modified_gmt":"2024-03-26T15:50:32","slug":"limite-de-prorrogacao-dos-contratos-celebrados-sob-a-vigencia-da-lei-8-666-de-1993-apos-a-revogacao-pela-lei-14-133-de-2021","status":"publish","type":"post","link":"https:\/\/radar.ibegesp.org.br\/limite-de-prorrogacao-dos-contratos-celebrados-sob-a-vigencia-da-lei-8-666-de-1993-apos-a-revogacao-pela-lei-14-133-de-2021\/","title":{"rendered":"Limite de Prorroga\u00e7\u00e3o dos Contratos Celebrados sob a Vig\u00eancia da Lei 8.666 de 1993 ap\u00f3s a Revoga\u00e7\u00e3o pela Lei 14.133 de 2021"},"content":{"rendered":"\n<p class=\"has-text-align-right wp-block-paragraph\">*Artigo de opini\u00e3o<\/p>\n\n\n\n<h2 class=\"wp-block-heading\">Saiba como deve ocorrer a prorroga\u00e7\u00e3o dos contratos com a Nova Lei de Licita\u00e7\u00f5es em vigor<\/h2>\n\n\n\n<blockquote class=\"wp-block-quote has-text-align-center is-style-default is-layout-flow wp-block-quote-is-layout-flow\">\n<p class=\"wp-block-paragraph\"><em>Este conte\u00fado faz parte do centro de estudos\u00a0<a href=\"https:\/\/ibegesp.org.br\/educacao\/\">Licita\u00e7\u00f5es e Contratos<\/a>\u00a0do IB\u00ca<\/em><\/p>\n<\/blockquote>\n\n\n\n<h3 class=\"wp-block-heading\"><strong>Resumo<\/strong><\/h3>\n\n\n\n<p class=\"wp-block-paragraph\">O presente artigo aborda a quest\u00e3o da <strong>prorroga\u00e7\u00e3o dos contratos <\/strong>celebrados sob a vig\u00eancia da Lei 8.666\/93, que foi revogada definitivamente pela <strong>Lei 14.133\/21<\/strong> em 1\u00ba de janeiro de 2024. Diante desse contexto, surge a indaga\u00e7\u00e3o sobre como devem ocorrer as prorroga\u00e7\u00f5es desses contratos ap\u00f3s a entrada em vigor da nova legisla\u00e7\u00e3o. O entendimento do Tribunal de Contas do Estado do Esp\u00edrito Santo (TCE\/ES), conforme a Consulta 00016\/23-1, destaca a <strong>inexist\u00eancia de um prazo limite<\/strong> para as prorroga\u00e7\u00f5es, estabelecendo crit\u00e9rios que devem ser observados.<\/p>\n\n\n\n<h3 class=\"wp-block-heading\"><strong>Introdu\u00e7\u00e3o<\/strong><\/h3>\n\n\n\n<p class=\"wp-block-paragraph\">A <strong>Lei 8.666\/93<\/strong>, conhecida como a Lei de Licita\u00e7\u00f5es e Contratos, foi um marco na legisla\u00e7\u00e3o brasileira ao regulamentar as contrata\u00e7\u00f5es p\u00fablicas. Contudo, com a entrada em vigor da <strong>Lei 14.133\/21<\/strong> em 1\u00ba de janeiro de 2024, a primeira foi revogada, suscitando questionamentos acerca do tratamento dos contratos anteriormente celebrados.<\/p>\n\n\n\n<h3 class=\"wp-block-heading\"><strong>Prorroga\u00e7\u00e3o dos Contratos<\/strong><\/h3>\n\n\n\n<p class=\"wp-block-paragraph\">Um dos temas cruciais \u00e9 a <strong>prorroga\u00e7\u00e3o dos contratos<\/strong> firmados sob a \u00e9gide da Lei 8.666\/93. O entendimento consolidado pelo TCE\/ES, conforme a Consulta 00016\/23-1, ressalta que <strong>n\u00e3o h\u00e1 um prazo limite<\/strong> estabelecido para essas prorroga\u00e7\u00f5es. O tribunal enfatiza a necessidade de<strong> observ\u00e2ncia<\/strong> do artigo 57 da Lei 8.666\/93, que versa sobre a possibilidade de prorroga\u00e7\u00e3o contratual mediante <strong>acordo<\/strong> entre as partes.<\/p>\n\n\n\n<h3 class=\"wp-block-heading\"><strong>Crit\u00e9rios Estabelecidos pelo TCE\/ES<\/strong><\/h3>\n\n\n\n<p class=\"wp-block-paragraph\">De acordo com o posicionamento do TCE\/ES, as prorroga\u00e7\u00f5es devem atender a determinados <strong>crit\u00e9rios<\/strong>. Em primeiro lugar, \u00e9 essencial que o contrato contenha <strong>cl\u00e1usulas espec\u00edficas<\/strong> prevendo a possibilidade de prorroga\u00e7\u00e3o. Al\u00e9m disso, o contratante deve ter deliberadamente optado por adotar o regime jur\u00eddico da<strong> Lei 8.666\/93<\/strong>, estando ciente das implica\u00e7\u00f5es desse procedimento.<\/p>\n\n\n\n<h3 class=\"wp-block-heading\"><strong>A Inexist\u00eancia de Prazo Limite<\/strong><\/h3>\n\n\n\n<p class=\"wp-block-paragraph\">A aus\u00eancia de um prazo limite para as prorroga\u00e7\u00f5es, conforme destacado pelo TCE\/ES, confere <strong>maior flexibilidade <\/strong>aos gestores p\u00fablicos na gest\u00e3o dos contratos firmados sob a legisla\u00e7\u00e3o revogada. Essa flexibilidade, no entanto, n\u00e3o exclui a necessidade de observ\u00e2ncia dos <strong>requisitos legais<\/strong> e <strong>contratuais <\/strong>estabelecidos.<\/p>\n\n\n\n<h3 class=\"wp-block-heading\"><strong>Conclus\u00e3o<\/strong><\/h3>\n\n\n\n<p class=\"wp-block-paragraph\">Diante da completa <strong>revoga\u00e7\u00e3o<\/strong> da Lei 8.666\/93 pela Lei 14.133\/21, a <strong>prorroga\u00e7\u00e3o dos contratos<\/strong> celebrados sob a legisla\u00e7\u00e3o anterior demanda uma abordagem cautelosa. O entendimento do TCE\/ES, ao estabelecer crit\u00e9rios sem impor um prazo limite, oferece uma orienta\u00e7\u00e3o valiosa para os gestores p\u00fablicos, <strong>respeitando<\/strong> os contratos existentes e <strong>salvaguardando<\/strong> os interesses das partes envolvidas.<\/p>\n\n\n\n<p class=\"wp-block-paragraph\">Assim, \u00e9 crucial que os gestores e juristas se atentem ao conduzirem as prorroga\u00e7\u00f5es, garantindo a <strong>legalidade<\/strong>, <strong>transpar\u00eancia<\/strong> e <strong>efici\u00eancia<\/strong> na continuidade dos contratos celebrados sob a vig\u00eancia da Lei 8.666\/93.<\/p>\n\n\n\n<hr class=\"wp-block-separator has-alpha-channel-opacity\"\/>\n\n\n\n<p class=\"wp-block-paragraph\">*Os artigos aqui divulgados s\u00e3o enviados pelos redatores volunt\u00e1rios da plataforma. Assim, o Radar IBEGESP n\u00e3o se responsabiliza por nenhuma opini\u00e3o pessoal aqui emitida, sendo o conte\u00fado de inteira responsabilidade dos autores da publica\u00e7\u00e3o.<\/p>\n","protected":false},"excerpt":{"rendered":"<p>*Artigo de opini\u00e3o Saiba como deve ocorrer a prorroga\u00e7\u00e3o dos contratos com a Nova Lei de Licita\u00e7\u00f5es em vigor Este conte\u00fado faz parte do centro de estudos\u00a0Licita\u00e7\u00f5es e Contratos\u00a0do IB\u00ca Resumo O presente artigo aborda a quest\u00e3o da prorroga\u00e7\u00e3o dos contratos celebrados sob a vig\u00eancia da Lei 8.666\/93, que foi revogada definitivamente pela Lei 14.133\/21 [&hellip;]<\/p>\n","protected":false},"author":2,"featured_media":4679,"comment_status":"closed","ping_status":"closed","sticky":false,"template":"","format":"standard","meta":{"_acf_changed":false,"_crdt_document":"","inline_featured_image":false,"footnotes":""},"categories":[16],"tags":[559,558,560,189,557],"formato":[4],"autor":[459],"class_list":["post-4678","post","type-post","status-publish","format-standard","has-post-thumbnail","hentry","category-licitacoes-e-contratos","tag-lei-14133","tag-lei-8666","tag-lei-de-licitacoes-e-contratos","tag-nova-lei-de-licitacoes","tag-prorrogacao-de-contratos","formato-artigos","autor-cid-capobiango-soares-de-moura"],"acf":[],"yoast_head":"<!-- This site is optimized with the Yoast SEO plugin v27.2 - https:\/\/yoast.com\/product\/yoast-seo-wordpress\/ -->\n<title>Prorroga\u00e7\u00e3o dos contratos com a Nova Lei de Licita\u00e7\u00f5es<\/title>\n<meta name=\"description\" content=\"Como deve ocorrer a prorroga\u00e7\u00e3o dos contratos celebrados sob a vig\u00eancia da Lei 8.666\/93 ap\u00f3s a entrada em vigor da Nova Lei de Licita\u00e7\u00f5es?\" \/>\n<meta name=\"robots\" content=\"index, follow, max-snippet:-1, max-image-preview:large, max-video-preview:-1\" \/>\n<link rel=\"canonical\" href=\"https:\/\/radar.ibegesp.org.br\/limite-de-prorrogacao-dos-contratos-celebrados-sob-a-vigencia-da-lei-8-666-de-1993-apos-a-revogacao-pela-lei-14-133-de-2021\/\" \/>\n<meta property=\"og:locale\" content=\"pt_BR\" \/>\n<meta property=\"og:type\" content=\"article\" \/>\n<meta property=\"og:title\" content=\"Prorroga\u00e7\u00e3o dos contratos com a Nova Lei de Licita\u00e7\u00f5es\" \/>\n<meta property=\"og:description\" content=\"Como deve ocorrer a prorroga\u00e7\u00e3o dos contratos celebrados sob a vig\u00eancia da Lei 8.666\/93 ap\u00f3s a entrada em vigor da Nova Lei de Licita\u00e7\u00f5es?\" \/>\n<meta property=\"og:url\" content=\"https:\/\/radar.ibegesp.org.br\/limite-de-prorrogacao-dos-contratos-celebrados-sob-a-vigencia-da-lei-8-666-de-1993-apos-a-revogacao-pela-lei-14-133-de-2021\/\" \/>\n<meta property=\"og:site_name\" content=\"Radar IB\u00ca\" \/>\n<meta property=\"article:published_time\" content=\"2024-03-26T15:50:28+00:00\" \/>\n<meta property=\"article:modified_time\" content=\"2024-03-26T15:50:32+00:00\" \/>\n<meta property=\"og:image\" content=\"https:\/\/radar.ibegesp.org.br\/wp-content\/uploads\/2024\/03\/Banner-4.jpg\" \/>\n\t<meta property=\"og:image:width\" content=\"1920\" \/>\n\t<meta property=\"og:image:height\" content=\"1080\" \/>\n\t<meta property=\"og:image:type\" content=\"image\/jpeg\" \/>\n<meta name=\"author\" content=\"Amanda Tiemi Nakazato\" \/>\n<meta name=\"twitter:card\" content=\"summary_large_image\" \/>\n<meta name=\"twitter:label1\" content=\"Escrito por\" \/>\n\t<meta name=\"twitter:data1\" content=\"Amanda Tiemi Nakazato\" \/>\n\t<meta name=\"twitter:label2\" content=\"Est. tempo de leitura\" \/>\n\t<meta name=\"twitter:data2\" content=\"3 minutos\" \/>\n<script type=\"application\/ld+json\" class=\"yoast-schema-graph\">{\"@context\":\"https:\/\/schema.org\",\"@graph\":[{\"@type\":\"Article\",\"@id\":\"https:\/\/radar.ibegesp.org.br\/limite-de-prorrogacao-dos-contratos-celebrados-sob-a-vigencia-da-lei-8-666-de-1993-apos-a-revogacao-pela-lei-14-133-de-2021\/#article\",\"isPartOf\":{\"@id\":\"https:\/\/radar.ibegesp.org.br\/limite-de-prorrogacao-dos-contratos-celebrados-sob-a-vigencia-da-lei-8-666-de-1993-apos-a-revogacao-pela-lei-14-133-de-2021\/\"},\"author\":{\"name\":\"Amanda Tiemi Nakazato\",\"@id\":\"https:\/\/radar.ibegesp.org.br\/#\/schema\/person\/df6c8e157533f905ca0ffccccac0d976\"},\"headline\":\"Limite de Prorroga\u00e7\u00e3o dos Contratos Celebrados sob a Vig\u00eancia da Lei 8.666 de 1993 ap\u00f3s a Revoga\u00e7\u00e3o pela Lei 14.133 de 2021\",\"datePublished\":\"2024-03-26T15:50:28+00:00\",\"dateModified\":\"2024-03-26T15:50:32+00:00\",\"mainEntityOfPage\":{\"@id\":\"https:\/\/radar.ibegesp.org.br\/limite-de-prorrogacao-dos-contratos-celebrados-sob-a-vigencia-da-lei-8-666-de-1993-apos-a-revogacao-pela-lei-14-133-de-2021\/\"},\"wordCount\":529,\"publisher\":{\"@id\":\"https:\/\/radar.ibegesp.org.br\/#organization\"},\"image\":{\"@id\":\"https:\/\/radar.ibegesp.org.br\/limite-de-prorrogacao-dos-contratos-celebrados-sob-a-vigencia-da-lei-8-666-de-1993-apos-a-revogacao-pela-lei-14-133-de-2021\/#primaryimage\"},\"thumbnailUrl\":\"https:\/\/radar.ibegesp.org.br\/wp-content\/uploads\/2024\/03\/Banner-4.jpg\",\"keywords\":[\"Lei 14133\",\"Lei 8666\",\"Lei de Licita\u00e7\u00f5es e Contratos\",\"Nova Lei de Licita\u00e7\u00f5es\",\"Prorroga\u00e7\u00e3o de Contratos\"],\"articleSection\":[\"Licita\u00e7\u00f5es e Contratos\"],\"inLanguage\":\"pt-BR\"},{\"@type\":\"WebPage\",\"@id\":\"https:\/\/radar.ibegesp.org.br\/limite-de-prorrogacao-dos-contratos-celebrados-sob-a-vigencia-da-lei-8-666-de-1993-apos-a-revogacao-pela-lei-14-133-de-2021\/\",\"url\":\"https:\/\/radar.ibegesp.org.br\/limite-de-prorrogacao-dos-contratos-celebrados-sob-a-vigencia-da-lei-8-666-de-1993-apos-a-revogacao-pela-lei-14-133-de-2021\/\",\"name\":\"Prorroga\u00e7\u00e3o dos contratos com a Nova Lei de Licita\u00e7\u00f5es\",\"isPartOf\":{\"@id\":\"https:\/\/radar.ibegesp.org.br\/#website\"},\"primaryImageOfPage\":{\"@id\":\"https:\/\/radar.ibegesp.org.br\/limite-de-prorrogacao-dos-contratos-celebrados-sob-a-vigencia-da-lei-8-666-de-1993-apos-a-revogacao-pela-lei-14-133-de-2021\/#primaryimage\"},\"image\":{\"@id\":\"https:\/\/radar.ibegesp.org.br\/limite-de-prorrogacao-dos-contratos-celebrados-sob-a-vigencia-da-lei-8-666-de-1993-apos-a-revogacao-pela-lei-14-133-de-2021\/#primaryimage\"},\"thumbnailUrl\":\"https:\/\/radar.ibegesp.org.br\/wp-content\/uploads\/2024\/03\/Banner-4.jpg\",\"datePublished\":\"2024-03-26T15:50:28+00:00\",\"dateModified\":\"2024-03-26T15:50:32+00:00\",\"description\":\"Como deve ocorrer a prorroga\u00e7\u00e3o dos contratos celebrados sob a vig\u00eancia da Lei 8.666\/93 ap\u00f3s a entrada em vigor da Nova Lei de Licita\u00e7\u00f5es?\",\"breadcrumb\":{\"@id\":\"https:\/\/radar.ibegesp.org.br\/limite-de-prorrogacao-dos-contratos-celebrados-sob-a-vigencia-da-lei-8-666-de-1993-apos-a-revogacao-pela-lei-14-133-de-2021\/#breadcrumb\"},\"inLanguage\":\"pt-BR\",\"potentialAction\":[{\"@type\":\"ReadAction\",\"target\":[\"https:\/\/radar.ibegesp.org.br\/limite-de-prorrogacao-dos-contratos-celebrados-sob-a-vigencia-da-lei-8-666-de-1993-apos-a-revogacao-pela-lei-14-133-de-2021\/\"]}]},{\"@type\":\"ImageObject\",\"inLanguage\":\"pt-BR\",\"@id\":\"https:\/\/radar.ibegesp.org.br\/limite-de-prorrogacao-dos-contratos-celebrados-sob-a-vigencia-da-lei-8-666-de-1993-apos-a-revogacao-pela-lei-14-133-de-2021\/#primaryimage\",\"url\":\"https:\/\/radar.ibegesp.org.br\/wp-content\/uploads\/2024\/03\/Banner-4.jpg\",\"contentUrl\":\"https:\/\/radar.ibegesp.org.br\/wp-content\/uploads\/2024\/03\/Banner-4.jpg\",\"width\":1920,\"height\":1080},{\"@type\":\"BreadcrumbList\",\"@id\":\"https:\/\/radar.ibegesp.org.br\/limite-de-prorrogacao-dos-contratos-celebrados-sob-a-vigencia-da-lei-8-666-de-1993-apos-a-revogacao-pela-lei-14-133-de-2021\/#breadcrumb\",\"itemListElement\":[{\"@type\":\"ListItem\",\"position\":1,\"name\":\"Home\",\"item\":\"https:\/\/radar.ibegesp.org.br\/\"},{\"@type\":\"ListItem\",\"position\":2,\"name\":\"Limite de Prorroga\u00e7\u00e3o dos Contratos Celebrados sob a Vig\u00eancia da Lei 8.666 de 1993 ap\u00f3s a Revoga\u00e7\u00e3o pela Lei 14.133 de 2021\"}]},{\"@type\":\"WebSite\",\"@id\":\"https:\/\/radar.ibegesp.org.br\/#website\",\"url\":\"https:\/\/radar.ibegesp.org.br\/\",\"name\":\"Radar IB\u00ca\",\"description\":\"Contribu\u00edmos para uma gest\u00e3o p\u00fablica mais eficaz e transparente\",\"publisher\":{\"@id\":\"https:\/\/radar.ibegesp.org.br\/#organization\"},\"potentialAction\":[{\"@type\":\"SearchAction\",\"target\":{\"@type\":\"EntryPoint\",\"urlTemplate\":\"https:\/\/radar.ibegesp.org.br\/?s={search_term_string}\"},\"query-input\":{\"@type\":\"PropertyValueSpecification\",\"valueRequired\":true,\"valueName\":\"search_term_string\"}}],\"inLanguage\":\"pt-BR\"},{\"@type\":\"Organization\",\"@id\":\"https:\/\/radar.ibegesp.org.br\/#organization\",\"name\":\"Radar IB\u00ca\",\"url\":\"https:\/\/radar.ibegesp.org.br\/\",\"logo\":{\"@type\":\"ImageObject\",\"inLanguage\":\"pt-BR\",\"@id\":\"https:\/\/radar.ibegesp.org.br\/#\/schema\/logo\/image\/\",\"url\":\"https:\/\/radar.ibegesp.org.br\/wp-content\/uploads\/2021\/08\/logo-header.svg\",\"contentUrl\":\"https:\/\/radar.ibegesp.org.br\/wp-content\/uploads\/2021\/08\/logo-header.svg\",\"width\":1,\"height\":1,\"caption\":\"Radar IB\u00ca\"},\"image\":{\"@id\":\"https:\/\/radar.ibegesp.org.br\/#\/schema\/logo\/image\/\"}},{\"@type\":\"Person\",\"@id\":\"https:\/\/radar.ibegesp.org.br\/#\/schema\/person\/df6c8e157533f905ca0ffccccac0d976\",\"name\":\"Amanda Tiemi Nakazato\",\"image\":{\"@type\":\"ImageObject\",\"inLanguage\":\"pt-BR\",\"@id\":\"https:\/\/secure.gravatar.com\/avatar\/d0020ed989b68569c0bd02f891a2200bdd42d6324a5aa5c4595ade9c69bf81f4?s=96&d=mm&r=g\",\"url\":\"https:\/\/secure.gravatar.com\/avatar\/d0020ed989b68569c0bd02f891a2200bdd42d6324a5aa5c4595ade9c69bf81f4?s=96&d=mm&r=g\",\"contentUrl\":\"https:\/\/secure.gravatar.com\/avatar\/d0020ed989b68569c0bd02f891a2200bdd42d6324a5aa5c4595ade9c69bf81f4?s=96&d=mm&r=g\",\"caption\":\"Amanda Tiemi Nakazato\"},\"url\":\"https:\/\/radar.ibegesp.org.br\/author\/amanda\/\"}]}<\/script>\n<!-- \/ Yoast SEO plugin. -->","yoast_head_json":{"title":"Prorroga\u00e7\u00e3o dos contratos com a Nova Lei de Licita\u00e7\u00f5es","description":"Como deve ocorrer a prorroga\u00e7\u00e3o dos contratos celebrados sob a vig\u00eancia da Lei 8.666\/93 ap\u00f3s a entrada em vigor da Nova Lei de Licita\u00e7\u00f5es?","robots":{"index":"index","follow":"follow","max-snippet":"max-snippet:-1","max-image-preview":"max-image-preview:large","max-video-preview":"max-video-preview:-1"},"canonical":"https:\/\/radar.ibegesp.org.br\/limite-de-prorrogacao-dos-contratos-celebrados-sob-a-vigencia-da-lei-8-666-de-1993-apos-a-revogacao-pela-lei-14-133-de-2021\/","og_locale":"pt_BR","og_type":"article","og_title":"Prorroga\u00e7\u00e3o dos contratos com a Nova Lei de Licita\u00e7\u00f5es","og_description":"Como deve ocorrer a prorroga\u00e7\u00e3o dos contratos celebrados sob a vig\u00eancia da Lei 8.666\/93 ap\u00f3s a entrada em vigor da Nova Lei de Licita\u00e7\u00f5es?","og_url":"https:\/\/radar.ibegesp.org.br\/limite-de-prorrogacao-dos-contratos-celebrados-sob-a-vigencia-da-lei-8-666-de-1993-apos-a-revogacao-pela-lei-14-133-de-2021\/","og_site_name":"Radar IB\u00ca","article_published_time":"2024-03-26T15:50:28+00:00","article_modified_time":"2024-03-26T15:50:32+00:00","og_image":[{"width":1920,"height":1080,"url":"https:\/\/radar.ibegesp.org.br\/wp-content\/uploads\/2024\/03\/Banner-4.jpg","type":"image\/jpeg"}],"author":"Amanda Tiemi Nakazato","twitter_card":"summary_large_image","twitter_misc":{"Escrito por":"Amanda Tiemi Nakazato","Est. tempo de leitura":"3 minutos"},"schema":{"@context":"https:\/\/schema.org","@graph":[{"@type":"Article","@id":"https:\/\/radar.ibegesp.org.br\/limite-de-prorrogacao-dos-contratos-celebrados-sob-a-vigencia-da-lei-8-666-de-1993-apos-a-revogacao-pela-lei-14-133-de-2021\/#article","isPartOf":{"@id":"https:\/\/radar.ibegesp.org.br\/limite-de-prorrogacao-dos-contratos-celebrados-sob-a-vigencia-da-lei-8-666-de-1993-apos-a-revogacao-pela-lei-14-133-de-2021\/"},"author":{"name":"Amanda Tiemi Nakazato","@id":"https:\/\/radar.ibegesp.org.br\/#\/schema\/person\/df6c8e157533f905ca0ffccccac0d976"},"headline":"Limite de Prorroga\u00e7\u00e3o dos Contratos Celebrados sob a Vig\u00eancia da Lei 8.666 de 1993 ap\u00f3s a Revoga\u00e7\u00e3o pela Lei 14.133 de 2021","datePublished":"2024-03-26T15:50:28+00:00","dateModified":"2024-03-26T15:50:32+00:00","mainEntityOfPage":{"@id":"https:\/\/radar.ibegesp.org.br\/limite-de-prorrogacao-dos-contratos-celebrados-sob-a-vigencia-da-lei-8-666-de-1993-apos-a-revogacao-pela-lei-14-133-de-2021\/"},"wordCount":529,"publisher":{"@id":"https:\/\/radar.ibegesp.org.br\/#organization"},"image":{"@id":"https:\/\/radar.ibegesp.org.br\/limite-de-prorrogacao-dos-contratos-celebrados-sob-a-vigencia-da-lei-8-666-de-1993-apos-a-revogacao-pela-lei-14-133-de-2021\/#primaryimage"},"thumbnailUrl":"https:\/\/radar.ibegesp.org.br\/wp-content\/uploads\/2024\/03\/Banner-4.jpg","keywords":["Lei 14133","Lei 8666","Lei de Licita\u00e7\u00f5es e Contratos","Nova Lei de Licita\u00e7\u00f5es","Prorroga\u00e7\u00e3o de Contratos"],"articleSection":["Licita\u00e7\u00f5es e Contratos"],"inLanguage":"pt-BR"},{"@type":"WebPage","@id":"https:\/\/radar.ibegesp.org.br\/limite-de-prorrogacao-dos-contratos-celebrados-sob-a-vigencia-da-lei-8-666-de-1993-apos-a-revogacao-pela-lei-14-133-de-2021\/","url":"https:\/\/radar.ibegesp.org.br\/limite-de-prorrogacao-dos-contratos-celebrados-sob-a-vigencia-da-lei-8-666-de-1993-apos-a-revogacao-pela-lei-14-133-de-2021\/","name":"Prorroga\u00e7\u00e3o dos contratos com a Nova Lei de Licita\u00e7\u00f5es","isPartOf":{"@id":"https:\/\/radar.ibegesp.org.br\/#website"},"primaryImageOfPage":{"@id":"https:\/\/radar.ibegesp.org.br\/limite-de-prorrogacao-dos-contratos-celebrados-sob-a-vigencia-da-lei-8-666-de-1993-apos-a-revogacao-pela-lei-14-133-de-2021\/#primaryimage"},"image":{"@id":"https:\/\/radar.ibegesp.org.br\/limite-de-prorrogacao-dos-contratos-celebrados-sob-a-vigencia-da-lei-8-666-de-1993-apos-a-revogacao-pela-lei-14-133-de-2021\/#primaryimage"},"thumbnailUrl":"https:\/\/radar.ibegesp.org.br\/wp-content\/uploads\/2024\/03\/Banner-4.jpg","datePublished":"2024-03-26T15:50:28+00:00","dateModified":"2024-03-26T15:50:32+00:00","description":"Como deve ocorrer a prorroga\u00e7\u00e3o dos contratos celebrados sob a vig\u00eancia da Lei 8.666\/93 ap\u00f3s a entrada em vigor da Nova Lei de Licita\u00e7\u00f5es?","breadcrumb":{"@id":"https:\/\/radar.ibegesp.org.br\/limite-de-prorrogacao-dos-contratos-celebrados-sob-a-vigencia-da-lei-8-666-de-1993-apos-a-revogacao-pela-lei-14-133-de-2021\/#breadcrumb"},"inLanguage":"pt-BR","potentialAction":[{"@type":"ReadAction","target":["https:\/\/radar.ibegesp.org.br\/limite-de-prorrogacao-dos-contratos-celebrados-sob-a-vigencia-da-lei-8-666-de-1993-apos-a-revogacao-pela-lei-14-133-de-2021\/"]}]},{"@type":"ImageObject","inLanguage":"pt-BR","@id":"https:\/\/radar.ibegesp.org.br\/limite-de-prorrogacao-dos-contratos-celebrados-sob-a-vigencia-da-lei-8-666-de-1993-apos-a-revogacao-pela-lei-14-133-de-2021\/#primaryimage","url":"https:\/\/radar.ibegesp.org.br\/wp-content\/uploads\/2024\/03\/Banner-4.jpg","contentUrl":"https:\/\/radar.ibegesp.org.br\/wp-content\/uploads\/2024\/03\/Banner-4.jpg","width":1920,"height":1080},{"@type":"BreadcrumbList","@id":"https:\/\/radar.ibegesp.org.br\/limite-de-prorrogacao-dos-contratos-celebrados-sob-a-vigencia-da-lei-8-666-de-1993-apos-a-revogacao-pela-lei-14-133-de-2021\/#breadcrumb","itemListElement":[{"@type":"ListItem","position":1,"name":"Home","item":"https:\/\/radar.ibegesp.org.br\/"},{"@type":"ListItem","position":2,"name":"Limite de Prorroga\u00e7\u00e3o dos Contratos Celebrados sob a Vig\u00eancia da Lei 8.666 de 1993 ap\u00f3s a Revoga\u00e7\u00e3o pela Lei 14.133 de 2021"}]},{"@type":"WebSite","@id":"https:\/\/radar.ibegesp.org.br\/#website","url":"https:\/\/radar.ibegesp.org.br\/","name":"Radar IB\u00ca","description":"Contribu\u00edmos para uma gest\u00e3o p\u00fablica mais eficaz e transparente","publisher":{"@id":"https:\/\/radar.ibegesp.org.br\/#organization"},"potentialAction":[{"@type":"SearchAction","target":{"@type":"EntryPoint","urlTemplate":"https:\/\/radar.ibegesp.org.br\/?s={search_term_string}"},"query-input":{"@type":"PropertyValueSpecification","valueRequired":true,"valueName":"search_term_string"}}],"inLanguage":"pt-BR"},{"@type":"Organization","@id":"https:\/\/radar.ibegesp.org.br\/#organization","name":"Radar IB\u00ca","url":"https:\/\/radar.ibegesp.org.br\/","logo":{"@type":"ImageObject","inLanguage":"pt-BR","@id":"https:\/\/radar.ibegesp.org.br\/#\/schema\/logo\/image\/","url":"https:\/\/radar.ibegesp.org.br\/wp-content\/uploads\/2021\/08\/logo-header.svg","contentUrl":"https:\/\/radar.ibegesp.org.br\/wp-content\/uploads\/2021\/08\/logo-header.svg","width":1,"height":1,"caption":"Radar IB\u00ca"},"image":{"@id":"https:\/\/radar.ibegesp.org.br\/#\/schema\/logo\/image\/"}},{"@type":"Person","@id":"https:\/\/radar.ibegesp.org.br\/#\/schema\/person\/df6c8e157533f905ca0ffccccac0d976","name":"Amanda Tiemi Nakazato","image":{"@type":"ImageObject","inLanguage":"pt-BR","@id":"https:\/\/secure.gravatar.com\/avatar\/d0020ed989b68569c0bd02f891a2200bdd42d6324a5aa5c4595ade9c69bf81f4?s=96&d=mm&r=g","url":"https:\/\/secure.gravatar.com\/avatar\/d0020ed989b68569c0bd02f891a2200bdd42d6324a5aa5c4595ade9c69bf81f4?s=96&d=mm&r=g","contentUrl":"https:\/\/secure.gravatar.com\/avatar\/d0020ed989b68569c0bd02f891a2200bdd42d6324a5aa5c4595ade9c69bf81f4?s=96&d=mm&r=g","caption":"Amanda Tiemi Nakazato"},"url":"https:\/\/radar.ibegesp.org.br\/author\/amanda\/"}]}},"jetpack_featured_media_url":"https:\/\/radar.ibegesp.org.br\/wp-content\/uploads\/2024\/03\/Banner-4.jpg","_links":{"self":[{"href":"https:\/\/radar.ibegesp.org.br\/api\/wp\/v2\/posts\/4678","targetHints":{"allow":["GET"]}}],"collection":[{"href":"https:\/\/radar.ibegesp.org.br\/api\/wp\/v2\/posts"}],"about":[{"href":"https:\/\/radar.ibegesp.org.br\/api\/wp\/v2\/types\/post"}],"author":[{"embeddable":true,"href":"https:\/\/radar.ibegesp.org.br\/api\/wp\/v2\/users\/2"}],"replies":[{"embeddable":true,"href":"https:\/\/radar.ibegesp.org.br\/api\/wp\/v2\/comments?post=4678"}],"version-history":[{"count":0,"href":"https:\/\/radar.ibegesp.org.br\/api\/wp\/v2\/posts\/4678\/revisions"}],"wp:featuredmedia":[{"embeddable":true,"href":"https:\/\/radar.ibegesp.org.br\/api\/wp\/v2\/media\/4679"}],"wp:attachment":[{"href":"https:\/\/radar.ibegesp.org.br\/api\/wp\/v2\/media?parent=4678"}],"wp:term":[{"taxonomy":"category","embeddable":true,"href":"https:\/\/radar.ibegesp.org.br\/api\/wp\/v2\/categories?post=4678"},{"taxonomy":"post_tag","embeddable":true,"href":"https:\/\/radar.ibegesp.org.br\/api\/wp\/v2\/tags?post=4678"},{"taxonomy":"formato","embeddable":true,"href":"https:\/\/radar.ibegesp.org.br\/api\/wp\/v2\/formato?post=4678"},{"taxonomy":"autor","embeddable":true,"href":"https:\/\/radar.ibegesp.org.br\/api\/wp\/v2\/autor?post=4678"}],"curies":[{"name":"wp","href":"https:\/\/api.w.org\/{rel}","templated":true}]}}