{"id":4686,"date":"2024-04-03T14:48:11","date_gmt":"2024-04-03T17:48:11","guid":{"rendered":"https:\/\/radar.ibegesp.org.br\/?p=4686"},"modified":"2024-04-03T14:48:15","modified_gmt":"2024-04-03T17:48:15","slug":"3-anos-da-nova-lei-de-licitacoes-o-que-mudou","status":"publish","type":"post","link":"https:\/\/radar.ibegesp.org.br\/3-anos-da-nova-lei-de-licitacoes-o-que-mudou\/","title":{"rendered":"3 anos da Nova Lei de Licita\u00e7\u00f5es: o que mudou?"},"content":{"rendered":"\n<p class=\"wp-block-paragraph\"><strong>Ap\u00f3s 3 anos da publica\u00e7\u00e3o da Nova Lei de Licita\u00e7\u00f5es e Contratos (Lei n\u00ba 14.133\/2021), o ano de 2024 inicia a aplica\u00e7\u00e3o obrigat\u00f3ria do regramento para a realiza\u00e7\u00e3o dos processos de compras p\u00fablicas no pa\u00eds.<\/strong><\/p>\n\n\n\n<p class=\"wp-block-paragraph\">A transi\u00e7\u00e3o \u00e9 definitiva: as Leis n\u00ba 8.666\/1993 e n\u00ba 10.520\/2022 e os dispositivos da Lei 12.462\/2011 que institu\u00edam normas para licita\u00e7\u00f5es e contratos p\u00fablicos foram revogadas.<\/p>\n\n\n\n<p class=\"wp-block-paragraph\">E o que mudou? Agora, as contrata\u00e7\u00f5es s\u00e3o unificadas pelo Sistema de Compras do Governo Federal, o planejamento se torna uma fase indispens\u00e1vel para garantir o sucesso das contrata\u00e7\u00f5es e novas modalidades de licita\u00e7\u00e3o j\u00e1 s\u00e3o aplic\u00e1veis em \u00e2mbito nacional.<\/p>\n\n\n\n<p class=\"wp-block-paragraph\">Para esse bate-papo relevante na Gest\u00e3o P\u00fablica, convidamos Renato Fenili, Subsecret\u00e1rio de Gest\u00e3o do Estado de S\u00e3o Paulo e Presidente da Comiss\u00e3o de Transi\u00e7\u00e3o da NLL-SP,&nbsp; para compartilhar sua vis\u00e3o sobre a Nova Lei de Licita\u00e7\u00f5es e contar como est\u00e1 sendo o regime de transi\u00e7\u00e3o.Ou\u00e7a j\u00e1 esse bate-papo incr\u00edvel e continue acompanhando o <a href=\"https:\/\/ibegesp.org.br\/\">IBEGESP<\/a>!<\/p>\n\n\n\n<figure class=\"wp-block-image size-large is-style-default\"><img loading=\"lazy\" decoding=\"async\" width=\"1024\" height=\"576\" src=\"https:\/\/radar.ibegesp.org.br\/wp-content\/uploads\/2024\/04\/videocast-renato-fenili-1024x576.jpg\" alt=\"\" class=\"wp-image-4687\" srcset=\"https:\/\/radar.ibegesp.org.br\/wp-content\/uploads\/2024\/04\/videocast-renato-fenili-1024x576.jpg 1024w, https:\/\/radar.ibegesp.org.br\/wp-content\/uploads\/2024\/04\/videocast-renato-fenili-300x169.jpg 300w, https:\/\/radar.ibegesp.org.br\/wp-content\/uploads\/2024\/04\/videocast-renato-fenili-768x432.jpg 768w, https:\/\/radar.ibegesp.org.br\/wp-content\/uploads\/2024\/04\/videocast-renato-fenili-1536x864.jpg 1536w, https:\/\/radar.ibegesp.org.br\/wp-content\/uploads\/2024\/04\/videocast-renato-fenili-16x9.jpg 16w, https:\/\/radar.ibegesp.org.br\/wp-content\/uploads\/2024\/04\/videocast-renato-fenili.jpg 1920w\" sizes=\"auto, (max-width: 1024px) 100vw, 1024px\" \/><\/figure>\n\n\n\n<p class=\"wp-block-paragraph\"><\/p>\n","protected":false},"excerpt":{"rendered":"<p>Ap\u00f3s 3 anos da publica\u00e7\u00e3o da Nova Lei de Licita\u00e7\u00f5es e Contratos (Lei n\u00ba 14.133\/2021), o ano de 2024 inicia a aplica\u00e7\u00e3o obrigat\u00f3ria do regramento para a realiza\u00e7\u00e3o dos processos de compras p\u00fablicas no pa\u00eds. A transi\u00e7\u00e3o \u00e9 definitiva: as Leis n\u00ba 8.666\/1993 e n\u00ba 10.520\/2022 e os dispositivos da Lei 12.462\/2011 que institu\u00edam normas [&hellip;]<\/p>\n","protected":false},"author":6,"featured_media":4687,"comment_status":"open","ping_status":"open","sticky":false,"template":"","format":"standard","meta":{"_acf_changed":true,"_crdt_document":"","inline_featured_image":false,"footnotes":""},"categories":[124,16],"tags":[25,30,255,189,470,27,564],"formato":[7],"autor":[122],"class_list":["post-4686","post","type-post","status-publish","format-standard","has-post-thumbnail","hentry","category-gestao-publica","category-licitacoes-e-contratos","tag-gestao-publica","tag-licitacoes-e-contratos","tag-nllc","tag-nova-lei-de-licitacoes","tag-podcast","tag-podcasts","tag-videocast","formato-videocast","autor-redacao-radar"],"acf":[],"yoast_head":"<!-- This site is optimized with the Yoast SEO plugin v27.2 - https:\/\/yoast.com\/product\/yoast-seo-wordpress\/ -->\n<title>3 anos da Nova Lei de Licita\u00e7\u00f5es: o que mudou? - Radar IB\u00ca<\/title>\n<meta name=\"description\" content=\"Radar IB\u00ca - 3 anos da Nova Lei de Licita\u00e7\u00f5es: o que mudou?\" \/>\n<meta name=\"robots\" content=\"index, follow, max-snippet:-1, max-image-preview:large, max-video-preview:-1\" \/>\n<link rel=\"canonical\" href=\"https:\/\/radar.ibegesp.org.br\/3-anos-da-nova-lei-de-licitacoes-o-que-mudou\/\" \/>\n<meta property=\"og:locale\" content=\"pt_BR\" \/>\n<meta property=\"og:type\" content=\"article\" \/>\n<meta property=\"og:title\" content=\"3 anos da Nova Lei de Licita\u00e7\u00f5es: o que mudou? - Radar IB\u00ca\" \/>\n<meta property=\"og:description\" content=\"Radar IB\u00ca - 3 anos da Nova Lei de Licita\u00e7\u00f5es: o que mudou?\" \/>\n<meta property=\"og:url\" content=\"https:\/\/radar.ibegesp.org.br\/3-anos-da-nova-lei-de-licitacoes-o-que-mudou\/\" \/>\n<meta property=\"og:site_name\" content=\"Radar IB\u00ca\" \/>\n<meta property=\"article:published_time\" content=\"2024-04-03T17:48:11+00:00\" \/>\n<meta property=\"article:modified_time\" content=\"2024-04-03T17:48:15+00:00\" \/>\n<meta property=\"og:image\" content=\"https:\/\/radar.ibegesp.org.br\/wp-content\/uploads\/2024\/04\/videocast-renato-fenili.jpg\" \/>\n\t<meta property=\"og:image:width\" content=\"1920\" \/>\n\t<meta property=\"og:image:height\" content=\"1080\" \/>\n\t<meta property=\"og:image:type\" content=\"image\/jpeg\" \/>\n<meta name=\"author\" content=\"Maria Clara Carvalho\" \/>\n<meta name=\"twitter:card\" content=\"summary_large_image\" \/>\n<meta name=\"twitter:label1\" content=\"Escrito por\" \/>\n\t<meta name=\"twitter:data1\" content=\"Maria Clara Carvalho\" \/>\n\t<meta name=\"twitter:label2\" content=\"Est. tempo de leitura\" \/>\n\t<meta name=\"twitter:data2\" content=\"2 minutos\" \/>\n<script type=\"application\/ld+json\" class=\"yoast-schema-graph\">{\"@context\":\"https:\/\/schema.org\",\"@graph\":[{\"@type\":\"Article\",\"@id\":\"https:\/\/radar.ibegesp.org.br\/3-anos-da-nova-lei-de-licitacoes-o-que-mudou\/#article\",\"isPartOf\":{\"@id\":\"https:\/\/radar.ibegesp.org.br\/3-anos-da-nova-lei-de-licitacoes-o-que-mudou\/\"},\"author\":{\"name\":\"Maria Clara Carvalho\",\"@id\":\"https:\/\/radar.ibegesp.org.br\/#\/schema\/person\/6500224f0e69505aedd15de0bc72c0a3\"},\"headline\":\"3 anos da Nova Lei de Licita\u00e7\u00f5es: o que mudou?\",\"datePublished\":\"2024-04-03T17:48:11+00:00\",\"dateModified\":\"2024-04-03T17:48:15+00:00\",\"mainEntityOfPage\":{\"@id\":\"https:\/\/radar.ibegesp.org.br\/3-anos-da-nova-lei-de-licitacoes-o-que-mudou\/\"},\"wordCount\":192,\"commentCount\":0,\"publisher\":{\"@id\":\"https:\/\/radar.ibegesp.org.br\/#organization\"},\"image\":{\"@id\":\"https:\/\/radar.ibegesp.org.br\/3-anos-da-nova-lei-de-licitacoes-o-que-mudou\/#primaryimage\"},\"thumbnailUrl\":\"https:\/\/radar.ibegesp.org.br\/wp-content\/uploads\/2024\/04\/videocast-renato-fenili.jpg\",\"keywords\":[\"Gest\u00e3o P\u00fablica\",\"Licita\u00e7\u00f5es e Contratos\",\"NLLC\",\"Nova Lei de Licita\u00e7\u00f5es\",\"podcast\",\"Podcasts\",\"VIDEOCAST\"],\"articleSection\":[\"Gest\u00e3o P\u00fablica\",\"Licita\u00e7\u00f5es e Contratos\"],\"inLanguage\":\"pt-BR\",\"potentialAction\":[{\"@type\":\"CommentAction\",\"name\":\"Comment\",\"target\":[\"https:\/\/radar.ibegesp.org.br\/3-anos-da-nova-lei-de-licitacoes-o-que-mudou\/#respond\"]}]},{\"@type\":\"WebPage\",\"@id\":\"https:\/\/radar.ibegesp.org.br\/3-anos-da-nova-lei-de-licitacoes-o-que-mudou\/\",\"url\":\"https:\/\/radar.ibegesp.org.br\/3-anos-da-nova-lei-de-licitacoes-o-que-mudou\/\",\"name\":\"3 anos da Nova Lei de Licita\u00e7\u00f5es: o que mudou? - Radar IB\u00ca\",\"isPartOf\":{\"@id\":\"https:\/\/radar.ibegesp.org.br\/#website\"},\"primaryImageOfPage\":{\"@id\":\"https:\/\/radar.ibegesp.org.br\/3-anos-da-nova-lei-de-licitacoes-o-que-mudou\/#primaryimage\"},\"image\":{\"@id\":\"https:\/\/radar.ibegesp.org.br\/3-anos-da-nova-lei-de-licitacoes-o-que-mudou\/#primaryimage\"},\"thumbnailUrl\":\"https:\/\/radar.ibegesp.org.br\/wp-content\/uploads\/2024\/04\/videocast-renato-fenili.jpg\",\"datePublished\":\"2024-04-03T17:48:11+00:00\",\"dateModified\":\"2024-04-03T17:48:15+00:00\",\"description\":\"Radar IB\u00ca - 3 anos da Nova Lei de Licita\u00e7\u00f5es: o que mudou?\",\"breadcrumb\":{\"@id\":\"https:\/\/radar.ibegesp.org.br\/3-anos-da-nova-lei-de-licitacoes-o-que-mudou\/#breadcrumb\"},\"inLanguage\":\"pt-BR\",\"potentialAction\":[{\"@type\":\"ReadAction\",\"target\":[\"https:\/\/radar.ibegesp.org.br\/3-anos-da-nova-lei-de-licitacoes-o-que-mudou\/\"]}]},{\"@type\":\"ImageObject\",\"inLanguage\":\"pt-BR\",\"@id\":\"https:\/\/radar.ibegesp.org.br\/3-anos-da-nova-lei-de-licitacoes-o-que-mudou\/#primaryimage\",\"url\":\"https:\/\/radar.ibegesp.org.br\/wp-content\/uploads\/2024\/04\/videocast-renato-fenili.jpg\",\"contentUrl\":\"https:\/\/radar.ibegesp.org.br\/wp-content\/uploads\/2024\/04\/videocast-renato-fenili.jpg\",\"width\":1920,\"height\":1080},{\"@type\":\"BreadcrumbList\",\"@id\":\"https:\/\/radar.ibegesp.org.br\/3-anos-da-nova-lei-de-licitacoes-o-que-mudou\/#breadcrumb\",\"itemListElement\":[{\"@type\":\"ListItem\",\"position\":1,\"name\":\"Home\",\"item\":\"https:\/\/radar.ibegesp.org.br\/\"},{\"@type\":\"ListItem\",\"position\":2,\"name\":\"3 anos da Nova Lei de Licita\u00e7\u00f5es: o que mudou?\"}]},{\"@type\":\"WebSite\",\"@id\":\"https:\/\/radar.ibegesp.org.br\/#website\",\"url\":\"https:\/\/radar.ibegesp.org.br\/\",\"name\":\"Radar IB\u00ca\",\"description\":\"Contribu\u00edmos para uma gest\u00e3o p\u00fablica mais eficaz e transparente\",\"publisher\":{\"@id\":\"https:\/\/radar.ibegesp.org.br\/#organization\"},\"potentialAction\":[{\"@type\":\"SearchAction\",\"target\":{\"@type\":\"EntryPoint\",\"urlTemplate\":\"https:\/\/radar.ibegesp.org.br\/?s={search_term_string}\"},\"query-input\":{\"@type\":\"PropertyValueSpecification\",\"valueRequired\":true,\"valueName\":\"search_term_string\"}}],\"inLanguage\":\"pt-BR\"},{\"@type\":\"Organization\",\"@id\":\"https:\/\/radar.ibegesp.org.br\/#organization\",\"name\":\"Radar IB\u00ca\",\"url\":\"https:\/\/radar.ibegesp.org.br\/\",\"logo\":{\"@type\":\"ImageObject\",\"inLanguage\":\"pt-BR\",\"@id\":\"https:\/\/radar.ibegesp.org.br\/#\/schema\/logo\/image\/\",\"url\":\"https:\/\/radar.ibegesp.org.br\/wp-content\/uploads\/2021\/08\/logo-header.svg\",\"contentUrl\":\"https:\/\/radar.ibegesp.org.br\/wp-content\/uploads\/2021\/08\/logo-header.svg\",\"width\":1,\"height\":1,\"caption\":\"Radar IB\u00ca\"},\"image\":{\"@id\":\"https:\/\/radar.ibegesp.org.br\/#\/schema\/logo\/image\/\"}},{\"@type\":\"Person\",\"@id\":\"https:\/\/radar.ibegesp.org.br\/#\/schema\/person\/6500224f0e69505aedd15de0bc72c0a3\",\"name\":\"Maria Clara Carvalho\",\"image\":{\"@type\":\"ImageObject\",\"inLanguage\":\"pt-BR\",\"@id\":\"https:\/\/secure.gravatar.com\/avatar\/04aa2e0bc4c06b7a0a847a6f3487efa29b615bbc7090b30bdeb1c281e04c117b?s=96&d=mm&r=g\",\"url\":\"https:\/\/secure.gravatar.com\/avatar\/04aa2e0bc4c06b7a0a847a6f3487efa29b615bbc7090b30bdeb1c281e04c117b?s=96&d=mm&r=g\",\"contentUrl\":\"https:\/\/secure.gravatar.com\/avatar\/04aa2e0bc4c06b7a0a847a6f3487efa29b615bbc7090b30bdeb1c281e04c117b?s=96&d=mm&r=g\",\"caption\":\"Maria Clara Carvalho\"},\"url\":\"https:\/\/radar.ibegesp.org.br\/author\/mclara\/\"}]}<\/script>\n<!-- \/ Yoast SEO plugin. -->","yoast_head_json":{"title":"3 anos da Nova Lei de Licita\u00e7\u00f5es: o que mudou? - Radar IB\u00ca","description":"Radar IB\u00ca - 3 anos da Nova Lei de Licita\u00e7\u00f5es: o que mudou?","robots":{"index":"index","follow":"follow","max-snippet":"max-snippet:-1","max-image-preview":"max-image-preview:large","max-video-preview":"max-video-preview:-1"},"canonical":"https:\/\/radar.ibegesp.org.br\/3-anos-da-nova-lei-de-licitacoes-o-que-mudou\/","og_locale":"pt_BR","og_type":"article","og_title":"3 anos da Nova Lei de Licita\u00e7\u00f5es: o que mudou? - Radar IB\u00ca","og_description":"Radar IB\u00ca - 3 anos da Nova Lei de Licita\u00e7\u00f5es: o que mudou?","og_url":"https:\/\/radar.ibegesp.org.br\/3-anos-da-nova-lei-de-licitacoes-o-que-mudou\/","og_site_name":"Radar IB\u00ca","article_published_time":"2024-04-03T17:48:11+00:00","article_modified_time":"2024-04-03T17:48:15+00:00","og_image":[{"width":1920,"height":1080,"url":"https:\/\/radar.ibegesp.org.br\/wp-content\/uploads\/2024\/04\/videocast-renato-fenili.jpg","type":"image\/jpeg"}],"author":"Maria Clara Carvalho","twitter_card":"summary_large_image","twitter_misc":{"Escrito por":"Maria Clara Carvalho","Est. tempo de leitura":"2 minutos"},"schema":{"@context":"https:\/\/schema.org","@graph":[{"@type":"Article","@id":"https:\/\/radar.ibegesp.org.br\/3-anos-da-nova-lei-de-licitacoes-o-que-mudou\/#article","isPartOf":{"@id":"https:\/\/radar.ibegesp.org.br\/3-anos-da-nova-lei-de-licitacoes-o-que-mudou\/"},"author":{"name":"Maria Clara Carvalho","@id":"https:\/\/radar.ibegesp.org.br\/#\/schema\/person\/6500224f0e69505aedd15de0bc72c0a3"},"headline":"3 anos da Nova Lei de Licita\u00e7\u00f5es: o que mudou?","datePublished":"2024-04-03T17:48:11+00:00","dateModified":"2024-04-03T17:48:15+00:00","mainEntityOfPage":{"@id":"https:\/\/radar.ibegesp.org.br\/3-anos-da-nova-lei-de-licitacoes-o-que-mudou\/"},"wordCount":192,"commentCount":0,"publisher":{"@id":"https:\/\/radar.ibegesp.org.br\/#organization"},"image":{"@id":"https:\/\/radar.ibegesp.org.br\/3-anos-da-nova-lei-de-licitacoes-o-que-mudou\/#primaryimage"},"thumbnailUrl":"https:\/\/radar.ibegesp.org.br\/wp-content\/uploads\/2024\/04\/videocast-renato-fenili.jpg","keywords":["Gest\u00e3o P\u00fablica","Licita\u00e7\u00f5es e Contratos","NLLC","Nova Lei de Licita\u00e7\u00f5es","podcast","Podcasts","VIDEOCAST"],"articleSection":["Gest\u00e3o P\u00fablica","Licita\u00e7\u00f5es e Contratos"],"inLanguage":"pt-BR","potentialAction":[{"@type":"CommentAction","name":"Comment","target":["https:\/\/radar.ibegesp.org.br\/3-anos-da-nova-lei-de-licitacoes-o-que-mudou\/#respond"]}]},{"@type":"WebPage","@id":"https:\/\/radar.ibegesp.org.br\/3-anos-da-nova-lei-de-licitacoes-o-que-mudou\/","url":"https:\/\/radar.ibegesp.org.br\/3-anos-da-nova-lei-de-licitacoes-o-que-mudou\/","name":"3 anos da Nova Lei de Licita\u00e7\u00f5es: o que mudou? - Radar IB\u00ca","isPartOf":{"@id":"https:\/\/radar.ibegesp.org.br\/#website"},"primaryImageOfPage":{"@id":"https:\/\/radar.ibegesp.org.br\/3-anos-da-nova-lei-de-licitacoes-o-que-mudou\/#primaryimage"},"image":{"@id":"https:\/\/radar.ibegesp.org.br\/3-anos-da-nova-lei-de-licitacoes-o-que-mudou\/#primaryimage"},"thumbnailUrl":"https:\/\/radar.ibegesp.org.br\/wp-content\/uploads\/2024\/04\/videocast-renato-fenili.jpg","datePublished":"2024-04-03T17:48:11+00:00","dateModified":"2024-04-03T17:48:15+00:00","description":"Radar IB\u00ca - 3 anos da Nova Lei de Licita\u00e7\u00f5es: o que mudou?","breadcrumb":{"@id":"https:\/\/radar.ibegesp.org.br\/3-anos-da-nova-lei-de-licitacoes-o-que-mudou\/#breadcrumb"},"inLanguage":"pt-BR","potentialAction":[{"@type":"ReadAction","target":["https:\/\/radar.ibegesp.org.br\/3-anos-da-nova-lei-de-licitacoes-o-que-mudou\/"]}]},{"@type":"ImageObject","inLanguage":"pt-BR","@id":"https:\/\/radar.ibegesp.org.br\/3-anos-da-nova-lei-de-licitacoes-o-que-mudou\/#primaryimage","url":"https:\/\/radar.ibegesp.org.br\/wp-content\/uploads\/2024\/04\/videocast-renato-fenili.jpg","contentUrl":"https:\/\/radar.ibegesp.org.br\/wp-content\/uploads\/2024\/04\/videocast-renato-fenili.jpg","width":1920,"height":1080},{"@type":"BreadcrumbList","@id":"https:\/\/radar.ibegesp.org.br\/3-anos-da-nova-lei-de-licitacoes-o-que-mudou\/#breadcrumb","itemListElement":[{"@type":"ListItem","position":1,"name":"Home","item":"https:\/\/radar.ibegesp.org.br\/"},{"@type":"ListItem","position":2,"name":"3 anos da Nova Lei de Licita\u00e7\u00f5es: o que mudou?"}]},{"@type":"WebSite","@id":"https:\/\/radar.ibegesp.org.br\/#website","url":"https:\/\/radar.ibegesp.org.br\/","name":"Radar IB\u00ca","description":"Contribu\u00edmos para uma gest\u00e3o p\u00fablica mais eficaz e transparente","publisher":{"@id":"https:\/\/radar.ibegesp.org.br\/#organization"},"potentialAction":[{"@type":"SearchAction","target":{"@type":"EntryPoint","urlTemplate":"https:\/\/radar.ibegesp.org.br\/?s={search_term_string}"},"query-input":{"@type":"PropertyValueSpecification","valueRequired":true,"valueName":"search_term_string"}}],"inLanguage":"pt-BR"},{"@type":"Organization","@id":"https:\/\/radar.ibegesp.org.br\/#organization","name":"Radar IB\u00ca","url":"https:\/\/radar.ibegesp.org.br\/","logo":{"@type":"ImageObject","inLanguage":"pt-BR","@id":"https:\/\/radar.ibegesp.org.br\/#\/schema\/logo\/image\/","url":"https:\/\/radar.ibegesp.org.br\/wp-content\/uploads\/2021\/08\/logo-header.svg","contentUrl":"https:\/\/radar.ibegesp.org.br\/wp-content\/uploads\/2021\/08\/logo-header.svg","width":1,"height":1,"caption":"Radar IB\u00ca"},"image":{"@id":"https:\/\/radar.ibegesp.org.br\/#\/schema\/logo\/image\/"}},{"@type":"Person","@id":"https:\/\/radar.ibegesp.org.br\/#\/schema\/person\/6500224f0e69505aedd15de0bc72c0a3","name":"Maria Clara Carvalho","image":{"@type":"ImageObject","inLanguage":"pt-BR","@id":"https:\/\/secure.gravatar.com\/avatar\/04aa2e0bc4c06b7a0a847a6f3487efa29b615bbc7090b30bdeb1c281e04c117b?s=96&d=mm&r=g","url":"https:\/\/secure.gravatar.com\/avatar\/04aa2e0bc4c06b7a0a847a6f3487efa29b615bbc7090b30bdeb1c281e04c117b?s=96&d=mm&r=g","contentUrl":"https:\/\/secure.gravatar.com\/avatar\/04aa2e0bc4c06b7a0a847a6f3487efa29b615bbc7090b30bdeb1c281e04c117b?s=96&d=mm&r=g","caption":"Maria Clara Carvalho"},"url":"https:\/\/radar.ibegesp.org.br\/author\/mclara\/"}]}},"jetpack_featured_media_url":"https:\/\/radar.ibegesp.org.br\/wp-content\/uploads\/2024\/04\/videocast-renato-fenili.jpg","_links":{"self":[{"href":"https:\/\/radar.ibegesp.org.br\/api\/wp\/v2\/posts\/4686","targetHints":{"allow":["GET"]}}],"collection":[{"href":"https:\/\/radar.ibegesp.org.br\/api\/wp\/v2\/posts"}],"about":[{"href":"https:\/\/radar.ibegesp.org.br\/api\/wp\/v2\/types\/post"}],"author":[{"embeddable":true,"href":"https:\/\/radar.ibegesp.org.br\/api\/wp\/v2\/users\/6"}],"replies":[{"embeddable":true,"href":"https:\/\/radar.ibegesp.org.br\/api\/wp\/v2\/comments?post=4686"}],"version-history":[{"count":0,"href":"https:\/\/radar.ibegesp.org.br\/api\/wp\/v2\/posts\/4686\/revisions"}],"wp:featuredmedia":[{"embeddable":true,"href":"https:\/\/radar.ibegesp.org.br\/api\/wp\/v2\/media\/4687"}],"wp:attachment":[{"href":"https:\/\/radar.ibegesp.org.br\/api\/wp\/v2\/media?parent=4686"}],"wp:term":[{"taxonomy":"category","embeddable":true,"href":"https:\/\/radar.ibegesp.org.br\/api\/wp\/v2\/categories?post=4686"},{"taxonomy":"post_tag","embeddable":true,"href":"https:\/\/radar.ibegesp.org.br\/api\/wp\/v2\/tags?post=4686"},{"taxonomy":"formato","embeddable":true,"href":"https:\/\/radar.ibegesp.org.br\/api\/wp\/v2\/formato?post=4686"},{"taxonomy":"autor","embeddable":true,"href":"https:\/\/radar.ibegesp.org.br\/api\/wp\/v2\/autor?post=4686"}],"curies":[{"name":"wp","href":"https:\/\/api.w.org\/{rel}","templated":true}]}}