{"id":4855,"date":"2024-12-17T15:13:19","date_gmt":"2024-12-17T18:13:19","guid":{"rendered":"https:\/\/radar.ibegesp.org.br\/?p=4855"},"modified":"2024-12-17T15:13:21","modified_gmt":"2024-12-17T18:13:21","slug":"o-que-a-nova-lei-de-licitacoes-trouxe-sobre-a-governanca-nas-contratacoes","status":"publish","type":"post","link":"https:\/\/radar.ibegesp.org.br\/o-que-a-nova-lei-de-licitacoes-trouxe-sobre-a-governanca-nas-contratacoes\/","title":{"rendered":"O que a Nova Lei de Licita\u00e7\u00f5es trouxe sobre a governan\u00e7a nas contrata\u00e7\u00f5es?"},"content":{"rendered":"\n<h2 class=\"wp-block-heading\">Um sistema robusto de governan\u00e7a garante o uso adequado dos recursos p\u00fablicos<\/h2>\n\n\n\n<blockquote class=\"wp-block-quote is-layout-flow wp-block-quote-is-layout-flow\">\n<p class=\"has-text-align-center wp-block-paragraph\"><em>Este conte\u00fado faz parte do centro de estudos\u00a0de <a href=\"https:\/\/ibegesp.org.br\/educacao\/\">Licita\u00e7\u00f5es e Contratos<\/a>\u00a0do IB\u00ca<\/em><\/p>\n<\/blockquote>\n\n\n\n<p class=\"wp-block-paragraph\">A governan\u00e7a nas contrata\u00e7\u00f5es p\u00fablicas refere-se ao conjunto de <strong>pr\u00e1ticas, princ\u00edpios e mecanismos<\/strong> adotados pelas institui\u00e7\u00f5es p\u00fablicas para garantir a efici\u00eancia, transpar\u00eancia, integridade e a responsabiliza\u00e7\u00e3o na condu\u00e7\u00e3o dos processos de contrata\u00e7\u00e3o de bens, servi\u00e7os e obras pelo Estado.<\/p>\n\n\n\n<p class=\"wp-block-paragraph\">Conforme dados do Minist\u00e9rio da Economia, as contrata\u00e7\u00f5es p\u00fablicas representam cerca de 12% do PIB brasileiro por ano, o que refor\u00e7a a import\u00e2ncia da constru\u00e7\u00e3o de um <strong>sistema robusto de governan\u00e7a<\/strong> que assegure o uso adequado do dinheiro p\u00fablico.<\/p>\n\n\n\n<h3 class=\"wp-block-heading\"><strong>Principais elementos da Governan\u00e7a nas Contrata\u00e7\u00f5es P\u00fablicas<\/strong><\/h3>\n\n\n\n<p class=\"wp-block-paragraph\">No Brasil, a Lei n\u00ba 14.133, de 01 de abril de 2021, (Nova Lei de Licita\u00e7\u00f5es e Contratos) \u00e9 um marco importante na moderniza\u00e7\u00e3o da governan\u00e7a das contrata\u00e7\u00f5es p\u00fablicas. Ela busca trazer mais <strong>efici\u00eancia, transpar\u00eancia e integridade<\/strong> aos processos licitat\u00f3rios, al\u00e9m de incorporar pr\u00e1ticas de governan\u00e7a, gest\u00e3o de riscos e compliance.<\/p>\n\n\n\n<p class=\"wp-block-paragraph\">No contexto federal, h\u00e1 ainda a Portaria SEGES\/ME n\u00ba 8.678, de 19 de julho de 2021 que disp\u00f5e sobre a governan\u00e7a nas contrata\u00e7\u00f5es p\u00fablicas no \u00e2mbito\u00a0 da Administra\u00e7\u00e3o P\u00fablica federal direta, aut\u00e1rquica e fundacional, estando essa Portaria, inclusive, j\u00e1 alinhada \u00e0 Lei n\u00ba 14.133\/2021.<\/p>\n\n\n\n<p class=\"wp-block-paragraph\">Confira a seguir <strong>9 principais elementos<\/strong> de governan\u00e7a nas contrata\u00e7\u00f5es p\u00fablicas presentes na Lei 14.133\/21:<\/p>\n\n\n\n<h4 class=\"wp-block-heading\"><strong>Princ\u00edpios e Diretrizes<\/strong><\/h4>\n\n\n\n<p class=\"wp-block-paragraph\">O artigo 5\u00ba estabelece os princ\u00edpios que regem as contrata\u00e7\u00f5es p\u00fablicas, como efici\u00eancia, efic\u00e1cia, transpar\u00eancia, inova\u00e7\u00e3o e planejamento. Esses princ\u00edpios s\u00e3o a base para uma <strong>governan\u00e7a mais estruturada e estrat\u00e9gica<\/strong>.<\/p>\n\n\n\n<h4 class=\"wp-block-heading\"><strong>Planejamento e Racionalidade<\/strong><\/h4>\n\n\n\n<p class=\"wp-block-paragraph\">O artigo 18 disp\u00f5e sobre o Plano Anual de Contrata\u00e7\u00f5es (PAC), instrumento de planejamento que permite que os \u00f3rg\u00e3os e entidades da Administra\u00e7\u00e3o P\u00fablica prevejam suas contrata\u00e7\u00f5es de bens, servi\u00e7os e obras para o ano seguinte, promovendo a <strong>racionaliza\u00e7\u00e3o e efici\u00eancia <\/strong>nas contrata\u00e7\u00f5es.<\/p>\n\n\n\n<h4 class=\"wp-block-heading\"><strong>Gest\u00e3o de Riscos e Controle Interno<\/strong><\/h4>\n\n\n\n<p class=\"wp-block-paragraph\">O artigo 11 determina a obrigatoriedade da gest\u00e3o de riscos para que a administra\u00e7\u00e3o possa <strong>prever, identificar e mitigar<\/strong> poss\u00edveis problemas que possam surgir durante a execu\u00e7\u00e3o do contrato.<\/p>\n\n\n\n<p class=\"wp-block-paragraph\">J\u00e1 o artigo 169 trata da necessidade de atua\u00e7\u00e3o dos \u00f3rg\u00e3os de controle interno e externo para <strong>acompanhar, fiscalizar<\/strong> e garantir a correta execu\u00e7\u00e3o dos contratos administrativos, refor\u00e7ando a governan\u00e7a e o controle sobre os processos de contrata\u00e7\u00e3o.<\/p>\n\n\n\n<h4 class=\"wp-block-heading\"><strong>Transpar\u00eancia e Controle Social<\/strong><\/h4>\n\n\n\n<p class=\"wp-block-paragraph\">O artigo 174 institui \u00a0o Portal Nacional de Contrata\u00e7\u00f5es P\u00fablicas (PNCP), que tem como objetivo reunir informa\u00e7\u00f5es sobre licita\u00e7\u00f5es e contratos em \u00e2mbito nacional, aumentando a <strong>transpar\u00eancia<\/strong> e possibilitando maior <strong>controle social.<\/strong><\/p>\n\n\n\n<h4 class=\"wp-block-heading\"><strong>Compliance e Integridade<\/strong><\/h4>\n\n\n\n<p class=\"wp-block-paragraph\">O artigo 25 estabelece a necessidade de programas de integridade e compliance para empresas que contratarem com o setor p\u00fablico, principalmente em contratos de maior valor ou risco, promovendo a <strong>\u00e9tica e a integridade<\/strong> nas contrata\u00e7\u00f5es.<\/p>\n\n\n\n<h4 class=\"wp-block-heading\"><strong>Atribui\u00e7\u00f5es dos Gestores de Contrato<\/strong><\/h4>\n\n\n\n<p class=\"wp-block-paragraph\">O artigo 117 disp\u00f5e sobre a designa\u00e7\u00e3o de um gestor de contrato e uma equipe de apoio, que s\u00e3o respons\u00e1veis pelo acompanhamento e fiscaliza\u00e7\u00e3o da execu\u00e7\u00e3o contratual. A atua\u00e7\u00e3o desses agentes \u00e9 essencial para garantir o cumprimento das obriga\u00e7\u00f5es contratuais e o <strong>alcance dos objetivos da contrata\u00e7\u00e3o<\/strong>.<\/p>\n\n\n\n<h4 class=\"wp-block-heading\"><strong>Capacita\u00e7\u00e3o e Profissionaliza\u00e7\u00e3o<\/strong><\/h4>\n\n\n\n<p class=\"wp-block-paragraph\">O artigo 7\u00ba trata da <strong>necessidade de treinamento e qualifica\u00e7\u00e3o<\/strong> dos agentes p\u00fablicos envolvidos nos processos de contrata\u00e7\u00e3o. Isso contribui para a profissionaliza\u00e7\u00e3o e aprimoramento da gest\u00e3o p\u00fablica.<\/p>\n\n\n\n<h4 class=\"wp-block-heading\"><strong>Racionalidade e Efici\u00eancia<\/strong><\/h4>\n\n\n\n<p class=\"wp-block-paragraph\">O artigo 20 estabelece a <strong>import\u00e2ncia da an\u00e1lise de riscos<\/strong> nas contrata\u00e7\u00f5es, destacando a necessidade de observar os princ\u00edpios de governan\u00e7a em todas as fases do processo, desde a licita\u00e7\u00e3o at\u00e9 a execu\u00e7\u00e3o do contrato.<\/p>\n\n\n\n<h4 class=\"wp-block-heading\"><strong>Responsabiliza\u00e7\u00e3o e San\u00e7\u00f5es<\/strong><\/h4>\n\n\n\n<p class=\"wp-block-paragraph\">O artigo 156 trata das san\u00e7\u00f5es administrativas aplic\u00e1veis \u00e0s empresas que descumprirem os contratos, agindo de forma irregular ou fraudulenta, incentivando a ado\u00e7\u00e3o de <strong>pr\u00e1ticas de governan\u00e7a e integridade<\/strong> para evitar penalidades.<\/p>\n\n\n\n<h3 class=\"wp-block-heading\"><strong>Benef\u00edcios nas Contrata\u00e7\u00f5es P\u00fablicas<\/strong><\/h3>\n\n\n\n<p class=\"wp-block-paragraph\">A governan\u00e7a nas contrata\u00e7\u00f5es p\u00fablicas pode trazer uma s\u00e9rie de benef\u00edcios, tais como:<\/p>\n\n\n\n<ul class=\"wp-block-list\">\n<li><strong>Redu\u00e7\u00e3o de custos e desperd\u00edcios<\/strong> ao garantir que os recursos sejam utilizados de maneira mais eficiente<\/li>\n\n\n\n<li><strong>Aumento da transpar\u00eancia e da confian\u00e7a <\/strong>da sociedade nos processos de contrata\u00e7\u00e3o<\/li>\n\n\n\n<li><strong>Preven\u00e7\u00e3o de irregularidades e corrup\u00e7\u00e3o<\/strong> por meio de mecanismos de controle e responsabiliza\u00e7\u00e3o<\/li>\n\n\n\n<li><strong>Melhoria da qualidade dos servi\u00e7os e bens adquiridos<\/strong> pelo setor p\u00fablico<\/li>\n<\/ul>\n\n\n\n<figure class=\"wp-block-image size-large\"><img loading=\"lazy\" decoding=\"async\" width=\"1024\" height=\"370\" src=\"https:\/\/radar.ibegesp.org.br\/wp-content\/uploads\/2024\/12\/Peca-Int-11-1-1024x370.png\" alt=\"governan\u00e7a\" class=\"wp-image-4858\" srcset=\"https:\/\/radar.ibegesp.org.br\/wp-content\/uploads\/2024\/12\/Peca-Int-11-1-1024x370.png 1024w, https:\/\/radar.ibegesp.org.br\/wp-content\/uploads\/2024\/12\/Peca-Int-11-1-300x108.png 300w, https:\/\/radar.ibegesp.org.br\/wp-content\/uploads\/2024\/12\/Peca-Int-11-1-768x277.png 768w, https:\/\/radar.ibegesp.org.br\/wp-content\/uploads\/2024\/12\/Peca-Int-11-1-1536x554.png 1536w, https:\/\/radar.ibegesp.org.br\/wp-content\/uploads\/2024\/12\/Peca-Int-11-1-16x6.png 16w, https:\/\/radar.ibegesp.org.br\/wp-content\/uploads\/2024\/12\/Peca-Int-11-1.png 1920w\" sizes=\"auto, (max-width: 1024px) 100vw, 1024px\" \/><\/figure>\n\n\n\n<p class=\"wp-block-paragraph\">Dessa maneira, pode-se concluir que a governan\u00e7a nas contrata\u00e7\u00f5es p\u00fablicas desempenha uma fun\u00e7\u00e3o vital nas compras p\u00fablicas por introduzir um conjunto de mecanismos focados em garantir que o recurso p\u00fablico seja usado de forma correta e com efici\u00eancia, reduzindo os poss\u00edveis riscos no processo de compras, promovendo um <strong>alinhamento entre as compras e os objetivos estrat\u00e9gicos do \u00f3rg\u00e3o p\u00fablico.<\/strong><\/p>\n\n\n\n<hr class=\"wp-block-separator has-alpha-channel-opacity\"\/>\n\n\n\n<p class=\"wp-block-paragraph\">*Os artigos aqui divulgados s\u00e3o enviados pelos redatores volunt\u00e1rios da plataforma. Assim, o Radar IBEGESP n\u00e3o se responsabiliza por nenhuma opini\u00e3o pessoal aqui emitida, sendo o conte\u00fado de inteira responsabilidade dos autores da publica\u00e7\u00e3o.<\/p>\n\n\n\n<hr class=\"wp-block-separator has-alpha-channel-opacity\"\/>\n\n\n\n<p class=\"wp-block-paragraph\">Autoria: Rafaella Christina Gomes \u00e9 Mestre em Administra\u00e7\u00e3o pela PUC MG e Administradora pela UFSJ. \u00c9 especialista em Licita\u00e7\u00f5es e Contratos pela PUC PR e em Gest\u00e3o Estrat\u00e9gica em Departamento Pessoal pela PUC MG. Possui MBA em Gest\u00e3o Estrat\u00e9gica de Pessoas pela UFSJ.\u00a0 \u00c9 t\u00e9cnica em Seguran\u00e7a do Trabalho pelo IF Sudeste MG. \u00c9 certificada pela APMG Internacional em PPPs e Concess\u00f5es (CP3P-F) e em Licita\u00e7\u00f5es e Contratos Administrativos pela ENAP. \u00c9 Gerente Administrativa da Codemge.<\/p>\n","protected":false},"excerpt":{"rendered":"<p>Um sistema robusto de governan\u00e7a garante o uso adequado dos recursos p\u00fablicos Este conte\u00fado faz parte do centro de estudos\u00a0de Licita\u00e7\u00f5es e Contratos\u00a0do IB\u00ca A governan\u00e7a nas contrata\u00e7\u00f5es p\u00fablicas refere-se ao conjunto de pr\u00e1ticas, princ\u00edpios e mecanismos adotados pelas institui\u00e7\u00f5es p\u00fablicas para garantir a efici\u00eancia, transpar\u00eancia, integridade e a responsabiliza\u00e7\u00e3o na condu\u00e7\u00e3o dos processos de [&hellip;]<\/p>\n","protected":false},"author":13,"featured_media":4856,"comment_status":"closed","ping_status":"closed","sticky":false,"template":"","format":"standard","meta":{"_acf_changed":true,"_crdt_document":"","inline_featured_image":false,"footnotes":""},"categories":[16],"tags":[303,25,44,30],"formato":[],"autor":[608],"class_list":["post-4855","post","type-post","status-publish","format-standard","has-post-thumbnail","hentry","category-licitacoes-e-contratos","tag-contratacoes","tag-gestao-publica","tag-governanca","tag-licitacoes-e-contratos","autor-rafaella-christina"],"acf":[],"yoast_head":"<!-- This site is optimized with the Yoast SEO plugin v27.2 - https:\/\/yoast.com\/product\/yoast-seo-wordpress\/ -->\n<title>O que a Nova Lei de Licita\u00e7\u00f5es trouxe sobre a governan\u00e7a nas contrata\u00e7\u00f5es? - Radar IB\u00ca<\/title>\n<meta name=\"description\" content=\"Voc\u00ea j\u00e1 parou para pensar nos benef\u00edcios que um sistema robusto de governan\u00e7a pode trazer para as contrata\u00e7\u00f5es p\u00fablicas? Vem conferir aqui!\" \/>\n<meta name=\"robots\" content=\"index, follow, max-snippet:-1, max-image-preview:large, max-video-preview:-1\" \/>\n<link rel=\"canonical\" href=\"https:\/\/radar.ibegesp.org.br\/o-que-a-nova-lei-de-licitacoes-trouxe-sobre-a-governanca-nas-contratacoes\/\" \/>\n<meta property=\"og:locale\" content=\"pt_BR\" \/>\n<meta property=\"og:type\" content=\"article\" \/>\n<meta property=\"og:title\" content=\"O que a Nova Lei de Licita\u00e7\u00f5es trouxe sobre a governan\u00e7a nas contrata\u00e7\u00f5es? - Radar IB\u00ca\" \/>\n<meta property=\"og:description\" content=\"Voc\u00ea j\u00e1 parou para pensar nos benef\u00edcios que um sistema robusto de governan\u00e7a pode trazer para as contrata\u00e7\u00f5es p\u00fablicas? Vem conferir aqui!\" \/>\n<meta property=\"og:url\" content=\"https:\/\/radar.ibegesp.org.br\/o-que-a-nova-lei-de-licitacoes-trouxe-sobre-a-governanca-nas-contratacoes\/\" \/>\n<meta property=\"og:site_name\" content=\"Radar IB\u00ca\" \/>\n<meta property=\"article:published_time\" content=\"2024-12-17T18:13:19+00:00\" \/>\n<meta property=\"article:modified_time\" content=\"2024-12-17T18:13:21+00:00\" \/>\n<meta property=\"og:image\" content=\"https:\/\/radar.ibegesp.org.br\/wp-content\/uploads\/2024\/12\/Banner-2.jpg\" \/>\n\t<meta property=\"og:image:width\" content=\"1920\" \/>\n\t<meta property=\"og:image:height\" content=\"1080\" \/>\n\t<meta property=\"og:image:type\" content=\"image\/jpeg\" \/>\n<meta name=\"author\" content=\"Giulia Izabella Alcaino Jacob\" \/>\n<meta name=\"twitter:card\" content=\"summary_large_image\" \/>\n<meta name=\"twitter:label1\" content=\"Escrito por\" \/>\n\t<meta name=\"twitter:data1\" content=\"Giulia Izabella Alcaino Jacob\" \/>\n\t<meta name=\"twitter:label2\" content=\"Est. tempo de leitura\" \/>\n\t<meta name=\"twitter:data2\" content=\"5 minutos\" \/>\n<script type=\"application\/ld+json\" class=\"yoast-schema-graph\">{\"@context\":\"https:\/\/schema.org\",\"@graph\":[{\"@type\":\"Article\",\"@id\":\"https:\/\/radar.ibegesp.org.br\/o-que-a-nova-lei-de-licitacoes-trouxe-sobre-a-governanca-nas-contratacoes\/#article\",\"isPartOf\":{\"@id\":\"https:\/\/radar.ibegesp.org.br\/o-que-a-nova-lei-de-licitacoes-trouxe-sobre-a-governanca-nas-contratacoes\/\"},\"author\":{\"name\":\"Giulia Izabella Alcaino Jacob\",\"@id\":\"https:\/\/radar.ibegesp.org.br\/#\/schema\/person\/a80717364eba4257dec1d01c7fa4a87a\"},\"headline\":\"O que a Nova Lei de Licita\u00e7\u00f5es trouxe sobre a governan\u00e7a nas contrata\u00e7\u00f5es?\",\"datePublished\":\"2024-12-17T18:13:19+00:00\",\"dateModified\":\"2024-12-17T18:13:21+00:00\",\"mainEntityOfPage\":{\"@id\":\"https:\/\/radar.ibegesp.org.br\/o-que-a-nova-lei-de-licitacoes-trouxe-sobre-a-governanca-nas-contratacoes\/\"},\"wordCount\":1001,\"publisher\":{\"@id\":\"https:\/\/radar.ibegesp.org.br\/#organization\"},\"image\":{\"@id\":\"https:\/\/radar.ibegesp.org.br\/o-que-a-nova-lei-de-licitacoes-trouxe-sobre-a-governanca-nas-contratacoes\/#primaryimage\"},\"thumbnailUrl\":\"https:\/\/radar.ibegesp.org.br\/wp-content\/uploads\/2024\/12\/Banner-2.jpg\",\"keywords\":[\"Contrata\u00e7\u00f5es\",\"Gest\u00e3o P\u00fablica\",\"Governan\u00e7a\",\"Licita\u00e7\u00f5es e Contratos\"],\"articleSection\":[\"Licita\u00e7\u00f5es e Contratos\"],\"inLanguage\":\"pt-BR\"},{\"@type\":\"WebPage\",\"@id\":\"https:\/\/radar.ibegesp.org.br\/o-que-a-nova-lei-de-licitacoes-trouxe-sobre-a-governanca-nas-contratacoes\/\",\"url\":\"https:\/\/radar.ibegesp.org.br\/o-que-a-nova-lei-de-licitacoes-trouxe-sobre-a-governanca-nas-contratacoes\/\",\"name\":\"O que a Nova Lei de Licita\u00e7\u00f5es trouxe sobre a governan\u00e7a nas contrata\u00e7\u00f5es? - Radar IB\u00ca\",\"isPartOf\":{\"@id\":\"https:\/\/radar.ibegesp.org.br\/#website\"},\"primaryImageOfPage\":{\"@id\":\"https:\/\/radar.ibegesp.org.br\/o-que-a-nova-lei-de-licitacoes-trouxe-sobre-a-governanca-nas-contratacoes\/#primaryimage\"},\"image\":{\"@id\":\"https:\/\/radar.ibegesp.org.br\/o-que-a-nova-lei-de-licitacoes-trouxe-sobre-a-governanca-nas-contratacoes\/#primaryimage\"},\"thumbnailUrl\":\"https:\/\/radar.ibegesp.org.br\/wp-content\/uploads\/2024\/12\/Banner-2.jpg\",\"datePublished\":\"2024-12-17T18:13:19+00:00\",\"dateModified\":\"2024-12-17T18:13:21+00:00\",\"description\":\"Voc\u00ea j\u00e1 parou para pensar nos benef\u00edcios que um sistema robusto de governan\u00e7a pode trazer para as contrata\u00e7\u00f5es p\u00fablicas? Vem conferir aqui!\",\"breadcrumb\":{\"@id\":\"https:\/\/radar.ibegesp.org.br\/o-que-a-nova-lei-de-licitacoes-trouxe-sobre-a-governanca-nas-contratacoes\/#breadcrumb\"},\"inLanguage\":\"pt-BR\",\"potentialAction\":[{\"@type\":\"ReadAction\",\"target\":[\"https:\/\/radar.ibegesp.org.br\/o-que-a-nova-lei-de-licitacoes-trouxe-sobre-a-governanca-nas-contratacoes\/\"]}]},{\"@type\":\"ImageObject\",\"inLanguage\":\"pt-BR\",\"@id\":\"https:\/\/radar.ibegesp.org.br\/o-que-a-nova-lei-de-licitacoes-trouxe-sobre-a-governanca-nas-contratacoes\/#primaryimage\",\"url\":\"https:\/\/radar.ibegesp.org.br\/wp-content\/uploads\/2024\/12\/Banner-2.jpg\",\"contentUrl\":\"https:\/\/radar.ibegesp.org.br\/wp-content\/uploads\/2024\/12\/Banner-2.jpg\",\"width\":1920,\"height\":1080,\"caption\":\"governan\u00e7a\"},{\"@type\":\"BreadcrumbList\",\"@id\":\"https:\/\/radar.ibegesp.org.br\/o-que-a-nova-lei-de-licitacoes-trouxe-sobre-a-governanca-nas-contratacoes\/#breadcrumb\",\"itemListElement\":[{\"@type\":\"ListItem\",\"position\":1,\"name\":\"Home\",\"item\":\"https:\/\/radar.ibegesp.org.br\/\"},{\"@type\":\"ListItem\",\"position\":2,\"name\":\"O que a Nova Lei de Licita\u00e7\u00f5es trouxe sobre a governan\u00e7a nas contrata\u00e7\u00f5es?\"}]},{\"@type\":\"WebSite\",\"@id\":\"https:\/\/radar.ibegesp.org.br\/#website\",\"url\":\"https:\/\/radar.ibegesp.org.br\/\",\"name\":\"Radar IB\u00ca\",\"description\":\"Contribu\u00edmos para uma gest\u00e3o p\u00fablica mais eficaz e transparente\",\"publisher\":{\"@id\":\"https:\/\/radar.ibegesp.org.br\/#organization\"},\"potentialAction\":[{\"@type\":\"SearchAction\",\"target\":{\"@type\":\"EntryPoint\",\"urlTemplate\":\"https:\/\/radar.ibegesp.org.br\/?s={search_term_string}\"},\"query-input\":{\"@type\":\"PropertyValueSpecification\",\"valueRequired\":true,\"valueName\":\"search_term_string\"}}],\"inLanguage\":\"pt-BR\"},{\"@type\":\"Organization\",\"@id\":\"https:\/\/radar.ibegesp.org.br\/#organization\",\"name\":\"Radar IB\u00ca\",\"url\":\"https:\/\/radar.ibegesp.org.br\/\",\"logo\":{\"@type\":\"ImageObject\",\"inLanguage\":\"pt-BR\",\"@id\":\"https:\/\/radar.ibegesp.org.br\/#\/schema\/logo\/image\/\",\"url\":\"https:\/\/radar.ibegesp.org.br\/wp-content\/uploads\/2021\/08\/logo-header.svg\",\"contentUrl\":\"https:\/\/radar.ibegesp.org.br\/wp-content\/uploads\/2021\/08\/logo-header.svg\",\"width\":1,\"height\":1,\"caption\":\"Radar IB\u00ca\"},\"image\":{\"@id\":\"https:\/\/radar.ibegesp.org.br\/#\/schema\/logo\/image\/\"}},{\"@type\":\"Person\",\"@id\":\"https:\/\/radar.ibegesp.org.br\/#\/schema\/person\/a80717364eba4257dec1d01c7fa4a87a\",\"name\":\"Giulia Izabella Alcaino Jacob\",\"image\":{\"@type\":\"ImageObject\",\"inLanguage\":\"pt-BR\",\"@id\":\"https:\/\/secure.gravatar.com\/avatar\/643b90ec5a371a328f7024735cd40465620bac020ad294b7ffed7314753e9346?s=96&d=mm&r=g\",\"url\":\"https:\/\/secure.gravatar.com\/avatar\/643b90ec5a371a328f7024735cd40465620bac020ad294b7ffed7314753e9346?s=96&d=mm&r=g\",\"contentUrl\":\"https:\/\/secure.gravatar.com\/avatar\/643b90ec5a371a328f7024735cd40465620bac020ad294b7ffed7314753e9346?s=96&d=mm&r=g\",\"caption\":\"Giulia Izabella Alcaino Jacob\"},\"url\":\"https:\/\/radar.ibegesp.org.br\/author\/giuliaj\/\"}]}<\/script>\n<!-- \/ Yoast SEO plugin. -->","yoast_head_json":{"title":"O que a Nova Lei de Licita\u00e7\u00f5es trouxe sobre a governan\u00e7a nas contrata\u00e7\u00f5es? - Radar IB\u00ca","description":"Voc\u00ea j\u00e1 parou para pensar nos benef\u00edcios que um sistema robusto de governan\u00e7a pode trazer para as contrata\u00e7\u00f5es p\u00fablicas? Vem conferir aqui!","robots":{"index":"index","follow":"follow","max-snippet":"max-snippet:-1","max-image-preview":"max-image-preview:large","max-video-preview":"max-video-preview:-1"},"canonical":"https:\/\/radar.ibegesp.org.br\/o-que-a-nova-lei-de-licitacoes-trouxe-sobre-a-governanca-nas-contratacoes\/","og_locale":"pt_BR","og_type":"article","og_title":"O que a Nova Lei de Licita\u00e7\u00f5es trouxe sobre a governan\u00e7a nas contrata\u00e7\u00f5es? - Radar IB\u00ca","og_description":"Voc\u00ea j\u00e1 parou para pensar nos benef\u00edcios que um sistema robusto de governan\u00e7a pode trazer para as contrata\u00e7\u00f5es p\u00fablicas? Vem conferir aqui!","og_url":"https:\/\/radar.ibegesp.org.br\/o-que-a-nova-lei-de-licitacoes-trouxe-sobre-a-governanca-nas-contratacoes\/","og_site_name":"Radar IB\u00ca","article_published_time":"2024-12-17T18:13:19+00:00","article_modified_time":"2024-12-17T18:13:21+00:00","og_image":[{"width":1920,"height":1080,"url":"https:\/\/radar.ibegesp.org.br\/wp-content\/uploads\/2024\/12\/Banner-2.jpg","type":"image\/jpeg"}],"author":"Giulia Izabella Alcaino Jacob","twitter_card":"summary_large_image","twitter_misc":{"Escrito por":"Giulia Izabella Alcaino Jacob","Est. tempo de leitura":"5 minutos"},"schema":{"@context":"https:\/\/schema.org","@graph":[{"@type":"Article","@id":"https:\/\/radar.ibegesp.org.br\/o-que-a-nova-lei-de-licitacoes-trouxe-sobre-a-governanca-nas-contratacoes\/#article","isPartOf":{"@id":"https:\/\/radar.ibegesp.org.br\/o-que-a-nova-lei-de-licitacoes-trouxe-sobre-a-governanca-nas-contratacoes\/"},"author":{"name":"Giulia Izabella Alcaino Jacob","@id":"https:\/\/radar.ibegesp.org.br\/#\/schema\/person\/a80717364eba4257dec1d01c7fa4a87a"},"headline":"O que a Nova Lei de Licita\u00e7\u00f5es trouxe sobre a governan\u00e7a nas contrata\u00e7\u00f5es?","datePublished":"2024-12-17T18:13:19+00:00","dateModified":"2024-12-17T18:13:21+00:00","mainEntityOfPage":{"@id":"https:\/\/radar.ibegesp.org.br\/o-que-a-nova-lei-de-licitacoes-trouxe-sobre-a-governanca-nas-contratacoes\/"},"wordCount":1001,"publisher":{"@id":"https:\/\/radar.ibegesp.org.br\/#organization"},"image":{"@id":"https:\/\/radar.ibegesp.org.br\/o-que-a-nova-lei-de-licitacoes-trouxe-sobre-a-governanca-nas-contratacoes\/#primaryimage"},"thumbnailUrl":"https:\/\/radar.ibegesp.org.br\/wp-content\/uploads\/2024\/12\/Banner-2.jpg","keywords":["Contrata\u00e7\u00f5es","Gest\u00e3o P\u00fablica","Governan\u00e7a","Licita\u00e7\u00f5es e Contratos"],"articleSection":["Licita\u00e7\u00f5es e Contratos"],"inLanguage":"pt-BR"},{"@type":"WebPage","@id":"https:\/\/radar.ibegesp.org.br\/o-que-a-nova-lei-de-licitacoes-trouxe-sobre-a-governanca-nas-contratacoes\/","url":"https:\/\/radar.ibegesp.org.br\/o-que-a-nova-lei-de-licitacoes-trouxe-sobre-a-governanca-nas-contratacoes\/","name":"O que a Nova Lei de Licita\u00e7\u00f5es trouxe sobre a governan\u00e7a nas contrata\u00e7\u00f5es? - Radar IB\u00ca","isPartOf":{"@id":"https:\/\/radar.ibegesp.org.br\/#website"},"primaryImageOfPage":{"@id":"https:\/\/radar.ibegesp.org.br\/o-que-a-nova-lei-de-licitacoes-trouxe-sobre-a-governanca-nas-contratacoes\/#primaryimage"},"image":{"@id":"https:\/\/radar.ibegesp.org.br\/o-que-a-nova-lei-de-licitacoes-trouxe-sobre-a-governanca-nas-contratacoes\/#primaryimage"},"thumbnailUrl":"https:\/\/radar.ibegesp.org.br\/wp-content\/uploads\/2024\/12\/Banner-2.jpg","datePublished":"2024-12-17T18:13:19+00:00","dateModified":"2024-12-17T18:13:21+00:00","description":"Voc\u00ea j\u00e1 parou para pensar nos benef\u00edcios que um sistema robusto de governan\u00e7a pode trazer para as contrata\u00e7\u00f5es p\u00fablicas? Vem conferir aqui!","breadcrumb":{"@id":"https:\/\/radar.ibegesp.org.br\/o-que-a-nova-lei-de-licitacoes-trouxe-sobre-a-governanca-nas-contratacoes\/#breadcrumb"},"inLanguage":"pt-BR","potentialAction":[{"@type":"ReadAction","target":["https:\/\/radar.ibegesp.org.br\/o-que-a-nova-lei-de-licitacoes-trouxe-sobre-a-governanca-nas-contratacoes\/"]}]},{"@type":"ImageObject","inLanguage":"pt-BR","@id":"https:\/\/radar.ibegesp.org.br\/o-que-a-nova-lei-de-licitacoes-trouxe-sobre-a-governanca-nas-contratacoes\/#primaryimage","url":"https:\/\/radar.ibegesp.org.br\/wp-content\/uploads\/2024\/12\/Banner-2.jpg","contentUrl":"https:\/\/radar.ibegesp.org.br\/wp-content\/uploads\/2024\/12\/Banner-2.jpg","width":1920,"height":1080,"caption":"governan\u00e7a"},{"@type":"BreadcrumbList","@id":"https:\/\/radar.ibegesp.org.br\/o-que-a-nova-lei-de-licitacoes-trouxe-sobre-a-governanca-nas-contratacoes\/#breadcrumb","itemListElement":[{"@type":"ListItem","position":1,"name":"Home","item":"https:\/\/radar.ibegesp.org.br\/"},{"@type":"ListItem","position":2,"name":"O que a Nova Lei de Licita\u00e7\u00f5es trouxe sobre a governan\u00e7a nas contrata\u00e7\u00f5es?"}]},{"@type":"WebSite","@id":"https:\/\/radar.ibegesp.org.br\/#website","url":"https:\/\/radar.ibegesp.org.br\/","name":"Radar IB\u00ca","description":"Contribu\u00edmos para uma gest\u00e3o p\u00fablica mais eficaz e transparente","publisher":{"@id":"https:\/\/radar.ibegesp.org.br\/#organization"},"potentialAction":[{"@type":"SearchAction","target":{"@type":"EntryPoint","urlTemplate":"https:\/\/radar.ibegesp.org.br\/?s={search_term_string}"},"query-input":{"@type":"PropertyValueSpecification","valueRequired":true,"valueName":"search_term_string"}}],"inLanguage":"pt-BR"},{"@type":"Organization","@id":"https:\/\/radar.ibegesp.org.br\/#organization","name":"Radar IB\u00ca","url":"https:\/\/radar.ibegesp.org.br\/","logo":{"@type":"ImageObject","inLanguage":"pt-BR","@id":"https:\/\/radar.ibegesp.org.br\/#\/schema\/logo\/image\/","url":"https:\/\/radar.ibegesp.org.br\/wp-content\/uploads\/2021\/08\/logo-header.svg","contentUrl":"https:\/\/radar.ibegesp.org.br\/wp-content\/uploads\/2021\/08\/logo-header.svg","width":1,"height":1,"caption":"Radar IB\u00ca"},"image":{"@id":"https:\/\/radar.ibegesp.org.br\/#\/schema\/logo\/image\/"}},{"@type":"Person","@id":"https:\/\/radar.ibegesp.org.br\/#\/schema\/person\/a80717364eba4257dec1d01c7fa4a87a","name":"Giulia Izabella Alcaino Jacob","image":{"@type":"ImageObject","inLanguage":"pt-BR","@id":"https:\/\/secure.gravatar.com\/avatar\/643b90ec5a371a328f7024735cd40465620bac020ad294b7ffed7314753e9346?s=96&d=mm&r=g","url":"https:\/\/secure.gravatar.com\/avatar\/643b90ec5a371a328f7024735cd40465620bac020ad294b7ffed7314753e9346?s=96&d=mm&r=g","contentUrl":"https:\/\/secure.gravatar.com\/avatar\/643b90ec5a371a328f7024735cd40465620bac020ad294b7ffed7314753e9346?s=96&d=mm&r=g","caption":"Giulia Izabella Alcaino Jacob"},"url":"https:\/\/radar.ibegesp.org.br\/author\/giuliaj\/"}]}},"jetpack_featured_media_url":"https:\/\/radar.ibegesp.org.br\/wp-content\/uploads\/2024\/12\/Banner-2.jpg","_links":{"self":[{"href":"https:\/\/radar.ibegesp.org.br\/api\/wp\/v2\/posts\/4855","targetHints":{"allow":["GET"]}}],"collection":[{"href":"https:\/\/radar.ibegesp.org.br\/api\/wp\/v2\/posts"}],"about":[{"href":"https:\/\/radar.ibegesp.org.br\/api\/wp\/v2\/types\/post"}],"author":[{"embeddable":true,"href":"https:\/\/radar.ibegesp.org.br\/api\/wp\/v2\/users\/13"}],"replies":[{"embeddable":true,"href":"https:\/\/radar.ibegesp.org.br\/api\/wp\/v2\/comments?post=4855"}],"version-history":[{"count":0,"href":"https:\/\/radar.ibegesp.org.br\/api\/wp\/v2\/posts\/4855\/revisions"}],"wp:featuredmedia":[{"embeddable":true,"href":"https:\/\/radar.ibegesp.org.br\/api\/wp\/v2\/media\/4856"}],"wp:attachment":[{"href":"https:\/\/radar.ibegesp.org.br\/api\/wp\/v2\/media?parent=4855"}],"wp:term":[{"taxonomy":"category","embeddable":true,"href":"https:\/\/radar.ibegesp.org.br\/api\/wp\/v2\/categories?post=4855"},{"taxonomy":"post_tag","embeddable":true,"href":"https:\/\/radar.ibegesp.org.br\/api\/wp\/v2\/tags?post=4855"},{"taxonomy":"formato","embeddable":true,"href":"https:\/\/radar.ibegesp.org.br\/api\/wp\/v2\/formato?post=4855"},{"taxonomy":"autor","embeddable":true,"href":"https:\/\/radar.ibegesp.org.br\/api\/wp\/v2\/autor?post=4855"}],"curies":[{"name":"wp","href":"https:\/\/api.w.org\/{rel}","templated":true}]}}