{"id":5224,"date":"2025-07-15T15:00:00","date_gmt":"2025-07-15T18:00:00","guid":{"rendered":"https:\/\/radar.ibegesp.org.br\/?p=5224"},"modified":"2025-07-15T13:52:02","modified_gmt":"2025-07-15T16:52:02","slug":"e-marketplace-modernizacao-das-compras-publicas","status":"publish","type":"post","link":"https:\/\/radar.ibegesp.org.br\/e-marketplace-modernizacao-das-compras-publicas\/","title":{"rendered":"e-Marketplace: moderniza\u00e7\u00e3o das compras p\u00fablicas"},"content":{"rendered":"\n<h2 class=\"wp-block-heading\">O e-marketplace est\u00e1 transformando as compras p\u00fablicas com mais transpar\u00eancia, agilidade e economia<\/h2>\n\n\n\n<blockquote class=\"wp-block-quote is-layout-flow wp-block-quote-is-layout-flow\">\n<p class=\"has-text-align-center wp-block-paragraph\"><em>Este conte\u00fado faz parte do centro de estudos&nbsp;de <a href=\"https:\/\/ibegesp.org.br\/educacao\/\">Licita\u00e7\u00f5es e Contratos<\/a>&nbsp;do IB\u00ca<\/em><\/p>\n<\/blockquote>\n\n\n\n<p class=\"wp-block-paragraph\">A crescente digitaliza\u00e7\u00e3o da Administra\u00e7\u00e3o P\u00fablica do Brasil, impulsionada pela Nova Lei de Licita\u00e7\u00f5es , trouxe consigo a necessidade de moderniza\u00e7\u00e3o nos processos de licita\u00e7\u00f5es e contratos. \u00c9 nesse contexto de inova\u00e7\u00e3o tecnol\u00f3gica que o <em>e-marketplace<\/em> surge como uma ferramenta inovadora, permitindo maior efici\u00eancia, transpar\u00eancia e celeridade na aquisi\u00e7\u00e3o de bens e servi\u00e7os pelos \u00f3rg\u00e3os governamentais.<\/p>\n\n\n\n<h3 class=\"wp-block-heading\">O que \u00e9 <em>e-marketplace<\/em>?<\/h3>\n\n\n\n<p class=\"wp-block-paragraph\">Em termos simples, o <em>e-marketplace<\/em> \u00e9 uma plataforma digital que conecta compradores e fornecedores, apresentando vantagens significativas para as compras p\u00fablicas, ao possibilitar a realiza\u00e7\u00e3o de licita\u00e7\u00f5es eletr\u00f4nicas de forma mais acess\u00edvel e segura. Por meio dessa tecnologia, a Administra\u00e7\u00e3o P\u00fablica pode adquirir bens e servi\u00e7os com redu\u00e7\u00e3o de burocracia, amplia\u00e7\u00e3o da competitividade e economia de recursos. A plataforma tamb\u00e9m permite que os processos sejam acompanhados em tempo real, o que promove a transpar\u00eancia e facilita a fiscaliza\u00e7\u00e3o.<\/p>\n\n\n\n<h3 class=\"wp-block-heading\">Fundamento para ado\u00e7\u00e3o do <em>e-marketplace<\/em><\/h3>\n\n\n\n<p class=\"wp-block-paragraph\">O fundamento para a ado\u00e7\u00e3o do <em>e-marketplace<\/em> pode ser constatado na reda\u00e7\u00e3o do artigo 79 da Lei 14.133\/2021, no qual \u00e9 poss\u00edvel verificar a possibilidade de utiliza\u00e7\u00e3o do instrumento auxiliar de credenciamento, com destaque nas hip\u00f3teses de contrata\u00e7\u00e3o em mercados flu\u00eddos:<\/p>\n\n\n\n<blockquote class=\"wp-block-quote is-layout-flow wp-block-quote-is-layout-flow\">\n<p class=\"wp-block-paragraph\"><strong><em>&#8220;Art. 79. <\/em><\/strong><em>O credenciamento poder\u00e1 ser usado nas seguintes hip\u00f3teses de contrata\u00e7\u00e3o:<\/em><\/p>\n\n\n\n<p class=\"wp-block-paragraph\"><strong><em>III<\/em><\/strong><em>\u00a0\u2013 em mercados fluidos: caso em que a flutua\u00e7\u00e3o constante do valor da presta\u00e7\u00e3o e das condi\u00e7\u00f5es de contrata\u00e7\u00e3o inviabiliza a sele\u00e7\u00e3o de agente por meio de processo de licita\u00e7\u00e3o<\/em>&#8220;<\/p>\n<\/blockquote>\n\n\n\n<h3 class=\"wp-block-heading\">Como funciona?<\/h3>\n\n\n\n<p class=\"wp-block-paragraph\">A Administra\u00e7\u00e3o P\u00fablica realiza o credenciamento de fornecedores aptos a fornecer produtos e servi\u00e7os de determinado edital na plataforma. Os fornecedores credenciados registram suas cota\u00e7\u00f5es de mercado na plataforma de e-<em>marketplace<\/em> e podem alterar seus pre\u00e7os durante todo o per\u00edodo de vig\u00eancia do edital. Por fim, no momento da contrata\u00e7\u00e3o, a plataforma indica o menor valor na data do fechamento da contrata\u00e7\u00e3o.<\/p>\n\n\n\n<h3 class=\"wp-block-heading\">Benef\u00edcios para as contrata\u00e7\u00f5es p\u00fablicas<\/h3>\n\n\n\n<p class=\"wp-block-paragraph\">H\u00e1 diversos benef\u00edcios para o setor de contrata\u00e7\u00f5es e para a Administra\u00e7\u00e3o P\u00fablica em utilizar o e-marketplace para se fazer o processo licitat\u00f3rio. Algumas delas s\u00e3o:<\/p>\n\n\n\n<ul class=\"wp-block-list\">\n<li><strong>Amplia\u00e7\u00e3o da transpar\u00eancia<\/strong>: e-<em>marketplaces<\/em> permitem que os processos de compras sejam acompanhados em tempo real e forne\u00e7am registros eletr\u00f4nicos detalhados das transa\u00e7\u00f5es, contribuindo para o controle e a fiscaliza\u00e7\u00e3o das contrata\u00e7\u00f5es.<\/li>\n\n\n\n<li><strong>Competitividade<\/strong>: ao reunir fornecedores diversos em uma plataforma comum, o e-<em>marketplace<\/em> favorece um ambiente de competi\u00e7\u00e3o mais aberto e acess\u00edvel, atendendo ao princ\u00edpio da competitividade estabelecido pela Nova Lei de Licita\u00e7\u00f5es.<\/li>\n\n\n\n<li><strong>Seguran\u00e7a e registro eletr\u00f4nico<\/strong>: por meio dos sistemas informatizados, \u00e9 poss\u00edvel garantir o cumprimento de requisitos de seguran\u00e7a, al\u00e9m de registrar eletronicamente todas as etapas do processo, o que facilita auditorias e traz conformidade com as exig\u00eancias legais.<\/li>\n\n\n\n<li><strong>Redu\u00e7\u00e3o de custos e otimiza\u00e7\u00e3o de prazos<\/strong>: e-<em>marketplaces<\/em> possibilitam a padroniza\u00e7\u00e3o e a simplifica\u00e7\u00e3o dos processos de compra, promovendo economia de tempo e custos para a Administra\u00e7\u00e3o P\u00fablica.<\/li>\n<\/ul>\n\n\n\n<h3 class=\"wp-block-heading\">Desafios da utiliza\u00e7\u00e3o do e-marketplace<\/h3>\n\n\n\n<p class=\"wp-block-paragraph\">Apesar dos benef\u00edcios evidentes, a utiliza\u00e7\u00e3o de plataformas digitais como o e-<em>marketplace<\/em> ainda enfrenta desafios, como a <strong>necessidade de capacita\u00e7\u00e3o de servidores e fornecedores<\/strong>, al\u00e9m de <strong>investimentos em infraestrutura tecnol\u00f3gica e seguran\u00e7a da informa\u00e7\u00e3o<\/strong>. Ainda assim, a tend\u00eancia \u00e9 que, com o avan\u00e7o das tecnologias como intelig\u00eancia artificial e<em> blockchain<\/em>, esses sistemas se tornem cada vez mais robustos e essenciais na Gest\u00e3o P\u00fablica moderna.<\/p>\n\n\n\n<p class=\"wp-block-paragraph\">Sendo assim, a integra\u00e7\u00e3o entre o e-<em>marketplace<\/em> e os processos de licita\u00e7\u00f5es p\u00fablicas, conforme preconizado pela Lei 14.133\/2021, representa um importante passo rumo \u00e0 moderniza\u00e7\u00e3o das compras governamentais. A utiliza\u00e7\u00e3o dessas plataformas digitais contribui para uma gest\u00e3o mais eficiente, transparente e econ\u00f4mica dos recursos p\u00fablicos, sendo um modelo promissor para o futuro da Administra\u00e7\u00e3o P\u00fablica.<\/p>\n\n\n\n<hr class=\"wp-block-separator has-alpha-channel-opacity\"\/>\n\n\n\n<p class=\"wp-block-paragraph\">*Os artigos aqui divulgados s\u00e3o enviados pelos redatores volunt\u00e1rios da plataforma. Assim, o Radar IBEGESP n\u00e3o se responsabiliza por nenhuma opini\u00e3o pessoal aqui emitida, sendo o conte\u00fado de inteira responsabilidade dos autores da publica\u00e7\u00e3o.<\/p>\n\n\n\n<hr class=\"wp-block-separator has-alpha-channel-opacity\"\/>\n\n\n\n<p class=\"wp-block-paragraph\">Autoria: <a href=\"https:\/\/radar.ibegesp.org.br\/?s=rafaella\">Rafaella Christina Gomes<\/a> \u00e9 Mestre em Administra\u00e7\u00e3o pela PUC MG e Administradora pela UFSJ. \u00c9 especialista em Licita\u00e7\u00f5es e Contratos pela PUC PR e em Gest\u00e3o Estrat\u00e9gica em Departamento Pessoal pela PUC MG. Possui MBA em Gest\u00e3o Estrat\u00e9gica de Pessoas pela UFSJ.\u00a0 \u00c9 t\u00e9cnica em Seguran\u00e7a do Trabalho pelo IF Sudeste MG. \u00c9 certificada pela APMG Internacional em PPPs e Concess\u00f5es (CP3P-F) e em Licita\u00e7\u00f5es e Contratos Administrativos pela ENAP. \u00c9 Gerente Administrativa da Codemge.<\/p>\n\n\n\n<p class=\"wp-block-paragraph\"><\/p>\n","protected":false},"excerpt":{"rendered":"<p>O e-marketplace est\u00e1 transformando as compras p\u00fablicas com mais transpar\u00eancia, agilidade e economia Este conte\u00fado faz parte do centro de estudos&nbsp;de Licita\u00e7\u00f5es e Contratos&nbsp;do IB\u00ca A crescente digitaliza\u00e7\u00e3o da Administra\u00e7\u00e3o P\u00fablica do Brasil, impulsionada pela Nova Lei de Licita\u00e7\u00f5es , trouxe consigo a necessidade de moderniza\u00e7\u00e3o nos processos de licita\u00e7\u00f5es e contratos. \u00c9 nesse contexto [&hellip;]<\/p>\n","protected":false},"author":13,"featured_media":5231,"comment_status":"closed","ping_status":"closed","sticky":false,"template":"","format":"standard","meta":{"_acf_changed":false,"_crdt_document":"","inline_featured_image":false,"footnotes":""},"categories":[16],"tags":[303,626,25,30,189],"formato":[4],"autor":[608],"class_list":["post-5224","post","type-post","status-publish","format-standard","has-post-thumbnail","hentry","category-licitacoes-e-contratos","tag-contratacoes","tag-e-marketplace","tag-gestao-publica","tag-licitacoes-e-contratos","tag-nova-lei-de-licitacoes","formato-artigos","autor-rafaella-christina"],"acf":[],"yoast_head":"<!-- This site is optimized with the Yoast SEO plugin v27.2 - https:\/\/yoast.com\/product\/yoast-seo-wordpress\/ -->\n<title>e-Marketplace: moderniza\u00e7\u00e3o das compras p\u00fablicas - Radar IB\u00ca<\/title>\n<meta name=\"description\" content=\"Voc\u00ea sabe como o e-marketplace pode revolucionar as compras p\u00fablicas? Leia o artigo completo e entenda como se preparar para essa realidade!\" \/>\n<meta name=\"robots\" content=\"index, follow, max-snippet:-1, max-image-preview:large, max-video-preview:-1\" \/>\n<link rel=\"canonical\" href=\"https:\/\/radar.ibegesp.org.br\/e-marketplace-modernizacao-das-compras-publicas\/\" \/>\n<meta property=\"og:locale\" content=\"pt_BR\" \/>\n<meta property=\"og:type\" content=\"article\" \/>\n<meta property=\"og:title\" content=\"e-Marketplace: moderniza\u00e7\u00e3o das compras p\u00fablicas - Radar IB\u00ca\" \/>\n<meta property=\"og:description\" content=\"Voc\u00ea sabe como o e-marketplace pode revolucionar as compras p\u00fablicas? Leia o artigo completo e entenda como se preparar para essa realidade!\" \/>\n<meta property=\"og:url\" content=\"https:\/\/radar.ibegesp.org.br\/e-marketplace-modernizacao-das-compras-publicas\/\" \/>\n<meta property=\"og:site_name\" content=\"Radar IB\u00ca\" \/>\n<meta property=\"article:published_time\" content=\"2025-07-15T18:00:00+00:00\" \/>\n<meta property=\"og:image\" content=\"https:\/\/radar.ibegesp.org.br\/wp-content\/uploads\/2025\/07\/Banner-Rafaella.jpg\" \/>\n\t<meta property=\"og:image:width\" content=\"1920\" \/>\n\t<meta property=\"og:image:height\" content=\"1080\" \/>\n\t<meta property=\"og:image:type\" content=\"image\/jpeg\" \/>\n<meta name=\"author\" content=\"Giulia Izabella Alcaino Jacob\" \/>\n<meta name=\"twitter:card\" content=\"summary_large_image\" \/>\n<meta name=\"twitter:label1\" content=\"Escrito por\" \/>\n\t<meta name=\"twitter:data1\" content=\"Giulia Izabella Alcaino Jacob\" \/>\n\t<meta name=\"twitter:label2\" content=\"Est. tempo de leitura\" \/>\n\t<meta name=\"twitter:data2\" content=\"4 minutos\" \/>\n<script type=\"application\/ld+json\" class=\"yoast-schema-graph\">{\"@context\":\"https:\/\/schema.org\",\"@graph\":[{\"@type\":\"Article\",\"@id\":\"https:\/\/radar.ibegesp.org.br\/e-marketplace-modernizacao-das-compras-publicas\/#article\",\"isPartOf\":{\"@id\":\"https:\/\/radar.ibegesp.org.br\/e-marketplace-modernizacao-das-compras-publicas\/\"},\"author\":{\"name\":\"Giulia Izabella Alcaino Jacob\",\"@id\":\"https:\/\/radar.ibegesp.org.br\/#\/schema\/person\/a80717364eba4257dec1d01c7fa4a87a\"},\"headline\":\"e-Marketplace: moderniza\u00e7\u00e3o das compras p\u00fablicas\",\"datePublished\":\"2025-07-15T18:00:00+00:00\",\"mainEntityOfPage\":{\"@id\":\"https:\/\/radar.ibegesp.org.br\/e-marketplace-modernizacao-das-compras-publicas\/\"},\"wordCount\":829,\"publisher\":{\"@id\":\"https:\/\/radar.ibegesp.org.br\/#organization\"},\"image\":{\"@id\":\"https:\/\/radar.ibegesp.org.br\/e-marketplace-modernizacao-das-compras-publicas\/#primaryimage\"},\"thumbnailUrl\":\"https:\/\/radar.ibegesp.org.br\/wp-content\/uploads\/2025\/07\/Banner-Rafaella.jpg\",\"keywords\":[\"Contrata\u00e7\u00f5es\",\"e-marketplace\",\"Gest\u00e3o P\u00fablica\",\"Licita\u00e7\u00f5es e Contratos\",\"Nova Lei de Licita\u00e7\u00f5es\"],\"articleSection\":[\"Licita\u00e7\u00f5es e Contratos\"],\"inLanguage\":\"pt-BR\"},{\"@type\":\"WebPage\",\"@id\":\"https:\/\/radar.ibegesp.org.br\/e-marketplace-modernizacao-das-compras-publicas\/\",\"url\":\"https:\/\/radar.ibegesp.org.br\/e-marketplace-modernizacao-das-compras-publicas\/\",\"name\":\"e-Marketplace: moderniza\u00e7\u00e3o das compras p\u00fablicas - Radar IB\u00ca\",\"isPartOf\":{\"@id\":\"https:\/\/radar.ibegesp.org.br\/#website\"},\"primaryImageOfPage\":{\"@id\":\"https:\/\/radar.ibegesp.org.br\/e-marketplace-modernizacao-das-compras-publicas\/#primaryimage\"},\"image\":{\"@id\":\"https:\/\/radar.ibegesp.org.br\/e-marketplace-modernizacao-das-compras-publicas\/#primaryimage\"},\"thumbnailUrl\":\"https:\/\/radar.ibegesp.org.br\/wp-content\/uploads\/2025\/07\/Banner-Rafaella.jpg\",\"datePublished\":\"2025-07-15T18:00:00+00:00\",\"description\":\"Voc\u00ea sabe como o e-marketplace pode revolucionar as compras p\u00fablicas? Leia o artigo completo e entenda como se preparar para essa realidade!\",\"breadcrumb\":{\"@id\":\"https:\/\/radar.ibegesp.org.br\/e-marketplace-modernizacao-das-compras-publicas\/#breadcrumb\"},\"inLanguage\":\"pt-BR\",\"potentialAction\":[{\"@type\":\"ReadAction\",\"target\":[\"https:\/\/radar.ibegesp.org.br\/e-marketplace-modernizacao-das-compras-publicas\/\"]}]},{\"@type\":\"ImageObject\",\"inLanguage\":\"pt-BR\",\"@id\":\"https:\/\/radar.ibegesp.org.br\/e-marketplace-modernizacao-das-compras-publicas\/#primaryimage\",\"url\":\"https:\/\/radar.ibegesp.org.br\/wp-content\/uploads\/2025\/07\/Banner-Rafaella.jpg\",\"contentUrl\":\"https:\/\/radar.ibegesp.org.br\/wp-content\/uploads\/2025\/07\/Banner-Rafaella.jpg\",\"width\":1920,\"height\":1080,\"caption\":\"Banner do Radar Ib\u00ea com fundo azul escuro e texto em destaque: \\\"e-Marketplace: moderniza\u00e7\u00e3o das compras p\u00fablicas\\\". \u00c0 esquerda, aparece a redatora volunt\u00e1ria Rafaella Christina, com cabelos escuros ondulados, vestindo blazer roxo, blusa branca e colar. No canto inferior direito, est\u00e1 o logotipo do Radar Ib\u00ea. O banner promove um artigo sobre como o e-Marketplace contribui para a moderniza\u00e7\u00e3o das compras p\u00fablicas, tema relevante na Nova Lei de Licita\u00e7\u00f5es.\"},{\"@type\":\"BreadcrumbList\",\"@id\":\"https:\/\/radar.ibegesp.org.br\/e-marketplace-modernizacao-das-compras-publicas\/#breadcrumb\",\"itemListElement\":[{\"@type\":\"ListItem\",\"position\":1,\"name\":\"Home\",\"item\":\"https:\/\/radar.ibegesp.org.br\/\"},{\"@type\":\"ListItem\",\"position\":2,\"name\":\"e-Marketplace: moderniza\u00e7\u00e3o das compras p\u00fablicas\"}]},{\"@type\":\"WebSite\",\"@id\":\"https:\/\/radar.ibegesp.org.br\/#website\",\"url\":\"https:\/\/radar.ibegesp.org.br\/\",\"name\":\"Radar IB\u00ca\",\"description\":\"Contribu\u00edmos para uma gest\u00e3o p\u00fablica mais eficaz e transparente\",\"publisher\":{\"@id\":\"https:\/\/radar.ibegesp.org.br\/#organization\"},\"potentialAction\":[{\"@type\":\"SearchAction\",\"target\":{\"@type\":\"EntryPoint\",\"urlTemplate\":\"https:\/\/radar.ibegesp.org.br\/?s={search_term_string}\"},\"query-input\":{\"@type\":\"PropertyValueSpecification\",\"valueRequired\":true,\"valueName\":\"search_term_string\"}}],\"inLanguage\":\"pt-BR\"},{\"@type\":\"Organization\",\"@id\":\"https:\/\/radar.ibegesp.org.br\/#organization\",\"name\":\"Radar IB\u00ca\",\"url\":\"https:\/\/radar.ibegesp.org.br\/\",\"logo\":{\"@type\":\"ImageObject\",\"inLanguage\":\"pt-BR\",\"@id\":\"https:\/\/radar.ibegesp.org.br\/#\/schema\/logo\/image\/\",\"url\":\"https:\/\/radar.ibegesp.org.br\/wp-content\/uploads\/2021\/08\/logo-header.svg\",\"contentUrl\":\"https:\/\/radar.ibegesp.org.br\/wp-content\/uploads\/2021\/08\/logo-header.svg\",\"width\":1,\"height\":1,\"caption\":\"Radar IB\u00ca\"},\"image\":{\"@id\":\"https:\/\/radar.ibegesp.org.br\/#\/schema\/logo\/image\/\"}},{\"@type\":\"Person\",\"@id\":\"https:\/\/radar.ibegesp.org.br\/#\/schema\/person\/a80717364eba4257dec1d01c7fa4a87a\",\"name\":\"Giulia Izabella Alcaino Jacob\",\"image\":{\"@type\":\"ImageObject\",\"inLanguage\":\"pt-BR\",\"@id\":\"https:\/\/secure.gravatar.com\/avatar\/643b90ec5a371a328f7024735cd40465620bac020ad294b7ffed7314753e9346?s=96&d=mm&r=g\",\"url\":\"https:\/\/secure.gravatar.com\/avatar\/643b90ec5a371a328f7024735cd40465620bac020ad294b7ffed7314753e9346?s=96&d=mm&r=g\",\"contentUrl\":\"https:\/\/secure.gravatar.com\/avatar\/643b90ec5a371a328f7024735cd40465620bac020ad294b7ffed7314753e9346?s=96&d=mm&r=g\",\"caption\":\"Giulia Izabella Alcaino Jacob\"},\"url\":\"https:\/\/radar.ibegesp.org.br\/author\/giuliaj\/\"}]}<\/script>\n<!-- \/ Yoast SEO plugin. -->","yoast_head_json":{"title":"e-Marketplace: moderniza\u00e7\u00e3o das compras p\u00fablicas - Radar IB\u00ca","description":"Voc\u00ea sabe como o e-marketplace pode revolucionar as compras p\u00fablicas? Leia o artigo completo e entenda como se preparar para essa realidade!","robots":{"index":"index","follow":"follow","max-snippet":"max-snippet:-1","max-image-preview":"max-image-preview:large","max-video-preview":"max-video-preview:-1"},"canonical":"https:\/\/radar.ibegesp.org.br\/e-marketplace-modernizacao-das-compras-publicas\/","og_locale":"pt_BR","og_type":"article","og_title":"e-Marketplace: moderniza\u00e7\u00e3o das compras p\u00fablicas - Radar IB\u00ca","og_description":"Voc\u00ea sabe como o e-marketplace pode revolucionar as compras p\u00fablicas? Leia o artigo completo e entenda como se preparar para essa realidade!","og_url":"https:\/\/radar.ibegesp.org.br\/e-marketplace-modernizacao-das-compras-publicas\/","og_site_name":"Radar IB\u00ca","article_published_time":"2025-07-15T18:00:00+00:00","og_image":[{"width":1920,"height":1080,"url":"https:\/\/radar.ibegesp.org.br\/wp-content\/uploads\/2025\/07\/Banner-Rafaella.jpg","type":"image\/jpeg"}],"author":"Giulia Izabella Alcaino Jacob","twitter_card":"summary_large_image","twitter_misc":{"Escrito por":"Giulia Izabella Alcaino Jacob","Est. tempo de leitura":"4 minutos"},"schema":{"@context":"https:\/\/schema.org","@graph":[{"@type":"Article","@id":"https:\/\/radar.ibegesp.org.br\/e-marketplace-modernizacao-das-compras-publicas\/#article","isPartOf":{"@id":"https:\/\/radar.ibegesp.org.br\/e-marketplace-modernizacao-das-compras-publicas\/"},"author":{"name":"Giulia Izabella Alcaino Jacob","@id":"https:\/\/radar.ibegesp.org.br\/#\/schema\/person\/a80717364eba4257dec1d01c7fa4a87a"},"headline":"e-Marketplace: moderniza\u00e7\u00e3o das compras p\u00fablicas","datePublished":"2025-07-15T18:00:00+00:00","mainEntityOfPage":{"@id":"https:\/\/radar.ibegesp.org.br\/e-marketplace-modernizacao-das-compras-publicas\/"},"wordCount":829,"publisher":{"@id":"https:\/\/radar.ibegesp.org.br\/#organization"},"image":{"@id":"https:\/\/radar.ibegesp.org.br\/e-marketplace-modernizacao-das-compras-publicas\/#primaryimage"},"thumbnailUrl":"https:\/\/radar.ibegesp.org.br\/wp-content\/uploads\/2025\/07\/Banner-Rafaella.jpg","keywords":["Contrata\u00e7\u00f5es","e-marketplace","Gest\u00e3o P\u00fablica","Licita\u00e7\u00f5es e Contratos","Nova Lei de Licita\u00e7\u00f5es"],"articleSection":["Licita\u00e7\u00f5es e Contratos"],"inLanguage":"pt-BR"},{"@type":"WebPage","@id":"https:\/\/radar.ibegesp.org.br\/e-marketplace-modernizacao-das-compras-publicas\/","url":"https:\/\/radar.ibegesp.org.br\/e-marketplace-modernizacao-das-compras-publicas\/","name":"e-Marketplace: moderniza\u00e7\u00e3o das compras p\u00fablicas - Radar IB\u00ca","isPartOf":{"@id":"https:\/\/radar.ibegesp.org.br\/#website"},"primaryImageOfPage":{"@id":"https:\/\/radar.ibegesp.org.br\/e-marketplace-modernizacao-das-compras-publicas\/#primaryimage"},"image":{"@id":"https:\/\/radar.ibegesp.org.br\/e-marketplace-modernizacao-das-compras-publicas\/#primaryimage"},"thumbnailUrl":"https:\/\/radar.ibegesp.org.br\/wp-content\/uploads\/2025\/07\/Banner-Rafaella.jpg","datePublished":"2025-07-15T18:00:00+00:00","description":"Voc\u00ea sabe como o e-marketplace pode revolucionar as compras p\u00fablicas? Leia o artigo completo e entenda como se preparar para essa realidade!","breadcrumb":{"@id":"https:\/\/radar.ibegesp.org.br\/e-marketplace-modernizacao-das-compras-publicas\/#breadcrumb"},"inLanguage":"pt-BR","potentialAction":[{"@type":"ReadAction","target":["https:\/\/radar.ibegesp.org.br\/e-marketplace-modernizacao-das-compras-publicas\/"]}]},{"@type":"ImageObject","inLanguage":"pt-BR","@id":"https:\/\/radar.ibegesp.org.br\/e-marketplace-modernizacao-das-compras-publicas\/#primaryimage","url":"https:\/\/radar.ibegesp.org.br\/wp-content\/uploads\/2025\/07\/Banner-Rafaella.jpg","contentUrl":"https:\/\/radar.ibegesp.org.br\/wp-content\/uploads\/2025\/07\/Banner-Rafaella.jpg","width":1920,"height":1080,"caption":"Banner do Radar Ib\u00ea com fundo azul escuro e texto em destaque: \"e-Marketplace: moderniza\u00e7\u00e3o das compras p\u00fablicas\". \u00c0 esquerda, aparece a redatora volunt\u00e1ria Rafaella Christina, com cabelos escuros ondulados, vestindo blazer roxo, blusa branca e colar. No canto inferior direito, est\u00e1 o logotipo do Radar Ib\u00ea. O banner promove um artigo sobre como o e-Marketplace contribui para a moderniza\u00e7\u00e3o das compras p\u00fablicas, tema relevante na Nova Lei de Licita\u00e7\u00f5es."},{"@type":"BreadcrumbList","@id":"https:\/\/radar.ibegesp.org.br\/e-marketplace-modernizacao-das-compras-publicas\/#breadcrumb","itemListElement":[{"@type":"ListItem","position":1,"name":"Home","item":"https:\/\/radar.ibegesp.org.br\/"},{"@type":"ListItem","position":2,"name":"e-Marketplace: moderniza\u00e7\u00e3o das compras p\u00fablicas"}]},{"@type":"WebSite","@id":"https:\/\/radar.ibegesp.org.br\/#website","url":"https:\/\/radar.ibegesp.org.br\/","name":"Radar IB\u00ca","description":"Contribu\u00edmos para uma gest\u00e3o p\u00fablica mais eficaz e transparente","publisher":{"@id":"https:\/\/radar.ibegesp.org.br\/#organization"},"potentialAction":[{"@type":"SearchAction","target":{"@type":"EntryPoint","urlTemplate":"https:\/\/radar.ibegesp.org.br\/?s={search_term_string}"},"query-input":{"@type":"PropertyValueSpecification","valueRequired":true,"valueName":"search_term_string"}}],"inLanguage":"pt-BR"},{"@type":"Organization","@id":"https:\/\/radar.ibegesp.org.br\/#organization","name":"Radar IB\u00ca","url":"https:\/\/radar.ibegesp.org.br\/","logo":{"@type":"ImageObject","inLanguage":"pt-BR","@id":"https:\/\/radar.ibegesp.org.br\/#\/schema\/logo\/image\/","url":"https:\/\/radar.ibegesp.org.br\/wp-content\/uploads\/2021\/08\/logo-header.svg","contentUrl":"https:\/\/radar.ibegesp.org.br\/wp-content\/uploads\/2021\/08\/logo-header.svg","width":1,"height":1,"caption":"Radar IB\u00ca"},"image":{"@id":"https:\/\/radar.ibegesp.org.br\/#\/schema\/logo\/image\/"}},{"@type":"Person","@id":"https:\/\/radar.ibegesp.org.br\/#\/schema\/person\/a80717364eba4257dec1d01c7fa4a87a","name":"Giulia Izabella Alcaino Jacob","image":{"@type":"ImageObject","inLanguage":"pt-BR","@id":"https:\/\/secure.gravatar.com\/avatar\/643b90ec5a371a328f7024735cd40465620bac020ad294b7ffed7314753e9346?s=96&d=mm&r=g","url":"https:\/\/secure.gravatar.com\/avatar\/643b90ec5a371a328f7024735cd40465620bac020ad294b7ffed7314753e9346?s=96&d=mm&r=g","contentUrl":"https:\/\/secure.gravatar.com\/avatar\/643b90ec5a371a328f7024735cd40465620bac020ad294b7ffed7314753e9346?s=96&d=mm&r=g","caption":"Giulia Izabella Alcaino Jacob"},"url":"https:\/\/radar.ibegesp.org.br\/author\/giuliaj\/"}]}},"jetpack_featured_media_url":"https:\/\/radar.ibegesp.org.br\/wp-content\/uploads\/2025\/07\/Banner-Rafaella.jpg","_links":{"self":[{"href":"https:\/\/radar.ibegesp.org.br\/api\/wp\/v2\/posts\/5224","targetHints":{"allow":["GET"]}}],"collection":[{"href":"https:\/\/radar.ibegesp.org.br\/api\/wp\/v2\/posts"}],"about":[{"href":"https:\/\/radar.ibegesp.org.br\/api\/wp\/v2\/types\/post"}],"author":[{"embeddable":true,"href":"https:\/\/radar.ibegesp.org.br\/api\/wp\/v2\/users\/13"}],"replies":[{"embeddable":true,"href":"https:\/\/radar.ibegesp.org.br\/api\/wp\/v2\/comments?post=5224"}],"version-history":[{"count":7,"href":"https:\/\/radar.ibegesp.org.br\/api\/wp\/v2\/posts\/5224\/revisions"}],"predecessor-version":[{"id":5232,"href":"https:\/\/radar.ibegesp.org.br\/api\/wp\/v2\/posts\/5224\/revisions\/5232"}],"wp:featuredmedia":[{"embeddable":true,"href":"https:\/\/radar.ibegesp.org.br\/api\/wp\/v2\/media\/5231"}],"wp:attachment":[{"href":"https:\/\/radar.ibegesp.org.br\/api\/wp\/v2\/media?parent=5224"}],"wp:term":[{"taxonomy":"category","embeddable":true,"href":"https:\/\/radar.ibegesp.org.br\/api\/wp\/v2\/categories?post=5224"},{"taxonomy":"post_tag","embeddable":true,"href":"https:\/\/radar.ibegesp.org.br\/api\/wp\/v2\/tags?post=5224"},{"taxonomy":"formato","embeddable":true,"href":"https:\/\/radar.ibegesp.org.br\/api\/wp\/v2\/formato?post=5224"},{"taxonomy":"autor","embeddable":true,"href":"https:\/\/radar.ibegesp.org.br\/api\/wp\/v2\/autor?post=5224"}],"curies":[{"name":"wp","href":"https:\/\/api.w.org\/{rel}","templated":true}]}}