{"id":5579,"date":"2025-10-29T15:19:54","date_gmt":"2025-10-29T18:19:54","guid":{"rendered":"https:\/\/radar.ibegesp.org.br\/?p=5579"},"modified":"2025-10-29T15:20:42","modified_gmt":"2025-10-29T18:20:42","slug":"atuacao-preventiva-e-orientativa-do-controle-interno-nas-contratacoes-publicas","status":"publish","type":"post","link":"https:\/\/radar.ibegesp.org.br\/atuacao-preventiva-e-orientativa-do-controle-interno-nas-contratacoes-publicas\/","title":{"rendered":"Atua\u00e7\u00e3o preventiva e orientativa do Controle Interno nas Contrata\u00e7\u00f5es P\u00fablicas"},"content":{"rendered":"\n<h2 class=\"wp-block-heading\">Controle Interno ganha protagonismo na preven\u00e7\u00e3o de irregularidades em contrata\u00e7\u00f5es p\u00fablicas<\/h2>\n\n\n\n<blockquote class=\"wp-block-quote is-layout-flow wp-block-quote-is-layout-flow\">\n<p class=\"has-text-align-center wp-block-paragraph\"><em>Este conte\u00fado faz parte do centro de estudos&nbsp;de <a href=\"https:\/\/ibegesp.org.br\/educacao\/\">Licita\u00e7\u00f5es e Contratos<\/a>&nbsp;do IB\u00ca<\/em><\/p>\n<\/blockquote>\n\n\n\n<p class=\"wp-block-paragraph\">As inova\u00e7\u00f5es introduzidas pela Nova Lei de Licita\u00e7\u00f5es de 2021 foram diversas, incluindo mudan\u00e7as significativas no papel da controladoria interna nas contrata\u00e7\u00f5es p\u00fablicas. Essas mudan\u00e7as decorrem da necessidade de assegurar aos gestores o cumprimento das leis, normas e pol\u00edticas vigentes, por meio da implementa\u00e7\u00e3o de mecanismos de controle capazes de fornecer \u00e0 sociedade dados e informa\u00e7\u00f5es que evitem a ocorr\u00eancia de erros.<\/p>\n\n\n\n<p class=\"wp-block-paragraph\">O controle interno visa, em termos diretos, garantir a efetividade, produtividade, economicidade e agilidade na presta\u00e7\u00e3o dos servi\u00e7os p\u00fablicos. \u00c9 nesse contexto que a controladoria interna evidencia sua relev\u00e2ncia \u2014 por meio da avalia\u00e7\u00e3o da legalidade e legitimidade dos atos administrativos, contribuindo para a otimiza\u00e7\u00e3o dos gastos p\u00fablicos.<\/p>\n\n\n\n<p class=\"wp-block-paragraph\">A Lei n\u00ba 14.133\/2021 representa um avan\u00e7o expressivo ao destacar o papel do controle interno como instrumento essencial para assegurar a integridade e efic\u00e1cia das contrata\u00e7\u00f5es p\u00fablicas. Com isso, ela reconhece a import\u00e2ncia do estabelecimento de controles internos para que a Administra\u00e7\u00e3o P\u00fablica alcance os resultados esperados nas fases de planejamento, contrata\u00e7\u00e3o e execu\u00e7\u00e3o contratual.<\/p>\n\n\n\n<p class=\"wp-block-paragraph\">Embora a Lei n\u00e3o disponha de um cap\u00edtulo ou se\u00e7\u00e3o espec\u00edfica dedicada ao controle interno, \u00e9 poss\u00edvel identificar diversos dispositivos que fazem refer\u00eancia \u00e0 sua atua\u00e7\u00e3o nas contrata\u00e7\u00f5es p\u00fablicas, especialmente ao tratar de temas como fiscaliza\u00e7\u00e3o, responsabilidade, transpar\u00eancia e presta\u00e7\u00e3o de contas. Dentre os dispositivos legais mais relevantes, destacam-se:<\/p>\n\n\n\n<blockquote class=\"wp-block-quote is-layout-flow wp-block-quote-is-layout-flow\">\n<p class=\"wp-block-paragraph\"><em>&#8220;Art. 11\u00a0Par\u00e1grafo \u00fanico. A alta administra\u00e7\u00e3o do \u00f3rg\u00e3o ou entidade \u00e9 respons\u00e1vel pela governan\u00e7a das contrata\u00e7\u00f5es e deve implementar processos e estruturas, inclusive de gest\u00e3o de riscos e controles internos, para avaliar, direcionar e monitorar os processos licitat\u00f3rios e os respectivos contratos, com o intuito de alcan\u00e7ar os objetivos estabelecidos no\u00a0<strong>caput<\/strong>\u00a0deste artigo, promover um ambiente \u00edntegro e confi\u00e1vel, assegurar o alinhamento das contrata\u00e7\u00f5es ao planejamento estrat\u00e9gico e \u00e0s leis or\u00e7ament\u00e1rias e promover efici\u00eancia, efetividade e efic\u00e1cia em suas contrata\u00e7\u00f5es (Brasil, 2021).&#8221;<\/em><\/p>\n<\/blockquote>\n\n\n\n<p class=\"wp-block-paragraph\">Pois bem, observe tamb\u00e9m o Artigo 49, par\u00e1grafo \u00fanico, onde se pode ler \u201cNa hip\u00f3tese prevista no\u00a0<strong>caput<\/strong>\u00a0deste artigo, a Administra\u00e7\u00e3o dever\u00e1 manter o controle individualizado da execu\u00e7\u00e3o do objeto contratual relativamente a cada um dos contratados\u201d (Brasil, 2021). Ainda se forma completar, nota-se que o Artigo 82, par\u00e1grafo 5\u00ba, Inciso III:<\/p>\n\n\n\n<blockquote class=\"wp-block-quote is-layout-flow wp-block-quote-is-layout-flow\">\n<blockquote class=\"wp-block-quote is-layout-flow wp-block-quote-is-layout-flow\">\n<p class=\"wp-block-paragraph\">&#8220;<em>Art. 82. O edital de licita\u00e7\u00e3o para registro de pre\u00e7os observar\u00e1 as regras gerais desta Lei e dever\u00e1 dispor sobre: [&#8230;] <\/em><\/p>\n\n\n\n<p class=\"wp-block-paragraph\"><em>\u00a7 5\u00ba O sistema de registro de pre\u00e7os poder\u00e1 ser usado para a contrata\u00e7\u00e3o de bens e servi\u00e7os, inclusive de obras e servi\u00e7os de engenharia, observadas as seguintes condi\u00e7\u00f5es: [&#8230;] <\/em><\/p>\n\n\n\n<p class=\"wp-block-paragraph\"><em>III &#8211; desenvolvimento obrigat\u00f3rio de rotina de controle (Brasil, 2021).<\/em><\/p>\n<\/blockquote>\n<\/blockquote>\n\n\n\n<p class=\"wp-block-paragraph\">No Cap\u00edtulo III Controle nas contrata\u00e7\u00f5es tamb\u00e9m faz men\u00e7\u00e3o ao controle interno, observado no artigo 169, caput e par\u00e1grafo 3\u00ba, Inciso I. Veja:<\/p>\n\n\n\n<blockquote class=\"wp-block-quote is-layout-flow wp-block-quote-is-layout-flow\">\n<p class=\"wp-block-paragraph\">&#8220;<em>Art. 169.\u00a0As contrata\u00e7\u00f5es p\u00fablicas dever\u00e3o submeter-se a pr\u00e1ticas cont\u00ednuas e permanentes de gest\u00e3o de riscos e de controle preventivo, inclusive mediante ado\u00e7\u00e3o de recursos de tecnologia da informa\u00e7\u00e3o, e, al\u00e9m de estar subordinadas ao controle social, sujeitar-se-\u00e3o \u00e0s seguintes linhas de defesa. [&#8230;] <\/em><\/p>\n\n\n\n<p class=\"wp-block-paragraph\"><em>\u00a7 3\u00ba Os integrantes das linhas de defesa a que se referem os incisos I, II e III do\u00a0<strong>caput<\/strong>\u00a0deste artigo observar\u00e3o o seguinte: <\/em><\/p>\n\n\n\n<p class=\"wp-block-paragraph\"><em>I &#8211; quando constatarem simples impropriedade formal, adotar\u00e3o medidas para o seu saneamento e para a mitiga\u00e7\u00e3o de riscos de sua nova ocorr\u00eancia, preferencialmente com o aperfei\u00e7oamento dos controles preventivos e com a capacita\u00e7\u00e3o dos agentes p\u00fablicos respons\u00e1veis (Brasil, 2021).<\/em><\/p>\n<\/blockquote>\n\n\n\n<p class=\"wp-block-paragraph\">Portanto, o controle interno deve atuar preventivamente nas contrata\u00e7\u00f5es p\u00fablicas e, de forma concomitante \u00e0 execu\u00e7\u00e3o das receitas e despesas, posteriormente \u00e0 execu\u00e7\u00e3o or\u00e7ament\u00e1ria. Sua import\u00e2ncia reside na mitiga\u00e7\u00e3o de riscos, garantia da seguran\u00e7a jur\u00eddica e contribui\u00e7\u00e3o para a boa governan\u00e7a p\u00fablica. Esses elementos refor\u00e7am a necessidade de que estudos cient\u00edficos avancem na defini\u00e7\u00e3o precisa do papel do controle interno diante dos desafios propostos pela Nova Lei de Licita\u00e7\u00f5es.<\/p>\n\n\n\n<p class=\"wp-block-paragraph\">Em s\u00edntese, o papel das Controladorias Internas nas contrata\u00e7\u00f5es p\u00fablicas sob a \u00e9gide da Lei n\u00ba 14.133\/2021 consiste em:<\/p>\n\n\n\n<ol class=\"wp-block-list\">\n<li>Atuar de forma preventiva e orientativa nas diversas fases do processo licitat\u00f3rio;<\/li>\n\n\n\n<li>Garantir a legalidade, efici\u00eancia e economicidade dos processos de contrata\u00e7\u00e3o;<\/li>\n\n\n\n<li>Contribuir para a transpar\u00eancia e integridade em todas as etapas das contrata\u00e7\u00f5es p\u00fablicas.<\/li>\n<\/ol>\n\n\n\n<hr class=\"wp-block-separator has-alpha-channel-opacity\"\/>\n\n\n\n<p class=\"wp-block-paragraph\">*Os artigos aqui divulgados s\u00e3o enviados pelos redatores volunt\u00e1rios da plataforma. Assim, o Radar IBEGESP n\u00e3o se responsabiliza por nenhuma opini\u00e3o pessoal aqui emitida, sendo o conte\u00fado de inteira responsabilidade dos autores da publica\u00e7\u00e3o.<\/p>\n\n\n\n<hr class=\"wp-block-separator has-alpha-channel-opacity\"\/>\n\n\n\n<p class=\"wp-block-paragraph\">Autoria: <a href=\"https:\/\/radar.ibegesp.org.br\/?s=rafaella\">Rafaella Christina Gomes<\/a> \u00e9 Mestre em Administra\u00e7\u00e3o pela PUC MG e Administradora pela UFSJ. \u00c9 especialista em Licita\u00e7\u00f5es e Contratos pela PUC PR e em Gest\u00e3o Estrat\u00e9gica em Departamento Pessoal pela PUC MG. Possui MBA em Gest\u00e3o Estrat\u00e9gica de Pessoas pela UFSJ.&nbsp; \u00c9 t\u00e9cnica em Seguran\u00e7a do Trabalho pelo IF Sudeste MG. \u00c9 certificada pela APMG Internacional em PPPs e Concess\u00f5es (CP3P-F) e em Licita\u00e7\u00f5es e Contratos Administrativos pela ENAP. \u00c9 Gerente Administrativa da Codemge.<\/p>\n\n\n\n<p class=\"wp-block-paragraph\"><\/p>\n","protected":false},"excerpt":{"rendered":"<p>Controle Interno ganha protagonismo na preven\u00e7\u00e3o de irregularidades em contrata\u00e7\u00f5es p\u00fablicas Este conte\u00fado faz parte do centro de estudos&nbsp;de Licita\u00e7\u00f5es e Contratos&nbsp;do IB\u00ca As inova\u00e7\u00f5es introduzidas pela Nova Lei de Licita\u00e7\u00f5es de 2021 foram diversas, incluindo mudan\u00e7as significativas no papel da controladoria interna nas contrata\u00e7\u00f5es p\u00fablicas. Essas mudan\u00e7as decorrem da necessidade de assegurar aos gestores [&hellip;]<\/p>\n","protected":false},"author":13,"featured_media":5585,"comment_status":"closed","ping_status":"closed","sticky":false,"template":"","format":"standard","meta":{"_acf_changed":false,"_crdt_document":"","inline_featured_image":false,"footnotes":""},"categories":[16],"tags":[303,25,30,189],"formato":[4],"autor":[608],"class_list":["post-5579","post","type-post","status-publish","format-standard","has-post-thumbnail","hentry","category-licitacoes-e-contratos","tag-contratacoes","tag-gestao-publica","tag-licitacoes-e-contratos","tag-nova-lei-de-licitacoes","formato-artigos","autor-rafaella-christina"],"acf":[],"yoast_head":"<!-- This site is optimized with the Yoast SEO plugin v27.2 - https:\/\/yoast.com\/product\/yoast-seo-wordpress\/ -->\n<title>Atua\u00e7\u00e3o preventiva e orientativa do Controle Interno nas Contrata\u00e7\u00f5es P\u00fablicas - Radar IB\u00ca<\/title>\n<meta name=\"description\" content=\"Voc\u00ea sabia que a Nova Lei de Licita\u00e7\u00f5es refor\u00e7a o papel do Controle Interno para a integridade e a efici\u00eancia nas contrata\u00e7\u00f5es p\u00fablicas?\" \/>\n<meta name=\"robots\" content=\"index, follow, max-snippet:-1, max-image-preview:large, max-video-preview:-1\" \/>\n<link rel=\"canonical\" href=\"https:\/\/radar.ibegesp.org.br\/atuacao-preventiva-e-orientativa-do-controle-interno-nas-contratacoes-publicas\/\" \/>\n<meta property=\"og:locale\" content=\"pt_BR\" \/>\n<meta property=\"og:type\" content=\"article\" \/>\n<meta property=\"og:title\" content=\"Atua\u00e7\u00e3o preventiva e orientativa do Controle Interno nas Contrata\u00e7\u00f5es P\u00fablicas - Radar IB\u00ca\" \/>\n<meta property=\"og:description\" content=\"Voc\u00ea sabia que a Nova Lei de Licita\u00e7\u00f5es refor\u00e7a o papel do Controle Interno para a integridade e a efici\u00eancia nas contrata\u00e7\u00f5es p\u00fablicas?\" \/>\n<meta property=\"og:url\" content=\"https:\/\/radar.ibegesp.org.br\/atuacao-preventiva-e-orientativa-do-controle-interno-nas-contratacoes-publicas\/\" \/>\n<meta property=\"og:site_name\" content=\"Radar IB\u00ca\" \/>\n<meta property=\"article:published_time\" content=\"2025-10-29T18:19:54+00:00\" \/>\n<meta property=\"article:modified_time\" content=\"2025-10-29T18:20:42+00:00\" \/>\n<meta property=\"og:image\" content=\"https:\/\/radar.ibegesp.org.br\/wp-content\/uploads\/2025\/10\/Banner-Rafaella.jpg\" \/>\n\t<meta property=\"og:image:width\" content=\"1920\" \/>\n\t<meta property=\"og:image:height\" content=\"1080\" \/>\n\t<meta property=\"og:image:type\" content=\"image\/jpeg\" \/>\n<meta name=\"author\" content=\"Giulia Izabella Alcaino Jacob\" \/>\n<meta name=\"twitter:card\" content=\"summary_large_image\" \/>\n<meta name=\"twitter:label1\" content=\"Escrito por\" \/>\n\t<meta name=\"twitter:data1\" content=\"Giulia Izabella Alcaino Jacob\" \/>\n\t<meta name=\"twitter:label2\" content=\"Est. tempo de leitura\" \/>\n\t<meta name=\"twitter:data2\" content=\"4 minutos\" \/>\n<script type=\"application\/ld+json\" class=\"yoast-schema-graph\">{\"@context\":\"https:\/\/schema.org\",\"@graph\":[{\"@type\":\"Article\",\"@id\":\"https:\/\/radar.ibegesp.org.br\/atuacao-preventiva-e-orientativa-do-controle-interno-nas-contratacoes-publicas\/#article\",\"isPartOf\":{\"@id\":\"https:\/\/radar.ibegesp.org.br\/atuacao-preventiva-e-orientativa-do-controle-interno-nas-contratacoes-publicas\/\"},\"author\":{\"name\":\"Giulia Izabella Alcaino Jacob\",\"@id\":\"https:\/\/radar.ibegesp.org.br\/#\/schema\/person\/a80717364eba4257dec1d01c7fa4a87a\"},\"headline\":\"Atua\u00e7\u00e3o preventiva e orientativa do Controle Interno nas Contrata\u00e7\u00f5es P\u00fablicas\",\"datePublished\":\"2025-10-29T18:19:54+00:00\",\"dateModified\":\"2025-10-29T18:20:42+00:00\",\"mainEntityOfPage\":{\"@id\":\"https:\/\/radar.ibegesp.org.br\/atuacao-preventiva-e-orientativa-do-controle-interno-nas-contratacoes-publicas\/\"},\"wordCount\":923,\"publisher\":{\"@id\":\"https:\/\/radar.ibegesp.org.br\/#organization\"},\"image\":{\"@id\":\"https:\/\/radar.ibegesp.org.br\/atuacao-preventiva-e-orientativa-do-controle-interno-nas-contratacoes-publicas\/#primaryimage\"},\"thumbnailUrl\":\"https:\/\/radar.ibegesp.org.br\/wp-content\/uploads\/2025\/10\/Banner-Rafaella.jpg\",\"keywords\":[\"Contrata\u00e7\u00f5es\",\"Gest\u00e3o P\u00fablica\",\"Licita\u00e7\u00f5es e Contratos\",\"Nova Lei de Licita\u00e7\u00f5es\"],\"articleSection\":[\"Licita\u00e7\u00f5es e Contratos\"],\"inLanguage\":\"pt-BR\"},{\"@type\":\"WebPage\",\"@id\":\"https:\/\/radar.ibegesp.org.br\/atuacao-preventiva-e-orientativa-do-controle-interno-nas-contratacoes-publicas\/\",\"url\":\"https:\/\/radar.ibegesp.org.br\/atuacao-preventiva-e-orientativa-do-controle-interno-nas-contratacoes-publicas\/\",\"name\":\"Atua\u00e7\u00e3o preventiva e orientativa do Controle Interno nas Contrata\u00e7\u00f5es P\u00fablicas - Radar IB\u00ca\",\"isPartOf\":{\"@id\":\"https:\/\/radar.ibegesp.org.br\/#website\"},\"primaryImageOfPage\":{\"@id\":\"https:\/\/radar.ibegesp.org.br\/atuacao-preventiva-e-orientativa-do-controle-interno-nas-contratacoes-publicas\/#primaryimage\"},\"image\":{\"@id\":\"https:\/\/radar.ibegesp.org.br\/atuacao-preventiva-e-orientativa-do-controle-interno-nas-contratacoes-publicas\/#primaryimage\"},\"thumbnailUrl\":\"https:\/\/radar.ibegesp.org.br\/wp-content\/uploads\/2025\/10\/Banner-Rafaella.jpg\",\"datePublished\":\"2025-10-29T18:19:54+00:00\",\"dateModified\":\"2025-10-29T18:20:42+00:00\",\"description\":\"Voc\u00ea sabia que a Nova Lei de Licita\u00e7\u00f5es refor\u00e7a o papel do Controle Interno para a integridade e a efici\u00eancia nas contrata\u00e7\u00f5es p\u00fablicas?\",\"breadcrumb\":{\"@id\":\"https:\/\/radar.ibegesp.org.br\/atuacao-preventiva-e-orientativa-do-controle-interno-nas-contratacoes-publicas\/#breadcrumb\"},\"inLanguage\":\"pt-BR\",\"potentialAction\":[{\"@type\":\"ReadAction\",\"target\":[\"https:\/\/radar.ibegesp.org.br\/atuacao-preventiva-e-orientativa-do-controle-interno-nas-contratacoes-publicas\/\"]}]},{\"@type\":\"ImageObject\",\"inLanguage\":\"pt-BR\",\"@id\":\"https:\/\/radar.ibegesp.org.br\/atuacao-preventiva-e-orientativa-do-controle-interno-nas-contratacoes-publicas\/#primaryimage\",\"url\":\"https:\/\/radar.ibegesp.org.br\/wp-content\/uploads\/2025\/10\/Banner-Rafaella.jpg\",\"contentUrl\":\"https:\/\/radar.ibegesp.org.br\/wp-content\/uploads\/2025\/10\/Banner-Rafaella.jpg\",\"width\":1920,\"height\":1080,\"caption\":\"Banner do Radar Ib\u00ea com fundo azul escuro e linhas curvas em tom mais claro. \u00c0 esquerda, est\u00e1 a redatora volunt\u00e1ria Rafaella Christina, de cabelos longos e escuros, usando blazer roxo e blusa branca. \u00c0 direita, em destaque, o t\u00edtulo do artigo: \u201cAtua\u00e7\u00e3o preventiva e orientativa do Controle Interno nas Contrata\u00e7\u00f5es P\u00fablicas\u201d. No canto inferior direito, o logotipo do Radar Ib\u00ea.\"},{\"@type\":\"BreadcrumbList\",\"@id\":\"https:\/\/radar.ibegesp.org.br\/atuacao-preventiva-e-orientativa-do-controle-interno-nas-contratacoes-publicas\/#breadcrumb\",\"itemListElement\":[{\"@type\":\"ListItem\",\"position\":1,\"name\":\"Home\",\"item\":\"https:\/\/radar.ibegesp.org.br\/\"},{\"@type\":\"ListItem\",\"position\":2,\"name\":\"Atua\u00e7\u00e3o preventiva e orientativa do Controle Interno nas Contrata\u00e7\u00f5es P\u00fablicas\"}]},{\"@type\":\"WebSite\",\"@id\":\"https:\/\/radar.ibegesp.org.br\/#website\",\"url\":\"https:\/\/radar.ibegesp.org.br\/\",\"name\":\"Radar IB\u00ca\",\"description\":\"Contribu\u00edmos para uma gest\u00e3o p\u00fablica mais eficaz e transparente\",\"publisher\":{\"@id\":\"https:\/\/radar.ibegesp.org.br\/#organization\"},\"potentialAction\":[{\"@type\":\"SearchAction\",\"target\":{\"@type\":\"EntryPoint\",\"urlTemplate\":\"https:\/\/radar.ibegesp.org.br\/?s={search_term_string}\"},\"query-input\":{\"@type\":\"PropertyValueSpecification\",\"valueRequired\":true,\"valueName\":\"search_term_string\"}}],\"inLanguage\":\"pt-BR\"},{\"@type\":\"Organization\",\"@id\":\"https:\/\/radar.ibegesp.org.br\/#organization\",\"name\":\"Radar IB\u00ca\",\"url\":\"https:\/\/radar.ibegesp.org.br\/\",\"logo\":{\"@type\":\"ImageObject\",\"inLanguage\":\"pt-BR\",\"@id\":\"https:\/\/radar.ibegesp.org.br\/#\/schema\/logo\/image\/\",\"url\":\"https:\/\/radar.ibegesp.org.br\/wp-content\/uploads\/2021\/08\/logo-header.svg\",\"contentUrl\":\"https:\/\/radar.ibegesp.org.br\/wp-content\/uploads\/2021\/08\/logo-header.svg\",\"width\":1,\"height\":1,\"caption\":\"Radar IB\u00ca\"},\"image\":{\"@id\":\"https:\/\/radar.ibegesp.org.br\/#\/schema\/logo\/image\/\"}},{\"@type\":\"Person\",\"@id\":\"https:\/\/radar.ibegesp.org.br\/#\/schema\/person\/a80717364eba4257dec1d01c7fa4a87a\",\"name\":\"Giulia Izabella Alcaino Jacob\",\"image\":{\"@type\":\"ImageObject\",\"inLanguage\":\"pt-BR\",\"@id\":\"https:\/\/secure.gravatar.com\/avatar\/643b90ec5a371a328f7024735cd40465620bac020ad294b7ffed7314753e9346?s=96&d=mm&r=g\",\"url\":\"https:\/\/secure.gravatar.com\/avatar\/643b90ec5a371a328f7024735cd40465620bac020ad294b7ffed7314753e9346?s=96&d=mm&r=g\",\"contentUrl\":\"https:\/\/secure.gravatar.com\/avatar\/643b90ec5a371a328f7024735cd40465620bac020ad294b7ffed7314753e9346?s=96&d=mm&r=g\",\"caption\":\"Giulia Izabella Alcaino Jacob\"},\"url\":\"https:\/\/radar.ibegesp.org.br\/author\/giuliaj\/\"}]}<\/script>\n<!-- \/ Yoast SEO plugin. -->","yoast_head_json":{"title":"Atua\u00e7\u00e3o preventiva e orientativa do Controle Interno nas Contrata\u00e7\u00f5es P\u00fablicas - Radar IB\u00ca","description":"Voc\u00ea sabia que a Nova Lei de Licita\u00e7\u00f5es refor\u00e7a o papel do Controle Interno para a integridade e a efici\u00eancia nas contrata\u00e7\u00f5es p\u00fablicas?","robots":{"index":"index","follow":"follow","max-snippet":"max-snippet:-1","max-image-preview":"max-image-preview:large","max-video-preview":"max-video-preview:-1"},"canonical":"https:\/\/radar.ibegesp.org.br\/atuacao-preventiva-e-orientativa-do-controle-interno-nas-contratacoes-publicas\/","og_locale":"pt_BR","og_type":"article","og_title":"Atua\u00e7\u00e3o preventiva e orientativa do Controle Interno nas Contrata\u00e7\u00f5es P\u00fablicas - Radar IB\u00ca","og_description":"Voc\u00ea sabia que a Nova Lei de Licita\u00e7\u00f5es refor\u00e7a o papel do Controle Interno para a integridade e a efici\u00eancia nas contrata\u00e7\u00f5es p\u00fablicas?","og_url":"https:\/\/radar.ibegesp.org.br\/atuacao-preventiva-e-orientativa-do-controle-interno-nas-contratacoes-publicas\/","og_site_name":"Radar IB\u00ca","article_published_time":"2025-10-29T18:19:54+00:00","article_modified_time":"2025-10-29T18:20:42+00:00","og_image":[{"width":1920,"height":1080,"url":"https:\/\/radar.ibegesp.org.br\/wp-content\/uploads\/2025\/10\/Banner-Rafaella.jpg","type":"image\/jpeg"}],"author":"Giulia Izabella Alcaino Jacob","twitter_card":"summary_large_image","twitter_misc":{"Escrito por":"Giulia Izabella Alcaino Jacob","Est. tempo de leitura":"4 minutos"},"schema":{"@context":"https:\/\/schema.org","@graph":[{"@type":"Article","@id":"https:\/\/radar.ibegesp.org.br\/atuacao-preventiva-e-orientativa-do-controle-interno-nas-contratacoes-publicas\/#article","isPartOf":{"@id":"https:\/\/radar.ibegesp.org.br\/atuacao-preventiva-e-orientativa-do-controle-interno-nas-contratacoes-publicas\/"},"author":{"name":"Giulia Izabella Alcaino Jacob","@id":"https:\/\/radar.ibegesp.org.br\/#\/schema\/person\/a80717364eba4257dec1d01c7fa4a87a"},"headline":"Atua\u00e7\u00e3o preventiva e orientativa do Controle Interno nas Contrata\u00e7\u00f5es P\u00fablicas","datePublished":"2025-10-29T18:19:54+00:00","dateModified":"2025-10-29T18:20:42+00:00","mainEntityOfPage":{"@id":"https:\/\/radar.ibegesp.org.br\/atuacao-preventiva-e-orientativa-do-controle-interno-nas-contratacoes-publicas\/"},"wordCount":923,"publisher":{"@id":"https:\/\/radar.ibegesp.org.br\/#organization"},"image":{"@id":"https:\/\/radar.ibegesp.org.br\/atuacao-preventiva-e-orientativa-do-controle-interno-nas-contratacoes-publicas\/#primaryimage"},"thumbnailUrl":"https:\/\/radar.ibegesp.org.br\/wp-content\/uploads\/2025\/10\/Banner-Rafaella.jpg","keywords":["Contrata\u00e7\u00f5es","Gest\u00e3o P\u00fablica","Licita\u00e7\u00f5es e Contratos","Nova Lei de Licita\u00e7\u00f5es"],"articleSection":["Licita\u00e7\u00f5es e Contratos"],"inLanguage":"pt-BR"},{"@type":"WebPage","@id":"https:\/\/radar.ibegesp.org.br\/atuacao-preventiva-e-orientativa-do-controle-interno-nas-contratacoes-publicas\/","url":"https:\/\/radar.ibegesp.org.br\/atuacao-preventiva-e-orientativa-do-controle-interno-nas-contratacoes-publicas\/","name":"Atua\u00e7\u00e3o preventiva e orientativa do Controle Interno nas Contrata\u00e7\u00f5es P\u00fablicas - Radar IB\u00ca","isPartOf":{"@id":"https:\/\/radar.ibegesp.org.br\/#website"},"primaryImageOfPage":{"@id":"https:\/\/radar.ibegesp.org.br\/atuacao-preventiva-e-orientativa-do-controle-interno-nas-contratacoes-publicas\/#primaryimage"},"image":{"@id":"https:\/\/radar.ibegesp.org.br\/atuacao-preventiva-e-orientativa-do-controle-interno-nas-contratacoes-publicas\/#primaryimage"},"thumbnailUrl":"https:\/\/radar.ibegesp.org.br\/wp-content\/uploads\/2025\/10\/Banner-Rafaella.jpg","datePublished":"2025-10-29T18:19:54+00:00","dateModified":"2025-10-29T18:20:42+00:00","description":"Voc\u00ea sabia que a Nova Lei de Licita\u00e7\u00f5es refor\u00e7a o papel do Controle Interno para a integridade e a efici\u00eancia nas contrata\u00e7\u00f5es p\u00fablicas?","breadcrumb":{"@id":"https:\/\/radar.ibegesp.org.br\/atuacao-preventiva-e-orientativa-do-controle-interno-nas-contratacoes-publicas\/#breadcrumb"},"inLanguage":"pt-BR","potentialAction":[{"@type":"ReadAction","target":["https:\/\/radar.ibegesp.org.br\/atuacao-preventiva-e-orientativa-do-controle-interno-nas-contratacoes-publicas\/"]}]},{"@type":"ImageObject","inLanguage":"pt-BR","@id":"https:\/\/radar.ibegesp.org.br\/atuacao-preventiva-e-orientativa-do-controle-interno-nas-contratacoes-publicas\/#primaryimage","url":"https:\/\/radar.ibegesp.org.br\/wp-content\/uploads\/2025\/10\/Banner-Rafaella.jpg","contentUrl":"https:\/\/radar.ibegesp.org.br\/wp-content\/uploads\/2025\/10\/Banner-Rafaella.jpg","width":1920,"height":1080,"caption":"Banner do Radar Ib\u00ea com fundo azul escuro e linhas curvas em tom mais claro. \u00c0 esquerda, est\u00e1 a redatora volunt\u00e1ria Rafaella Christina, de cabelos longos e escuros, usando blazer roxo e blusa branca. \u00c0 direita, em destaque, o t\u00edtulo do artigo: \u201cAtua\u00e7\u00e3o preventiva e orientativa do Controle Interno nas Contrata\u00e7\u00f5es P\u00fablicas\u201d. No canto inferior direito, o logotipo do Radar Ib\u00ea."},{"@type":"BreadcrumbList","@id":"https:\/\/radar.ibegesp.org.br\/atuacao-preventiva-e-orientativa-do-controle-interno-nas-contratacoes-publicas\/#breadcrumb","itemListElement":[{"@type":"ListItem","position":1,"name":"Home","item":"https:\/\/radar.ibegesp.org.br\/"},{"@type":"ListItem","position":2,"name":"Atua\u00e7\u00e3o preventiva e orientativa do Controle Interno nas Contrata\u00e7\u00f5es P\u00fablicas"}]},{"@type":"WebSite","@id":"https:\/\/radar.ibegesp.org.br\/#website","url":"https:\/\/radar.ibegesp.org.br\/","name":"Radar IB\u00ca","description":"Contribu\u00edmos para uma gest\u00e3o p\u00fablica mais eficaz e transparente","publisher":{"@id":"https:\/\/radar.ibegesp.org.br\/#organization"},"potentialAction":[{"@type":"SearchAction","target":{"@type":"EntryPoint","urlTemplate":"https:\/\/radar.ibegesp.org.br\/?s={search_term_string}"},"query-input":{"@type":"PropertyValueSpecification","valueRequired":true,"valueName":"search_term_string"}}],"inLanguage":"pt-BR"},{"@type":"Organization","@id":"https:\/\/radar.ibegesp.org.br\/#organization","name":"Radar IB\u00ca","url":"https:\/\/radar.ibegesp.org.br\/","logo":{"@type":"ImageObject","inLanguage":"pt-BR","@id":"https:\/\/radar.ibegesp.org.br\/#\/schema\/logo\/image\/","url":"https:\/\/radar.ibegesp.org.br\/wp-content\/uploads\/2021\/08\/logo-header.svg","contentUrl":"https:\/\/radar.ibegesp.org.br\/wp-content\/uploads\/2021\/08\/logo-header.svg","width":1,"height":1,"caption":"Radar IB\u00ca"},"image":{"@id":"https:\/\/radar.ibegesp.org.br\/#\/schema\/logo\/image\/"}},{"@type":"Person","@id":"https:\/\/radar.ibegesp.org.br\/#\/schema\/person\/a80717364eba4257dec1d01c7fa4a87a","name":"Giulia Izabella Alcaino Jacob","image":{"@type":"ImageObject","inLanguage":"pt-BR","@id":"https:\/\/secure.gravatar.com\/avatar\/643b90ec5a371a328f7024735cd40465620bac020ad294b7ffed7314753e9346?s=96&d=mm&r=g","url":"https:\/\/secure.gravatar.com\/avatar\/643b90ec5a371a328f7024735cd40465620bac020ad294b7ffed7314753e9346?s=96&d=mm&r=g","contentUrl":"https:\/\/secure.gravatar.com\/avatar\/643b90ec5a371a328f7024735cd40465620bac020ad294b7ffed7314753e9346?s=96&d=mm&r=g","caption":"Giulia Izabella Alcaino Jacob"},"url":"https:\/\/radar.ibegesp.org.br\/author\/giuliaj\/"}]}},"jetpack_featured_media_url":"https:\/\/radar.ibegesp.org.br\/wp-content\/uploads\/2025\/10\/Banner-Rafaella.jpg","_links":{"self":[{"href":"https:\/\/radar.ibegesp.org.br\/api\/wp\/v2\/posts\/5579","targetHints":{"allow":["GET"]}}],"collection":[{"href":"https:\/\/radar.ibegesp.org.br\/api\/wp\/v2\/posts"}],"about":[{"href":"https:\/\/radar.ibegesp.org.br\/api\/wp\/v2\/types\/post"}],"author":[{"embeddable":true,"href":"https:\/\/radar.ibegesp.org.br\/api\/wp\/v2\/users\/13"}],"replies":[{"embeddable":true,"href":"https:\/\/radar.ibegesp.org.br\/api\/wp\/v2\/comments?post=5579"}],"version-history":[{"count":7,"href":"https:\/\/radar.ibegesp.org.br\/api\/wp\/v2\/posts\/5579\/revisions"}],"predecessor-version":[{"id":5587,"href":"https:\/\/radar.ibegesp.org.br\/api\/wp\/v2\/posts\/5579\/revisions\/5587"}],"wp:featuredmedia":[{"embeddable":true,"href":"https:\/\/radar.ibegesp.org.br\/api\/wp\/v2\/media\/5585"}],"wp:attachment":[{"href":"https:\/\/radar.ibegesp.org.br\/api\/wp\/v2\/media?parent=5579"}],"wp:term":[{"taxonomy":"category","embeddable":true,"href":"https:\/\/radar.ibegesp.org.br\/api\/wp\/v2\/categories?post=5579"},{"taxonomy":"post_tag","embeddable":true,"href":"https:\/\/radar.ibegesp.org.br\/api\/wp\/v2\/tags?post=5579"},{"taxonomy":"formato","embeddable":true,"href":"https:\/\/radar.ibegesp.org.br\/api\/wp\/v2\/formato?post=5579"},{"taxonomy":"autor","embeddable":true,"href":"https:\/\/radar.ibegesp.org.br\/api\/wp\/v2\/autor?post=5579"}],"curies":[{"name":"wp","href":"https:\/\/api.w.org\/{rel}","templated":true}]}}