{"id":6372,"date":"2026-09-03T15:00:00","date_gmt":"2026-09-03T18:00:00","guid":{"rendered":"https:\/\/radar.ibegesp.org.br\/?p=6372"},"modified":"2026-09-03T13:28:35","modified_gmt":"2026-09-03T16:28:35","slug":"decisao-administrativa-e-governanca-como-a-racionalidade-institucional-pode-reduzir-a-judicializacao-nas-contratacoes-publicas","status":"publish","type":"post","link":"https:\/\/radar.ibegesp.org.br\/decisao-administrativa-e-governanca-como-a-racionalidade-institucional-pode-reduzir-a-judicializacao-nas-contratacoes-publicas\/","title":{"rendered":"Decis\u00e3o administrativa e Governan\u00e7a: como a racionalidade\u00a0 institucional pode\u00a0 reduzir a judicializa\u00e7\u00e3o nas contrata\u00e7\u00f5es p\u00fablicas"},"content":{"rendered":"\n<h2 class=\"wp-block-heading\">Decis\u00f5es administrativas mais fundamentadas, transparentes e baseadas em evid\u00eancias podem fortalecer a governan\u00e7a p\u00fablica, prevenir conflitos e reduzir a judicializa\u00e7\u00e3o das contrata\u00e7\u00f5es<\/h2>\n\n\n\n<blockquote class=\"wp-block-quote is-layout-flow wp-block-quote-is-layout-flow\">\n<p class=\"has-text-align-center wp-block-paragraph\"><em>Este conte\u00fado faz parte do centro de estudos&nbsp;de <a href=\"https:\/\/ibegesp.org.br\/educacao\/\">Direito Administrativo<\/a>&nbsp;do IB\u00ca<\/em><\/p>\n<\/blockquote>\n\n\n\n<p class=\"wp-block-paragraph\">A judicializa\u00e7\u00e3o das contrata\u00e7\u00f5es p\u00fablicas tornou-se um dos maiores desafios da gest\u00e3o p\u00fablica brasileira. Este artigo analisa como decis\u00f5es administrativas bem fundamentadas podem funcionar como pontos de equil\u00edbrio entre efici\u00eancia, legalidade e legitimidade, reduzindo conflitos e fortalecendo a Governan\u00e7a.?\u00a0 A partir da teoria dos sistemas de Niklas Luhmann, exploramos como gestores podem estruturar decis\u00f5es mais racionais e transparentes, contribuindo para a desjudicializa\u00e7\u00e3o e a efetividade das pol\u00edticas p\u00fablicas.<\/p>\n\n\n\n<h3 class=\"wp-block-heading\"><strong>O desafio da judicializa\u00e7\u00e3o nas contrata\u00e7\u00f5es p\u00fablicas.<\/strong><\/h3>\n\n\n\n<p class=\"wp-block-paragraph\">A judicializa\u00e7\u00e3o das rela\u00e7\u00f5es contratuais na Administra\u00e7\u00e3o P\u00fablica n\u00e3o \u00e9 apenas uma quest\u00e3o jur\u00eddica \u2014 \u00e9 um sintoma de uma crise mais profunda na forma como o Estado decide e, nesse meio, o que est\u00e1 em jogo n\u00e3o \u00e9 s\u00f3 o contrato em si, mas a capacidade do Estado de executar\u00a0 pol\u00edticas p\u00fablicas de forma eficiente e leg\u00edtima.<\/p>\n\n\n\n<h4 class=\"wp-block-heading\"><strong>Por que tantas decis\u00f5es administrativas acabam judicializadas?<\/strong><\/h4>\n\n\n\n<p class=\"wp-block-paragraph\">Decidir na Administra\u00e7\u00e3o P\u00fablica n\u00e3o \u00e9 simples. O gestor precisa equilibrar:<\/p>\n\n\n\n<ul class=\"wp-block-list\">\n<li>Restri\u00e7\u00f5es legais (legalidade estrita)<\/li>\n\n\n\n<li>Press\u00f5es pol\u00edticas (expectativas de entregas)<\/li>\n\n\n\n<li>Interesses econ\u00f4micos (sustentabilidade fiscal)<\/li>\n\n\n\n<li>Limita\u00e7\u00f5es t\u00e9cnicas (capacidade institucional)<\/li>\n<\/ul>\n\n\n\n<p class=\"wp-block-paragraph\">Essa complexidade faz com que muitas decis\u00f5es sejam tomadas sob incerteza e risco, lidando com a imprevisibilidade do comportamento dos fornecedores e com a pluralidade de valores em jogo. \u00c9 nessa tens\u00e3o que se constr\u00f3i \u2014 ou se compromete \u2014 a legitimidade da decis\u00e3o administrativa.<\/p>\n\n\n\n<h3 class=\"wp-block-heading\"><strong>Decis\u00e3o administrativa como ponto de encontro entre sistemas<\/strong><\/h3>\n\n\n\n<p class=\"wp-block-paragraph\">Para compreender melhor essa din\u00e2mica, precisamos enxergar a Administra\u00e7\u00e3o P\u00fablica de forma sist\u00eamica. O soci\u00f3logo alem\u00e3o Niklas Luhmann desenvolveu uma teoria que nos ajuda a entender como diferentes &#8220;sistemas&#8221; (jur\u00eddico, pol\u00edtico, administrativo, econ\u00f4mico) interagem sem perder sua autonomia.<\/p>\n\n\n\n<p class=\"wp-block-paragraph\">Segundo Luhmann (2016), os sistemas sociais s\u00e3o operativamente fechados, mas cognitivamente abertos. Isso significa que cada sistema opera com sua pr\u00f3pria l\u00f3gica:<\/p>\n\n\n\n<ul class=\"wp-block-list\">\n<li>O sistema jur\u00eddico opera com o c\u00f3digo l\u00edcito\/il\u00edcito<\/li>\n\n\n\n<li>O sistema pol\u00edtico opera com o c\u00f3digo poder\/n\u00e3o poder<\/li>\n\n\n\n<li>O sistema administrativo opera com efici\u00eancia e presta\u00e7\u00e3o de servi\u00e7os\u00a0<\/li>\n\n\n\n<li>O sistema econ\u00f4mico opera com lucro\/preju\u00edzo<\/li>\n<\/ul>\n\n\n\n<p class=\"wp-block-paragraph\">Mas esses sistemas precisam se comunicar. E \u00e9 essa a l\u00f3gica dos acoplamentos estruturais: mecanismos que permitem a tradu\u00e7\u00e3o de expectativas entre sistemas diferentes. Na pr\u00e1tica da gest\u00e3o p\u00fablica, os contratos e as decis\u00f5es administrativas s\u00e3o acoplamentos estruturais. Quando voc\u00ea, gestor, elabora um despacho autorizando a prorroga\u00e7\u00e3o de um contrato de sa\u00fade, est\u00e1 fazendo muito mais do que aplicar uma norma:<\/p>\n\n\n\n<ul class=\"wp-block-list\">\n<li>Est\u00e1 traduzindo a expectativa jur\u00eddica (legalidade) em a\u00e7\u00e3o administrativa (continuidade do servi\u00e7o)<\/li>\n\n\n\n<li>Est\u00e1 equilibrando a racionalidade econ\u00f4mica (vantajosidade) com a responsabilidade pol\u00edtica (controle social)<\/li>\n\n\n\n<li>Est\u00e1 mediando a rela\u00e7\u00e3o entre Estado e sociedade (pol\u00edticas p\u00fablicas para o cidad\u00e3o)<\/li>\n<\/ul>\n\n\n\n<p class=\"wp-block-paragraph\">Cada ato reflete escolhas que reverberam sobre o desempenho institucional e sobre a entrega da pol\u00edtica p\u00fablica ao destinat\u00e1rio final.<\/p>\n\n\n\n<h3 class=\"wp-block-heading\"><strong>Governan\u00e7a como capacidade de coordenar interesses<\/strong><\/h3>\n\n\n\n<p class=\"wp-block-paragraph\">Governan\u00e7a p\u00fablica n\u00e3o \u00e9 apenas ter controles e procedimentos: \u00e9 ter capacidade institucional de coordenar interesses, reduzir assimetrias e gerar legitimidade. Decis\u00f5es bem fundamentadas s\u00e3o decis\u00f5es defens\u00e1veis. Gestores devem:<\/p>\n\n\n\n<ul class=\"wp-block-list\">\n<li><strong>Criar processos decis\u00f3rios participativos:<\/strong> decis\u00f5es tomadas com participa\u00e7\u00e3o de diferentes \u00e1reas (jur\u00eddica, t\u00e9cnica, financeira) tendem a ser mais robustas e menos question\u00e1veis.<\/li>\n\n\n\n<li><strong>Investir em capacita\u00e7\u00e3o e sistemas de apoio:<\/strong> a racionalidade decis\u00f3ria depende de:\n<ol class=\"wp-block-list\">\n<li>Gestores capacitados em gest\u00e3o de contratos<\/li>\n\n\n\n<li>Sistemas de informa\u00e7\u00e3o que forne\u00e7am dados confi\u00e1veis<\/li>\n\n\n\n<li>Acesso a estudos de mercado e benchmarking<\/li>\n\n\n\n<li>Protocolos decis\u00f3rios claros<\/li>\n<\/ol>\n<\/li>\n\n\n\n<li><strong>Estabelecer canais de di\u00e1logo com fornecedores:<\/strong> muitos lit\u00edgios surgem de falhas de comunica\u00e7\u00e3o e as boas pr\u00e1ticas exigem mecanismos como:\n<ol class=\"wp-block-list\">\n<li>Reuni\u00f5es peri\u00f3dicas de acompanhamento contratual<\/li>\n\n\n\n<li>Procedimentos de solu\u00e7\u00e3o consensual de conflitos<\/li>\n\n\n\n<li>Transpar\u00eancia sobre expectativas e crit\u00e9rios de avalia\u00e7\u00e3o<\/li>\n<\/ol>\n<\/li>\n<\/ul>\n\n\n\n<p class=\"wp-block-paragraph\">Esses canais funcionam como v\u00e1lvulas de escape que previnem a judicializa\u00e7\u00e3o.<\/p>\n\n\n\n<h3 class=\"wp-block-heading\"><strong>Recomenda\u00e7\u00f5es pr\u00e1ticas<\/strong><\/h3>\n\n\n\n<h4 class=\"wp-block-heading\"><strong>Antes de decidir:<\/strong><\/h4>\n\n\n\n<ul class=\"wp-block-list\">\n<li>Mapeie todas as racionalidades envolvidas (jur\u00eddica, econ\u00f4mica, administrativa, pol\u00edtica).<\/li>\n\n\n\n<li>Busque informa\u00e7\u00f5es confi\u00e1veis e atualizadas\u00a0<\/li>\n\n\n\n<li>Identifique riscos e alternativas<\/li>\n<\/ul>\n\n\n\n<h4 class=\"wp-block-heading\"><strong>Ao decidir:<\/strong><\/h4>\n\n\n\n<ul class=\"wp-block-list\">\n<li>Fundamente adequadamente, demonstrando o racioc\u00ednio seguido.\u00a0<\/li>\n\n\n\n<li>Justifique escolhas e seja transparente sobre limita\u00e7\u00f5es e incertezas<\/li>\n\n\n\n<li>Mantenha a proporcionalidade entre meios e fins.<\/li>\n<\/ul>\n\n\n\n<h4 class=\"wp-block-heading\"><strong>Depois de decidir:<\/strong><\/h4>\n\n\n\n<ul class=\"wp-block-list\">\n<li>Monitore a implementa\u00e7\u00e3o<\/li>\n\n\n\n<li>Mantenha canais abertos com contratados<\/li>\n\n\n\n<li>Esteja preparado para revisar decis\u00f5es diante de fatos novos<\/li>\n<\/ul>\n\n\n\n<h3 class=\"wp-block-heading\"><strong>Perspectivas futuras<\/strong><\/h3>\n\n\n\n<p class=\"wp-block-paragraph\">O fortalecimento da racionalidade decis\u00f3ria na Administra\u00e7\u00e3o P\u00fablica brasileira passa por:<\/p>\n\n\n\n<ul class=\"wp-block-list\">\n<li>Capacita\u00e7\u00e3o cont\u00ednua de gestores em tomada de decis\u00e3o sob incerteza<\/li>\n\n\n\n<li>Sistemas de informa\u00e7\u00e3o que apoiem decis\u00f5es baseadas em evid\u00eancias<\/li>\n\n\n\n<li>Cultura institucional que valorize transpar\u00eancia e fundamenta\u00e7\u00e3o<\/li>\n\n\n\n<li>Mecanismos alternativos de resolu\u00e7\u00e3o de conflitos contratuais<\/li>\n\n\n\n<li>Di\u00e1logo interinstitucional com \u00f3rg\u00e3os de controle para alinhar expectativas<\/li>\n<\/ul>\n\n\n\n<p class=\"wp-block-paragraph\">A desjudicializa\u00e7\u00e3o das contrata\u00e7\u00f5es p\u00fablicas n\u00e3o ser\u00e1 alcan\u00e7ada apenas com mudan\u00e7as legislativas, mas fundamentalmente com o aprimoramento da qualidade decis\u00f3ria. Gestores p\u00fablicos que compreendem a complexidade sist\u00eamica de suas decis\u00f5es e atuam com racionalidade institucional contribuem decisivamente para uma Administra\u00e7\u00e3o mais eficiente, leg\u00edtima e menos dependente do Poder Judici\u00e1rio.<\/p>\n\n\n\n<h3 class=\"wp-block-heading\"><strong>Considera\u00e7\u00f5es finais: rumo a uma Administra\u00e7\u00e3o menos judicializada<\/strong><\/h3>\n\n\n\n<p class=\"wp-block-paragraph\">A decis\u00e3o administrativa \u00e9 o n\u00facleo operativo da Administra\u00e7\u00e3o P\u00fablica e o principal instrumento de media\u00e7\u00e3o entre Estado e sociedade. Mais do que atos t\u00e9cnicos ou burocr\u00e1ticos, decis\u00f5es administrativas s\u00e3o escolhas que constroem ou comprometem a legitimidade democr\u00e1tica.<\/p>\n\n\n\n<p class=\"wp-block-paragraph\">Compreender essas decis\u00f5es como pontos de acoplamento entre sistemas \u2014 jur\u00eddico, pol\u00edtico, administrativo e econ\u00f4mico \u2014 nos ajuda a enxergar a gest\u00e3o p\u00fablica de forma mais complexa e realista. N\u00e3o existe &#8220;a decis\u00e3o correta&#8221; em sentido absoluto, mas existem decis\u00f5es mais racionais, mais transparentes e mais leg\u00edtimas.<\/p>\n\n\n\n<h4 class=\"wp-block-heading\">Refer\u00eancias<\/h4>\n\n\n\n<ul class=\"wp-block-list\">\n<li>BUCCI, Maria Paula Dallari. Fundamentos para uma teoria jur\u00eddica das pol\u00edticas p\u00fablicas. S\u00e3o Paulo: Saraiva, 2021.<\/li>\n\n\n\n<li>LUHMANN, Niklas. Introdu\u00e7\u00e3o \u00e0 teoria dos sistemas. Tradu\u00e7\u00e3o de Ana Cristina Arantes Nasser. Petr\u00f3polis: Vozes, 2016.<\/li>\n\n\n\n<li>LUHMANN, Niklas. O direito da sociedade. S\u00e3o Paulo: Martins Fontes, 2016.<\/li>\n<\/ul>\n\n\n\n<hr class=\"wp-block-separator has-alpha-channel-opacity\"\/>\n\n\n\n<p class=\"wp-block-paragraph\">*Os artigos aqui divulgados s\u00e3o enviados pelos redatores volunt\u00e1rios da plataforma. Assim, o Radar IBEGESP n\u00e3o se responsabiliza por nenhuma opini\u00e3o pessoal aqui emitida, sendo o conte\u00fado de inteira responsabilidade dos autores da publica\u00e7\u00e3o.<\/p>\n\n\n\n<hr class=\"wp-block-separator has-alpha-channel-opacity\"\/>\n\n\n\n<p class=\"wp-block-paragraph\">Autoria: <a href=\"https:\/\/radar.ibegesp.org.br\/?s=s%C3%A9rgio+lustosa\">S\u00e9rgio Ricardo Lustosa<\/a> \u00e9 advogado especialista em Gest\u00e3o P\u00fablica. Atua na administra\u00e7\u00e3o municipal do Rio de Janeiro com foco em contrata\u00e7\u00f5es, governan\u00e7a e pol\u00edticas p\u00fablicas. Membro dos grupos de pesquisa IDARJ, GEDAC\/CEEJ e GEDA.RP\/USP, com \u00eanfase em Direito Administrativo.<\/p>\n\n\n\n<p class=\"wp-block-paragraph\"><\/p>\n","protected":false},"excerpt":{"rendered":"<p>Decis\u00f5es administrativas mais fundamentadas, transparentes e baseadas em evid\u00eancias podem fortalecer a governan\u00e7a p\u00fablica, prevenir conflitos e reduzir a judicializa\u00e7\u00e3o das contrata\u00e7\u00f5es Este conte\u00fado faz parte do centro de estudos&nbsp;de Direito Administrativo&nbsp;do IB\u00ca A judicializa\u00e7\u00e3o das contrata\u00e7\u00f5es p\u00fablicas tornou-se um dos maiores desafios da gest\u00e3o p\u00fablica brasileira. Este artigo analisa como decis\u00f5es administrativas bem fundamentadas [&hellip;]<\/p>\n","protected":false},"author":13,"featured_media":6381,"comment_status":"closed","ping_status":"closed","sticky":false,"template":"","format":"standard","meta":{"_acf_changed":false,"inline_featured_image":false,"_wpcom_ai_launchpad_first_post":false,"footnotes":"","jetpack_post_was_ever_published":false},"categories":[14,16],"tags":[31,726,25,30],"formato":[4],"autor":[659],"class_list":["post-6372","post","type-post","status-publish","format-standard","has-post-thumbnail","hentry","category-administracao-publica-e-direito-administrativo","category-licitacoes-e-contratos","tag-compras-publicas","tag-decisoes-administrativas","tag-gestao-publica","tag-licitacoes-e-contratos","formato-artigos","autor-sergio-lustosa"],"acf":[],"yoast_head":"<!-- This site is optimized with the Yoast SEO plugin v28.1 - https:\/\/yoast.com\/product\/yoast-seo-wordpress\/ -->\n<title>Decis\u00e3o administrativa e Governan\u00e7a: como a racionalidade\u00a0 institucional pode\u00a0 reduzir a judicializa\u00e7\u00e3o nas contrata\u00e7\u00f5es p\u00fablicas - Radar IB\u00ca<\/title>\n<meta name=\"description\" content=\"Nas contrata\u00e7\u00f5es p\u00fablicas, uma decis\u00e3o administrativa mais fundamentada e transparente pode prevenir conflitos e reduzir a judicializa\u00e7\u00e3o!\" \/>\n<meta name=\"robots\" content=\"index, follow, max-snippet:-1, max-image-preview:large, max-video-preview:-1\" \/>\n<link rel=\"canonical\" href=\"https:\/\/radar.ibegesp.org.br\/decisao-administrativa-e-governanca-como-a-racionalidade-institucional-pode-reduzir-a-judicializacao-nas-contratacoes-publicas\/\" \/>\n<meta property=\"og:locale\" content=\"pt_BR\" \/>\n<meta property=\"og:type\" content=\"article\" \/>\n<meta property=\"og:title\" content=\"Decis\u00e3o administrativa e Governan\u00e7a: como a racionalidade\u00a0 institucional pode\u00a0 reduzir a judicializa\u00e7\u00e3o nas contrata\u00e7\u00f5es p\u00fablicas - Radar IB\u00ca\" \/>\n<meta property=\"og:description\" content=\"Nas contrata\u00e7\u00f5es p\u00fablicas, uma decis\u00e3o administrativa mais fundamentada e transparente pode prevenir conflitos e reduzir a judicializa\u00e7\u00e3o!\" \/>\n<meta property=\"og:url\" content=\"https:\/\/radar.ibegesp.org.br\/decisao-administrativa-e-governanca-como-a-racionalidade-institucional-pode-reduzir-a-judicializacao-nas-contratacoes-publicas\/\" \/>\n<meta property=\"og:site_name\" content=\"Radar IB\u00ca\" \/>\n<meta property=\"article:published_time\" content=\"2026-09-03T18:00:00+00:00\" \/>\n<meta property=\"og:image\" content=\"https:\/\/radar.ibegesp.org.br\/wp-content\/uploads\/2026\/09\/Banner-Sergio.png\" \/>\n\t<meta property=\"og:image:width\" content=\"1920\" \/>\n\t<meta property=\"og:image:height\" content=\"1080\" \/>\n\t<meta property=\"og:image:type\" content=\"image\/png\" \/>\n<meta name=\"author\" content=\"Giulia Izabella Alcaino Jacob\" \/>\n<meta name=\"twitter:card\" content=\"summary_large_image\" \/>\n<meta name=\"twitter:label1\" content=\"Escrito por\" \/>\n\t<meta name=\"twitter:data1\" content=\"Giulia Izabella Alcaino Jacob\" \/>\n\t<meta name=\"twitter:label2\" content=\"Est. tempo de leitura\" \/>\n\t<meta name=\"twitter:data2\" content=\"6 minutos\" \/>\n<script type=\"application\/ld+json\" class=\"yoast-schema-graph\">{\"@context\":\"https:\\\/\\\/schema.org\",\"@graph\":[{\"@type\":\"Article\",\"@id\":\"https:\\\/\\\/radar.ibegesp.org.br\\\/decisao-administrativa-e-governanca-como-a-racionalidade-institucional-pode-reduzir-a-judicializacao-nas-contratacoes-publicas\\\/#article\",\"isPartOf\":{\"@id\":\"https:\\\/\\\/radar.ibegesp.org.br\\\/decisao-administrativa-e-governanca-como-a-racionalidade-institucional-pode-reduzir-a-judicializacao-nas-contratacoes-publicas\\\/\"},\"author\":{\"name\":\"Giulia Izabella Alcaino Jacob\",\"@id\":\"https:\\\/\\\/radar.ibegesp.org.br\\\/#\\\/schema\\\/person\\\/a80717364eba4257dec1d01c7fa4a87a\"},\"headline\":\"Decis\u00e3o administrativa e Governan\u00e7a: como a racionalidade\u00a0 institucional pode\u00a0 reduzir a judicializa\u00e7\u00e3o nas contrata\u00e7\u00f5es p\u00fablicas\",\"datePublished\":\"2026-09-03T18:00:00+00:00\",\"mainEntityOfPage\":{\"@id\":\"https:\\\/\\\/radar.ibegesp.org.br\\\/decisao-administrativa-e-governanca-como-a-racionalidade-institucional-pode-reduzir-a-judicializacao-nas-contratacoes-publicas\\\/\"},\"wordCount\":1208,\"publisher\":{\"@id\":\"https:\\\/\\\/radar.ibegesp.org.br\\\/#organization\"},\"image\":{\"@id\":\"https:\\\/\\\/radar.ibegesp.org.br\\\/decisao-administrativa-e-governanca-como-a-racionalidade-institucional-pode-reduzir-a-judicializacao-nas-contratacoes-publicas\\\/#primaryimage\"},\"thumbnailUrl\":\"https:\\\/\\\/radar.ibegesp.org.br\\\/wp-content\\\/uploads\\\/2026\\\/09\\\/Banner-Sergio.png\",\"keywords\":[\"Compras P\u00fablicas\",\"Decis\u00f5es administrativas\",\"Gest\u00e3o P\u00fablica\",\"Licita\u00e7\u00f5es e Contratos\"],\"articleSection\":[\"Administra\u00e7\u00e3o P\u00fablica e Direito Administrativo\",\"Licita\u00e7\u00f5es e Contratos\"],\"inLanguage\":\"pt-BR\"},{\"@type\":\"WebPage\",\"@id\":\"https:\\\/\\\/radar.ibegesp.org.br\\\/decisao-administrativa-e-governanca-como-a-racionalidade-institucional-pode-reduzir-a-judicializacao-nas-contratacoes-publicas\\\/\",\"url\":\"https:\\\/\\\/radar.ibegesp.org.br\\\/decisao-administrativa-e-governanca-como-a-racionalidade-institucional-pode-reduzir-a-judicializacao-nas-contratacoes-publicas\\\/\",\"name\":\"Decis\u00e3o administrativa e Governan\u00e7a: como a racionalidade\u00a0 institucional pode\u00a0 reduzir a judicializa\u00e7\u00e3o nas contrata\u00e7\u00f5es p\u00fablicas - Radar IB\u00ca\",\"isPartOf\":{\"@id\":\"https:\\\/\\\/radar.ibegesp.org.br\\\/#website\"},\"primaryImageOfPage\":{\"@id\":\"https:\\\/\\\/radar.ibegesp.org.br\\\/decisao-administrativa-e-governanca-como-a-racionalidade-institucional-pode-reduzir-a-judicializacao-nas-contratacoes-publicas\\\/#primaryimage\"},\"image\":{\"@id\":\"https:\\\/\\\/radar.ibegesp.org.br\\\/decisao-administrativa-e-governanca-como-a-racionalidade-institucional-pode-reduzir-a-judicializacao-nas-contratacoes-publicas\\\/#primaryimage\"},\"thumbnailUrl\":\"https:\\\/\\\/radar.ibegesp.org.br\\\/wp-content\\\/uploads\\\/2026\\\/09\\\/Banner-Sergio.png\",\"datePublished\":\"2026-09-03T18:00:00+00:00\",\"description\":\"Nas contrata\u00e7\u00f5es p\u00fablicas, uma decis\u00e3o administrativa mais fundamentada e transparente pode prevenir conflitos e reduzir a judicializa\u00e7\u00e3o!\",\"breadcrumb\":{\"@id\":\"https:\\\/\\\/radar.ibegesp.org.br\\\/decisao-administrativa-e-governanca-como-a-racionalidade-institucional-pode-reduzir-a-judicializacao-nas-contratacoes-publicas\\\/#breadcrumb\"},\"inLanguage\":\"pt-BR\",\"potentialAction\":[{\"@type\":\"ReadAction\",\"target\":[\"https:\\\/\\\/radar.ibegesp.org.br\\\/decisao-administrativa-e-governanca-como-a-racionalidade-institucional-pode-reduzir-a-judicializacao-nas-contratacoes-publicas\\\/\"]}]},{\"@type\":\"ImageObject\",\"inLanguage\":\"pt-BR\",\"@id\":\"https:\\\/\\\/radar.ibegesp.org.br\\\/decisao-administrativa-e-governanca-como-a-racionalidade-institucional-pode-reduzir-a-judicializacao-nas-contratacoes-publicas\\\/#primaryimage\",\"url\":\"https:\\\/\\\/radar.ibegesp.org.br\\\/wp-content\\\/uploads\\\/2026\\\/09\\\/Banner-Sergio.png\",\"contentUrl\":\"https:\\\/\\\/radar.ibegesp.org.br\\\/wp-content\\\/uploads\\\/2026\\\/09\\\/Banner-Sergio.png\",\"width\":1920,\"height\":1080},{\"@type\":\"BreadcrumbList\",\"@id\":\"https:\\\/\\\/radar.ibegesp.org.br\\\/decisao-administrativa-e-governanca-como-a-racionalidade-institucional-pode-reduzir-a-judicializacao-nas-contratacoes-publicas\\\/#breadcrumb\",\"itemListElement\":[{\"@type\":\"ListItem\",\"position\":1,\"name\":\"Home\",\"item\":\"https:\\\/\\\/radar.ibegesp.org.br\\\/\"},{\"@type\":\"ListItem\",\"position\":2,\"name\":\"Decis\u00e3o administrativa e Governan\u00e7a: como a racionalidade\u00a0 institucional pode\u00a0 reduzir a judicializa\u00e7\u00e3o nas contrata\u00e7\u00f5es p\u00fablicas\"}]},{\"@type\":\"WebSite\",\"@id\":\"https:\\\/\\\/radar.ibegesp.org.br\\\/#website\",\"url\":\"https:\\\/\\\/radar.ibegesp.org.br\\\/\",\"name\":\"Radar IB\u00ca\",\"description\":\"Contribu\u00edmos para uma gest\u00e3o p\u00fablica mais eficaz e transparente\",\"publisher\":{\"@id\":\"https:\\\/\\\/radar.ibegesp.org.br\\\/#organization\"},\"potentialAction\":[{\"@type\":\"SearchAction\",\"target\":{\"@type\":\"EntryPoint\",\"urlTemplate\":\"https:\\\/\\\/radar.ibegesp.org.br\\\/?s={search_term_string}\"},\"query-input\":{\"@type\":\"PropertyValueSpecification\",\"valueRequired\":true,\"valueName\":\"search_term_string\"}}],\"inLanguage\":\"pt-BR\"},{\"@type\":\"Organization\",\"@id\":\"https:\\\/\\\/radar.ibegesp.org.br\\\/#organization\",\"name\":\"Radar IB\u00ca\",\"url\":\"https:\\\/\\\/radar.ibegesp.org.br\\\/\",\"logo\":{\"@type\":\"ImageObject\",\"inLanguage\":\"pt-BR\",\"@id\":\"https:\\\/\\\/radar.ibegesp.org.br\\\/#\\\/schema\\\/logo\\\/image\\\/\",\"url\":\"https:\\\/\\\/radar.ibegesp.org.br\\\/wp-content\\\/uploads\\\/2021\\\/08\\\/logo-header.svg\",\"contentUrl\":\"https:\\\/\\\/radar.ibegesp.org.br\\\/wp-content\\\/uploads\\\/2021\\\/08\\\/logo-header.svg\",\"width\":1,\"height\":1,\"caption\":\"Radar IB\u00ca\"},\"image\":{\"@id\":\"https:\\\/\\\/radar.ibegesp.org.br\\\/#\\\/schema\\\/logo\\\/image\\\/\"}},{\"@type\":\"Person\",\"@id\":\"https:\\\/\\\/radar.ibegesp.org.br\\\/#\\\/schema\\\/person\\\/a80717364eba4257dec1d01c7fa4a87a\",\"name\":\"Giulia Izabella Alcaino Jacob\",\"image\":{\"@type\":\"ImageObject\",\"inLanguage\":\"pt-BR\",\"@id\":\"https:\\\/\\\/secure.gravatar.com\\\/avatar\\\/643b90ec5a371a328f7024735cd40465620bac020ad294b7ffed7314753e9346?s=96&d=mm&r=g\",\"url\":\"https:\\\/\\\/secure.gravatar.com\\\/avatar\\\/643b90ec5a371a328f7024735cd40465620bac020ad294b7ffed7314753e9346?s=96&d=mm&r=g\",\"contentUrl\":\"https:\\\/\\\/secure.gravatar.com\\\/avatar\\\/643b90ec5a371a328f7024735cd40465620bac020ad294b7ffed7314753e9346?s=96&d=mm&r=g\",\"caption\":\"Giulia Izabella Alcaino Jacob\"},\"url\":\"https:\\\/\\\/radar.ibegesp.org.br\\\/author\\\/giuliaj\\\/\"}]}<\/script>\n<!-- \/ Yoast SEO plugin. -->","yoast_head_json":{"title":"Decis\u00e3o administrativa e Governan\u00e7a: como a racionalidade\u00a0 institucional pode\u00a0 reduzir a judicializa\u00e7\u00e3o nas contrata\u00e7\u00f5es p\u00fablicas - Radar IB\u00ca","description":"Nas contrata\u00e7\u00f5es p\u00fablicas, uma decis\u00e3o administrativa mais fundamentada e transparente pode prevenir conflitos e reduzir a judicializa\u00e7\u00e3o!","robots":{"index":"index","follow":"follow","max-snippet":"max-snippet:-1","max-image-preview":"max-image-preview:large","max-video-preview":"max-video-preview:-1"},"canonical":"https:\/\/radar.ibegesp.org.br\/decisao-administrativa-e-governanca-como-a-racionalidade-institucional-pode-reduzir-a-judicializacao-nas-contratacoes-publicas\/","og_locale":"pt_BR","og_type":"article","og_title":"Decis\u00e3o administrativa e Governan\u00e7a: como a racionalidade\u00a0 institucional pode\u00a0 reduzir a judicializa\u00e7\u00e3o nas contrata\u00e7\u00f5es p\u00fablicas - Radar IB\u00ca","og_description":"Nas contrata\u00e7\u00f5es p\u00fablicas, uma decis\u00e3o administrativa mais fundamentada e transparente pode prevenir conflitos e reduzir a judicializa\u00e7\u00e3o!","og_url":"https:\/\/radar.ibegesp.org.br\/decisao-administrativa-e-governanca-como-a-racionalidade-institucional-pode-reduzir-a-judicializacao-nas-contratacoes-publicas\/","og_site_name":"Radar IB\u00ca","article_published_time":"2026-09-03T18:00:00+00:00","og_image":[{"width":1920,"height":1080,"url":"https:\/\/radar.ibegesp.org.br\/wp-content\/uploads\/2026\/09\/Banner-Sergio.png","type":"image\/png"}],"author":"Giulia Izabella Alcaino Jacob","twitter_card":"summary_large_image","twitter_misc":{"Escrito por":"Giulia Izabella Alcaino Jacob","Est. tempo de leitura":"6 minutos"},"schema":{"@context":"https:\/\/schema.org","@graph":[{"@type":"Article","@id":"https:\/\/radar.ibegesp.org.br\/decisao-administrativa-e-governanca-como-a-racionalidade-institucional-pode-reduzir-a-judicializacao-nas-contratacoes-publicas\/#article","isPartOf":{"@id":"https:\/\/radar.ibegesp.org.br\/decisao-administrativa-e-governanca-como-a-racionalidade-institucional-pode-reduzir-a-judicializacao-nas-contratacoes-publicas\/"},"author":{"name":"Giulia Izabella Alcaino Jacob","@id":"https:\/\/radar.ibegesp.org.br\/#\/schema\/person\/a80717364eba4257dec1d01c7fa4a87a"},"headline":"Decis\u00e3o administrativa e Governan\u00e7a: como a racionalidade\u00a0 institucional pode\u00a0 reduzir a judicializa\u00e7\u00e3o nas contrata\u00e7\u00f5es p\u00fablicas","datePublished":"2026-09-03T18:00:00+00:00","mainEntityOfPage":{"@id":"https:\/\/radar.ibegesp.org.br\/decisao-administrativa-e-governanca-como-a-racionalidade-institucional-pode-reduzir-a-judicializacao-nas-contratacoes-publicas\/"},"wordCount":1208,"publisher":{"@id":"https:\/\/radar.ibegesp.org.br\/#organization"},"image":{"@id":"https:\/\/radar.ibegesp.org.br\/decisao-administrativa-e-governanca-como-a-racionalidade-institucional-pode-reduzir-a-judicializacao-nas-contratacoes-publicas\/#primaryimage"},"thumbnailUrl":"https:\/\/radar.ibegesp.org.br\/wp-content\/uploads\/2026\/09\/Banner-Sergio.png","keywords":["Compras P\u00fablicas","Decis\u00f5es administrativas","Gest\u00e3o P\u00fablica","Licita\u00e7\u00f5es e Contratos"],"articleSection":["Administra\u00e7\u00e3o P\u00fablica e Direito Administrativo","Licita\u00e7\u00f5es e Contratos"],"inLanguage":"pt-BR"},{"@type":"WebPage","@id":"https:\/\/radar.ibegesp.org.br\/decisao-administrativa-e-governanca-como-a-racionalidade-institucional-pode-reduzir-a-judicializacao-nas-contratacoes-publicas\/","url":"https:\/\/radar.ibegesp.org.br\/decisao-administrativa-e-governanca-como-a-racionalidade-institucional-pode-reduzir-a-judicializacao-nas-contratacoes-publicas\/","name":"Decis\u00e3o administrativa e Governan\u00e7a: como a racionalidade\u00a0 institucional pode\u00a0 reduzir a judicializa\u00e7\u00e3o nas contrata\u00e7\u00f5es p\u00fablicas - Radar IB\u00ca","isPartOf":{"@id":"https:\/\/radar.ibegesp.org.br\/#website"},"primaryImageOfPage":{"@id":"https:\/\/radar.ibegesp.org.br\/decisao-administrativa-e-governanca-como-a-racionalidade-institucional-pode-reduzir-a-judicializacao-nas-contratacoes-publicas\/#primaryimage"},"image":{"@id":"https:\/\/radar.ibegesp.org.br\/decisao-administrativa-e-governanca-como-a-racionalidade-institucional-pode-reduzir-a-judicializacao-nas-contratacoes-publicas\/#primaryimage"},"thumbnailUrl":"https:\/\/radar.ibegesp.org.br\/wp-content\/uploads\/2026\/09\/Banner-Sergio.png","datePublished":"2026-09-03T18:00:00+00:00","description":"Nas contrata\u00e7\u00f5es p\u00fablicas, uma decis\u00e3o administrativa mais fundamentada e transparente pode prevenir conflitos e reduzir a judicializa\u00e7\u00e3o!","breadcrumb":{"@id":"https:\/\/radar.ibegesp.org.br\/decisao-administrativa-e-governanca-como-a-racionalidade-institucional-pode-reduzir-a-judicializacao-nas-contratacoes-publicas\/#breadcrumb"},"inLanguage":"pt-BR","potentialAction":[{"@type":"ReadAction","target":["https:\/\/radar.ibegesp.org.br\/decisao-administrativa-e-governanca-como-a-racionalidade-institucional-pode-reduzir-a-judicializacao-nas-contratacoes-publicas\/"]}]},{"@type":"ImageObject","inLanguage":"pt-BR","@id":"https:\/\/radar.ibegesp.org.br\/decisao-administrativa-e-governanca-como-a-racionalidade-institucional-pode-reduzir-a-judicializacao-nas-contratacoes-publicas\/#primaryimage","url":"https:\/\/radar.ibegesp.org.br\/wp-content\/uploads\/2026\/09\/Banner-Sergio.png","contentUrl":"https:\/\/radar.ibegesp.org.br\/wp-content\/uploads\/2026\/09\/Banner-Sergio.png","width":1920,"height":1080},{"@type":"BreadcrumbList","@id":"https:\/\/radar.ibegesp.org.br\/decisao-administrativa-e-governanca-como-a-racionalidade-institucional-pode-reduzir-a-judicializacao-nas-contratacoes-publicas\/#breadcrumb","itemListElement":[{"@type":"ListItem","position":1,"name":"Home","item":"https:\/\/radar.ibegesp.org.br\/"},{"@type":"ListItem","position":2,"name":"Decis\u00e3o administrativa e Governan\u00e7a: como a racionalidade\u00a0 institucional pode\u00a0 reduzir a judicializa\u00e7\u00e3o nas contrata\u00e7\u00f5es p\u00fablicas"}]},{"@type":"WebSite","@id":"https:\/\/radar.ibegesp.org.br\/#website","url":"https:\/\/radar.ibegesp.org.br\/","name":"Radar IB\u00ca","description":"Contribu\u00edmos para uma gest\u00e3o p\u00fablica mais eficaz e transparente","publisher":{"@id":"https:\/\/radar.ibegesp.org.br\/#organization"},"potentialAction":[{"@type":"SearchAction","target":{"@type":"EntryPoint","urlTemplate":"https:\/\/radar.ibegesp.org.br\/?s={search_term_string}"},"query-input":{"@type":"PropertyValueSpecification","valueRequired":true,"valueName":"search_term_string"}}],"inLanguage":"pt-BR"},{"@type":"Organization","@id":"https:\/\/radar.ibegesp.org.br\/#organization","name":"Radar IB\u00ca","url":"https:\/\/radar.ibegesp.org.br\/","logo":{"@type":"ImageObject","inLanguage":"pt-BR","@id":"https:\/\/radar.ibegesp.org.br\/#\/schema\/logo\/image\/","url":"https:\/\/radar.ibegesp.org.br\/wp-content\/uploads\/2021\/08\/logo-header.svg","contentUrl":"https:\/\/radar.ibegesp.org.br\/wp-content\/uploads\/2021\/08\/logo-header.svg","width":1,"height":1,"caption":"Radar IB\u00ca"},"image":{"@id":"https:\/\/radar.ibegesp.org.br\/#\/schema\/logo\/image\/"}},{"@type":"Person","@id":"https:\/\/radar.ibegesp.org.br\/#\/schema\/person\/a80717364eba4257dec1d01c7fa4a87a","name":"Giulia Izabella Alcaino Jacob","image":{"@type":"ImageObject","inLanguage":"pt-BR","@id":"https:\/\/secure.gravatar.com\/avatar\/643b90ec5a371a328f7024735cd40465620bac020ad294b7ffed7314753e9346?s=96&d=mm&r=g","url":"https:\/\/secure.gravatar.com\/avatar\/643b90ec5a371a328f7024735cd40465620bac020ad294b7ffed7314753e9346?s=96&d=mm&r=g","contentUrl":"https:\/\/secure.gravatar.com\/avatar\/643b90ec5a371a328f7024735cd40465620bac020ad294b7ffed7314753e9346?s=96&d=mm&r=g","caption":"Giulia Izabella Alcaino Jacob"},"url":"https:\/\/radar.ibegesp.org.br\/author\/giuliaj\/"}]}},"jetpack_featured_media_url":"https:\/\/radar.ibegesp.org.br\/wp-content\/uploads\/2026\/09\/Banner-Sergio.png","_links":{"self":[{"href":"https:\/\/radar.ibegesp.org.br\/api\/wp\/v2\/posts\/6372","targetHints":{"allow":["GET"]}}],"collection":[{"href":"https:\/\/radar.ibegesp.org.br\/api\/wp\/v2\/posts"}],"about":[{"href":"https:\/\/radar.ibegesp.org.br\/api\/wp\/v2\/types\/post"}],"author":[{"embeddable":true,"href":"https:\/\/radar.ibegesp.org.br\/api\/wp\/v2\/users\/13"}],"replies":[{"embeddable":true,"href":"https:\/\/radar.ibegesp.org.br\/api\/wp\/v2\/comments?post=6372"}],"version-history":[{"count":9,"href":"https:\/\/radar.ibegesp.org.br\/api\/wp\/v2\/posts\/6372\/revisions"}],"predecessor-version":[{"id":6382,"href":"https:\/\/radar.ibegesp.org.br\/api\/wp\/v2\/posts\/6372\/revisions\/6382"}],"wp:featuredmedia":[{"embeddable":true,"href":"https:\/\/radar.ibegesp.org.br\/api\/wp\/v2\/media\/6381"}],"wp:attachment":[{"href":"https:\/\/radar.ibegesp.org.br\/api\/wp\/v2\/media?parent=6372"}],"wp:term":[{"taxonomy":"category","embeddable":true,"href":"https:\/\/radar.ibegesp.org.br\/api\/wp\/v2\/categories?post=6372"},{"taxonomy":"post_tag","embeddable":true,"href":"https:\/\/radar.ibegesp.org.br\/api\/wp\/v2\/tags?post=6372"},{"taxonomy":"formato","embeddable":true,"href":"https:\/\/radar.ibegesp.org.br\/api\/wp\/v2\/formato?post=6372"},{"taxonomy":"autor","embeddable":true,"href":"https:\/\/radar.ibegesp.org.br\/api\/wp\/v2\/autor?post=6372"}],"curies":[{"name":"wp","href":"https:\/\/api.w.org\/{rel}","templated":true}]}}